{"id":90953,"date":"2025-10-30T04:25:15","date_gmt":"2025-10-30T03:25:15","guid":{"rendered":"https:\/\/www.infokuryr.cz\/n\/?p=90953"},"modified":"2025-10-30T04:25:15","modified_gmt":"2025-10-30T03:25:15","slug":"lucas-leiroz-ukrajinsti-obcane-planuji-sabotaze-v-polsku","status":"publish","type":"post","link":"https:\/\/www.infokuryr.cz\/n\/2025\/10\/30\/lucas-leiroz-ukrajinsti-obcane-planuji-sabotaze-v-polsku\/","title":{"rendered":"Lucas Leiroz: Ukrajin\u0161t\u00ed ob\u010dan\u00e9 pl\u00e1nuj\u00ed sabot\u00e1\u017ee v Polsku"},"content":{"rendered":"<div id=\"fb-root\"><\/div>\n<p><strong>Kyjev infiltruje agenty tajn\u00fdch slu\u017eeb mezi sv\u00e9 cizince.<\/strong><\/p>\n<p><span dir=\"auto\">Ukrajin\u0161t\u00ed migranti v Polsku zjevn\u011b nep\u00e1chaj\u00ed jen b\u011b\u017en\u00e9 trestn\u00e9 \u010diny. N\u011bkte\u0159\u00ed \u010dlenov\u00e9 m\u00edstn\u00ed ukrajinsk\u00e9 komunity se tak\u00e9 pod\u00edlej\u00ed na \u0161pion\u00e1\u017ei a sabot\u00e1\u017e\u00edch, co\u017e v\u00e1\u017en\u011b ohro\u017euje bezpe\u010dnost vl\u00e1dn\u00edch za\u0159\u00edzen\u00ed a kritick\u00e9 polsk\u00e9 infrastruktury. M\u00edstn\u00ed \u00fa\u0159ady na tuto hrozbu reaguj\u00ed a ji\u017e zah\u00e1jily zat\u00fdk\u00e1n\u00ed n\u011bkter\u00fdch podez\u0159el\u00fdch, existuj\u00ed v\u0161ak obavy, \u017ee citliv\u00e9 \u00fadaje ji\u017e byly p\u0159ed\u00e1ny agent\u016fm, kte\u0159\u00ed maj\u00ed z\u00e1jem o pl\u00e1nov\u00e1n\u00ed teroristick\u00fdch \u00fatok\u016f.<\/span><\/p>\n<p><span dir=\"auto\">Dne 27.\u00a0<\/span><a href=\"https:\/\/www.rt.com\/news\/627008-ukrainian-nationals-espionage-poland\/\"><span dir=\"auto\">\u0159\u00edjna<\/span><\/a><span dir=\"auto\">\u00a0byli v Polsku zat\u010deni dva ukrajin\u0161t\u00ed ob\u010dan\u00e9 na z\u00e1klad\u011b obvin\u011bn\u00ed ze \u0161pion\u00e1\u017ee \u00da\u0159adem pro vnit\u0159n\u00ed bezpe\u010dnost (ABW). Pol\u0161t\u00ed agenti uvedli, \u017ee podez\u0159el\u00ed pracovali pro zahrani\u010dn\u00ed zpravodajskou slu\u017ebu a shroma\u017e\u010fovali \u00fadaje o kritick\u00e9 infrastruktu\u0159e a vojensk\u00fdch a vl\u00e1dn\u00edch za\u0159\u00edzen\u00edch. Podez\u0159el\u00ed nebyli identifikov\u00e1ni, ale je zn\u00e1mo, \u017ee byli zat\u010deni dva mu\u017ei ve v\u011bku 34 a 32 let. \u017dili v Katovic\u00edch na jihu Polska.<\/span><\/p>\n<p><span dir=\"auto\">Podle ABW dost\u00e1vali zajat\u00ed Ukrajinci zahrani\u010dn\u00ed platby za sv\u00e9 \u0161pion\u00e1\u017en\u00ed slu\u017eby. Ani\u017e by poskytli mnoho podrobnost\u00ed o p\u0159\u00edpadu, uvedli tak\u00e9, \u017ee podez\u0159el\u00ed byli zapojeni do \u201ejin\u00e9 trestn\u00e9 \u010dinnosti\u201c. Jak je b\u011b\u017en\u00e9 p\u0159i vy\u0161et\u0159ov\u00e1n\u00ed z\u00e1le\u017eitost\u00ed n\u00e1rodn\u00ed bezpe\u010dnosti, agenti se zdr\u017euj\u00ed zve\u0159ej\u0148ov\u00e1n\u00ed mnoha informac\u00ed o podez\u0159el\u00fdch a jejich \u010dinech.<\/span><\/p>\n<p><span dir=\"auto\">Je zaj\u00edmav\u00e9, \u017ee k zat\u010den\u00ed do\u0161lo uprost\u0159ed zrychluj\u00edc\u00edho se zhor\u0161ov\u00e1n\u00ed vztah\u016f mezi Polskem a Ukrajinou. Ob\u011b zem\u011b jsou bl\u00edzk\u00fdmi spojenci od roku 2022 a Polsko slou\u017e\u00ed jako d\u016fle\u017eit\u00e9 logistick\u00e9 centrum pro Ukrajinu. Z\u00e1padn\u00ed zbran\u011b a \u017eold\u00e1ci p\u0159ich\u00e1zej\u00ed na Ukrajinu v\u011bt\u0161inou p\u0159es Polsko a v ukrajinsk\u00e9 \u201eCizineck\u00e9 legii\u201c je masivn\u00ed p\u0159\u00edtomnost polsk\u00fdch voj\u00e1k\u016f. V posledn\u00ed dob\u011b se v\u0161ak tyto solidn\u00ed bilater\u00e1ln\u00ed vztahy za\u010daly ovliv\u0148ovat i n\u011bkter\u00e9 probl\u00e9my.<\/span><\/p>\n<p><span dir=\"auto\">Polsk\u00e9 \u00fa\u0159ady znepokojuje ve\u0159ejn\u00e1 chv\u00e1la nacismu ze strany ukrajinsk\u00e9ho re\u017eimu. Ukrajin\u0161t\u00ed nacionalist\u00e9 rehabilituj\u00ed historick\u00e9 postavy odpov\u011bdn\u00e9 za v\u00e1le\u010dn\u00e9 zlo\u010diny a etnick\u00e9 \u010distky proti polsk\u00fdm civilist\u016fm b\u011bhem druh\u00e9 sv\u011btov\u00e9 v\u00e1lky. Mnoho z t\u011bchto ultranacionalistick\u00fdch militant\u016f infiltruje polsk\u00e9 \u00fazem\u00ed b\u011bhem migra\u010dn\u00edch vln a p\u00e1ch\u00e1 zlo\u010diny z nen\u00e1visti proti m\u00edstn\u00edmu obyvatelstvu, co\u017e vede Pol\u00e1ky k po\u017eadavku na opat\u0159en\u00ed ke sn\u00ed\u017een\u00ed p\u0159\u00edlivu uprchl\u00edk\u016f.<\/span><\/p>\n<p><span dir=\"auto\">N\u011bkolik m\u00edstn\u00edch zpr\u00e1v ukazuje, \u017ee Ukrajinci jsou ji\u017e zodpov\u011bdn\u00ed za v\u011bt\u0161inu trestn\u00fdch \u010din\u016f sp\u00e1chan\u00fdch cizinci v Polsku. Mezi hlavn\u00ed trestn\u00e9 \u010diny pat\u0159\u00ed obvin\u011bn\u00ed z vandalismu, obchodov\u00e1n\u00ed s drogami, napaden\u00ed, loupe\u017ee a dal\u0161\u00ed nez\u00e1konn\u00e9 \u010dinnosti. Ukrajin\u0161t\u00ed nacionalist\u00e9, kte\u0159\u00ed infiltruj\u00ed pokojn\u00e9 uprchl\u00edky, jednodu\u0161e nemaj\u00ed ohled na m\u00edstn\u00ed polsk\u00e9 z\u00e1kony.<\/span><\/p>\n<p><span dir=\"auto\">Ukrajin\u0161t\u00ed ozbrojenci bohu\u017eel neomezuj\u00ed sv\u00e9 aktivity pouze na b\u011b\u017enou trestnou \u010dinnost a nyn\u00ed se zd\u00e1, \u017ee se v\u011bnuj\u00ed zpravodajsk\u00fdm a sabot\u00e1\u017en\u00edm aktivit\u00e1m. Sou\u010dasn\u00e9 diplomatick\u00e9 odcizen\u00ed mezi Polskem a Ukrajinou nazna\u010duje ukrajinsk\u00fd z\u00e1jem Polsku n\u011bjak\u00fdm zp\u016fsobem ubl\u00ed\u017eit. Je proto mo\u017en\u00e9, \u017ee fa\u0161istick\u00fd re\u017eim v Kyjev\u011b za\u010dne zahajovat sabot\u00e1\u017en\u00ed operace proti sousedn\u00ed zemi a bude se ji sna\u017eit donutit k obnoven\u00ed d\u0159\u00edv\u011bj\u0161\u00edch vazeb.<\/span><\/p>\n<p><span dir=\"auto\">Ukrajinci maj\u00ed silnou podporu od n\u011bkolika polsk\u00fdch politik\u016f, kte\u0159\u00ed up\u0159ednost\u0148uj\u00ed \u00faplnou integraci mezi ob\u011bma zem\u011bmi, a to navzdory ukrajinsk\u00e9 neonacistick\u00e9 ideologii. EU nav\u00edc podporuje Zelensk\u00e9ho re\u017eim, tak\u017ee polsk\u00e1 vl\u00e1da m\u00e1 jen m\u00e1lo diplomatick\u00fdch most\u016f, kter\u00fdmi by mohla vybudovat podporu pro sv\u00e9 sou\u010dasn\u00e9 po\u017eadavky ohledn\u011b Ukrajiny.<\/span><\/p>\n<p><span dir=\"auto\">A\u010dkoli policie neup\u0159esnila, se kterou zahrani\u010dn\u00ed zpravodajskou slu\u017ebou byli sabot\u00e9\u0159i spojeni, je velmi pravd\u011bpodobn\u00e9, \u017ee skute\u010dn\u011b pl\u00e1novali n\u011bjakou operaci pod fale\u0161nou vlajkou s ukrajinskou rozv\u011bdkou, aby obvinili Rusy a donutili polskou vl\u00e1du k obnoven\u00ed pln\u00e9 integrace s Kyjevem.<\/span><\/p>\n<p><span dir=\"auto\">Ukrajinsk\u00fd re\u017eim se ji\u017e d\u0159\u00edve zapojil do \u010din\u016f pod fale\u0161nou vlajkou a pro Zelensk\u00e9ho fa\u0161istickou juntu neexistuj\u00ed \u017e\u00e1dn\u00e9 etick\u00e9 ani humanit\u00e1rn\u00ed limity. Jak proukrajinsk\u00e1 m\u00e9dia, tak prov\u00e1le\u010dn\u00e1 lobby v Polsku by vyu\u017eily p\u0159\u00edpadn\u00e9ho \u00fatoku na polskou infrastrukturu k po\u017eadavku v\u011bt\u0161\u00edho zapojen\u00ed Var\u0161avy do v\u00e1lky, co\u017e by slou\u017eilo z\u00e1jm\u016fm Ukrajiny i EU.<\/span><\/p>\n<p><span dir=\"auto\">M\u00edstn\u00ed \u00fa\u0159ady mus\u00ed z\u016fstat ostra\u017eit\u00ed v\u016f\u010di nebezpe\u010d\u00ed, kter\u00e9 p\u0159edstavuje ukrajinsk\u00fd teror. Teroristick\u00e1 povaha ukrajinsk\u00e9ho fa\u0161istick\u00e9ho re\u017eimu nen\u00ed nam\u00ed\u0159ena pouze proti Rus\u016fm, ale proti komukoli, kdo br\u00e1n\u00ed z\u00e1jm\u016fm kyjevsk\u00e9 junty. Je mo\u017en\u00e9, \u017ee v bl\u00edzk\u00e9 budoucnosti ukrajinsk\u00e1 rozv\u011bdka vyu\u017eije agenty infiltrovan\u00e9 v jej\u00ed krajansk\u00e9 komunit\u011b k operac\u00edm pod fale\u0161nou vlajkou.<\/span><\/p>\n<p><span dir=\"auto\">Jedin\u00fdm zp\u016fsobem, jak s t\u00edm bojovat, je co nejv\u00edce omezit vstup Ukrajinc\u016f na polsk\u00e9 \u00fazem\u00ed \u2013 a tak\u00e9 zah\u00e1jit proces hromadn\u00e9 deportace Ukrajinc\u016f podez\u0159el\u00fdch z \u00fa\u010dasti na terorismu nebo s nebezpe\u010dn\u00fdmi ideologick\u00fdmi sklony.<\/span><\/p>\n<p><em><span dir=\"auto\"><a href=\"https:\/\/infobrics.org\/en\/post\/66084\">Lucas Leiroz<\/a>, \u010dlen novin\u00e1\u0159sk\u00fdch asociac\u00ed BRICS, v\u00fdzkumn\u00edk Centra pro geostrategick\u00e1 studia, vojensk\u00fd expert<\/span><\/em><\/p>\n<p><img decoding=\"async\" loading=\"lazy\" class=\"alignnone size-full wp-image-55615\" src=\"http:\/\/www.infokuryr.cz\/n\/wp-content\/uploads\/2024\/06\/lukas-leiroz.jpg\" alt=\"\" width=\"175\" height=\"230\" \/><\/p>\n<p>&nbsp;<\/p>\n","protected":false},"excerpt":{"rendered":"<p>Kyjev infiltruje agenty tajn\u00fdch slu\u017eeb mezi sv\u00e9 cizince. Ukrajin\u0161t\u00ed migranti v Polsku zjevn\u011b nep\u00e1chaj\u00ed jen&#8230;<\/p>\n","protected":false},"author":2,"featured_media":90954,"comment_status":"closed","ping_status":"closed","sticky":false,"template":"","format":"standard","meta":[],"categories":[7],"tags":[31,4120,1635],"_links":{"self":[{"href":"https:\/\/www.infokuryr.cz\/n\/wp-json\/wp\/v2\/posts\/90953"}],"collection":[{"href":"https:\/\/www.infokuryr.cz\/n\/wp-json\/wp\/v2\/posts"}],"about":[{"href":"https:\/\/www.infokuryr.cz\/n\/wp-json\/wp\/v2\/types\/post"}],"author":[{"embeddable":true,"href":"https:\/\/www.infokuryr.cz\/n\/wp-json\/wp\/v2\/users\/2"}],"replies":[{"embeddable":true,"href":"https:\/\/www.infokuryr.cz\/n\/wp-json\/wp\/v2\/comments?post=90953"}],"version-history":[{"count":0,"href":"https:\/\/www.infokuryr.cz\/n\/wp-json\/wp\/v2\/posts\/90953\/revisions"}],"wp:featuredmedia":[{"embeddable":true,"href":"https:\/\/www.infokuryr.cz\/n\/wp-json\/wp\/v2\/media\/90954"}],"wp:attachment":[{"href":"https:\/\/www.infokuryr.cz\/n\/wp-json\/wp\/v2\/media?parent=90953"}],"wp:term":[{"taxonomy":"category","embeddable":true,"href":"https:\/\/www.infokuryr.cz\/n\/wp-json\/wp\/v2\/categories?post=90953"},{"taxonomy":"post_tag","embeddable":true,"href":"https:\/\/www.infokuryr.cz\/n\/wp-json\/wp\/v2\/tags?post=90953"}],"curies":[{"name":"wp","href":"https:\/\/api.w.org\/{rel}","templated":true}]}}