{"id":90948,"date":"2025-10-30T00:22:17","date_gmt":"2025-10-29T23:22:17","guid":{"rendered":"https:\/\/www.infokuryr.cz\/n\/?p=90948"},"modified":"2025-10-29T14:17:15","modified_gmt":"2025-10-29T13:17:15","slug":"miroslav-kavij-pokrytec-jurecku-kdu-csl-apeluje-na-agenta-pavka","status":"publish","type":"post","link":"https:\/\/www.infokuryr.cz\/n\/2025\/10\/30\/miroslav-kavij-pokrytec-jurecku-kdu-csl-apeluje-na-agenta-pavka\/","title":{"rendered":"Miroslav Kavij: Pokrytec Jure\u010dku (KDU \u2013 \u010cSL) apeluje na agenta P\u00e1vka"},"content":{"rendered":"<div id=\"fb-root\"><\/div>\n<p>Lidoveck\u00fd traktorista Jure\u010dka v dob\u011b, kdy si p\u0159ipom\u00edn\u00e1me v\u00fdro\u010d\u00ed vzniku samostatn\u00e9ho \u010ceskoslovenska, apeluje na sou\u010dasn\u00e9ho hradn\u00edho p\u00e1na, agenta P\u00e1vka, aby zatla\u010dil na vznikaj\u00edc\u00ed kabinet Andreje Babi\u0161e, kter\u00fd chce zru\u0161it kroky v d\u016fchodech, kter\u00e9 prosadila kon\u010d\u00edc\u00ed asoci\u00e1ln\u00ed dozimetricko mafi\u00e1nsko ukrajinsk\u00e1 vl\u00e1da p\u011btikolky Petra Fialy (ODS).<\/p>\n<p>Na z\u00e1klad\u011b vlastn\u00edch propo\u010dt\u016f se Jure\u010dka, nejv\u00edce proslaven\u00fd \u00fa\u010dast\u00ed na bujar\u00e9m v\u00e1no\u010dn\u00edm ve\u010d\u00edrku ministerstva pr\u00e1ce a\u00a0soci\u00e1ln\u00edch v\u011bc\u00ed n\u011bkolik hodin pot\u00e9, kdy do\u0161lo k\u00a0tragick\u00e9 st\u0159elb\u011b na pra\u017esk\u00e9 filosofick\u00e9 fakult\u011b, sna\u017e\u00ed prezidenta varovat, \u017ee v\u00a0p\u0159\u00edpad\u011b proveden\u00fdch zm\u011bn zanech\u00e1 Babi\u0161ova vl\u00e1da tot\u00e1ln\u00ed pr\u016f\u0161vih po\u00a0roce 2032 n\u011bjak\u00e9 budouc\u00ed vl\u00e1d\u011b.<\/p>\n<p>Jure\u010dka je oby\u010dejn\u00fd lidoveck\u00fd pokrytec. Jinak by ve\u0159ejn\u011b p\u0159iznal, \u017ee tot\u00e1ln\u00ed pr\u016f\u0161vih zanechala za sebou vl\u00e1da ve kter\u00e9 p\u016fsobil tak\u00e9 on. Pr\u016f\u0161vih, maj\u00edc\u00ed vy\u010d\u00edslen\u00ed v\u00edce ne\u017e bilion korun \u010desk\u00fdch dluhu ob\u010dan\u016fm \u010desk\u00e9ho st\u00e1tu nasekan\u00fd za 4 roky vl\u00e1dnut\u00ed. K\u00a0tomu jako bonus trval\u00e9 okraden\u00ed senior\u016f na \u00fakor zbrojen\u00ed vyvolan\u00e9 v\u00e1le\u010dnou posedlost\u00ed proti Rusk\u00e9 federaci.<\/p>\n<p><em>Miroslav Kavij<\/em><\/p>\n<p>&nbsp;<\/p>\n","protected":false},"excerpt":{"rendered":"<p>Lidoveck\u00fd traktorista Jure\u010dka v dob\u011b, kdy si p\u0159ipom\u00edn\u00e1me v\u00fdro\u010d\u00ed vzniku samostatn\u00e9ho \u010ceskoslovenska, apeluje na sou\u010dasn\u00e9ho&#8230;<\/p>\n","protected":false},"author":2,"featured_media":90949,"comment_status":"closed","ping_status":"closed","sticky":false,"template":"","format":"standard","meta":[],"categories":[6],"tags":[1181,2301,1503,3989,99],"_links":{"self":[{"href":"https:\/\/www.infokuryr.cz\/n\/wp-json\/wp\/v2\/posts\/90948"}],"collection":[{"href":"https:\/\/www.infokuryr.cz\/n\/wp-json\/wp\/v2\/posts"}],"about":[{"href":"https:\/\/www.infokuryr.cz\/n\/wp-json\/wp\/v2\/types\/post"}],"author":[{"embeddable":true,"href":"https:\/\/www.infokuryr.cz\/n\/wp-json\/wp\/v2\/users\/2"}],"replies":[{"embeddable":true,"href":"https:\/\/www.infokuryr.cz\/n\/wp-json\/wp\/v2\/comments?post=90948"}],"version-history":[{"count":0,"href":"https:\/\/www.infokuryr.cz\/n\/wp-json\/wp\/v2\/posts\/90948\/revisions"}],"wp:featuredmedia":[{"embeddable":true,"href":"https:\/\/www.infokuryr.cz\/n\/wp-json\/wp\/v2\/media\/90949"}],"wp:attachment":[{"href":"https:\/\/www.infokuryr.cz\/n\/wp-json\/wp\/v2\/media?parent=90948"}],"wp:term":[{"taxonomy":"category","embeddable":true,"href":"https:\/\/www.infokuryr.cz\/n\/wp-json\/wp\/v2\/categories?post=90948"},{"taxonomy":"post_tag","embeddable":true,"href":"https:\/\/www.infokuryr.cz\/n\/wp-json\/wp\/v2\/tags?post=90948"}],"curies":[{"name":"wp","href":"https:\/\/api.w.org\/{rel}","templated":true}]}}