{"id":90929,"date":"2025-10-30T00:21:28","date_gmt":"2025-10-29T23:21:28","guid":{"rendered":"https:\/\/www.infokuryr.cz\/n\/?p=90929"},"modified":"2025-10-29T13:47:30","modified_gmt":"2025-10-29T12:47:30","slug":"objevilo-se-video-generalni-reditel-spolecnosti-palantir-karp-potvrzuje-skryty-vliv-v-politice","status":"publish","type":"post","link":"https:\/\/www.infokuryr.cz\/n\/2025\/10\/30\/objevilo-se-video-generalni-reditel-spolecnosti-palantir-karp-potvrzuje-skryty-vliv-v-politice\/","title":{"rendered":"Objevilo se video: Gener\u00e1ln\u00ed \u0159editel spole\u010dnosti Palantir Karp potvrzuje skryt\u00fd vliv v politice"},"content":{"rendered":"<div id=\"fb-root\"><\/div>\n<p><span dir=\"auto\">\u201eZastavili jsme vzestup pravice\u201c \u2013 prohl\u00e1\u0161en\u00ed z Davosu vyvol\u00e1vaj\u00ed ot\u00e1zky ohledn\u011b politick\u00e9 role datov\u00e9 spole\u010dnosti. Alex Karp, Palantir a neviditeln\u00e1 ruka digit\u00e1ln\u00ed kontroly.<\/span><\/p>\n<h3 class=\"wp-block-heading\"><strong><span dir=\"auto\">Mu\u017e bez mand\u00e1tu<\/span><\/strong><\/h3>\n<p><span dir=\"auto\">Alex Karp nen\u00ed zvolen\u00fdm politikem. P\u0159esto mluv\u00ed, jako by m\u011bl mand\u00e1t rozhodovat o budoucnosti demokraci\u00ed.<\/span><br \/>\n<span dir=\"auto\">Jako gener\u00e1ln\u00ed \u0159editel spole\u010dnosti\u00a0<\/span><strong><span dir=\"auto\">Palantir Technologies<\/span><\/strong><span dir=\"auto\">\u00a0, datov\u00e9 spole\u010dnosti s \u00fazk\u00fdmi vazbami na z\u00e1padn\u00ed zpravodajsk\u00e9 slu\u017eby, Karp otev\u0159en\u011b hovo\u0159\u00ed o \u201e\u0159\u00edzen\u00ed\u201c politick\u00e9ho v\u00fdvoje a \u201edefinov\u00e1n\u00ed trh\u016f\u201c.<\/span><\/p>\n<p><span dir=\"auto\">Na\u00a0<\/span><strong><span dir=\"auto\">Sv\u011btov\u00e9m ekonomick\u00e9m f\u00f3ru v Davosu v roce 2023<\/span><\/strong><span dir=\"auto\">\u00a0se chlubil, \u017ee jeho spole\u010dnost \u201ezastavila vzestup pravice v Evrop\u011b\u201c, \u201ezachr\u00e1nila miliony \u017eivot\u016f distribuc\u00ed vakc\u00edn\u201c a vybudovala \u201edigit\u00e1ln\u00ed \u0159et\u011bzec zab\u00edjen\u00ed\u201c \u2013 vojensk\u00fd syst\u00e9m pro zachycen\u00ed c\u00edl\u016f v re\u00e1ln\u00e9m \u010dase.<\/span><\/p>\n<p><span dir=\"auto\">\u017d\u00e1dn\u00fd parlament ho k tomu nepov\u011b\u0159il. \u017d\u00e1dn\u00fd soud nekontroluje jeho metody.<\/span><br \/>\n<span dir=\"auto\">P\u0159esto jeho software ur\u010duje, kdo definuje c\u00edle ve v\u00e1lce, kdo dost\u00e1v\u00e1 z\u00e1soby v kriz\u00edch \u2013 a k jak\u00fdm dat\u016fm maj\u00ed vl\u00e1dy v\u016fbec p\u0159\u00edstup, aby mohly \u010dinit rozhodnut\u00ed.<\/span><\/p>\n<p><span dir=\"auto\">P\u0159ejd\u011bte p\u0159\u00edmo k videu\u00a0<\/span><a href=\"https:\/\/www.bitchute.com\/video\/KNHn1NizRfQR\" target=\"_blank\" rel=\"noreferrer noopener\" data-type=\"link\" data-id=\"https:\/\/www.bitchute.com\/video\/KNHn1NizRfQR\"><span dir=\"auto\">s n\u011bmeck\u00fdmi titulky<\/span><\/a><span dir=\"auto\">\u00a0:<\/span><\/p>\n<p><iframe src=\"https:\/\/www.bitchute.com\/embed\/KNHn1NizRfQR\" frameborder=\"0\" scrolling=\"no\" allowfullscreen=\"allowfullscreen\" data-mce-fragment=\"1\"><\/iframe><\/p>\n<h3 class=\"wp-block-heading\"><strong><span dir=\"auto\">Tich\u00e1 s\u00edla za vl\u00e1dami<\/span><\/strong><\/h3>\n<p><span dir=\"auto\">Spole\u010dnost Palantir za\u010d\u00ednala jako projekt financovan\u00fd CIA. Dnes je spole\u010dnost partnerem mnoha z\u00e1padn\u00edch ministerstev, arm\u00e1d a zpravodajsk\u00fdch slu\u017eeb.<\/span><\/p>\n<p><strong><span dir=\"auto\">S programy jako\u00a0<\/span><em><span dir=\"auto\">Gotham<\/span><\/em><span dir=\"auto\">\u00a0a\u00a0<\/span><em><span dir=\"auto\">Foundry<\/span><\/em><span dir=\"auto\">\u00a0zpracov\u00e1v\u00e1 Palantir obrovsk\u00e9 mno\u017estv\u00ed citliv\u00fdch dat:<\/span><\/strong><br \/>\n<span dir=\"auto\">jedn\u00e1 se o vysoce komplexn\u00ed analytick\u00e9 platformy, kter\u00e9 byly p\u016fvodn\u011b vyvinuty pro zpravodajsk\u00e9 slu\u017eby a arm\u00e1du.<\/span><\/p>\n<ul>\n<li><strong><span dir=\"auto\">Gotham<\/span><\/strong><span dir=\"auto\">\u00a0vyu\u017e\u00edvaj\u00ed p\u0159edev\u0161\u00edm bezpe\u010dnostn\u00ed org\u00e1ny \u2013 propojuje data z policejn\u00edch, zpravodajsk\u00fdch a sledovac\u00edch zdroj\u016f za \u00fa\u010delem vytv\u00e1\u0159en\u00ed profil\u016f pohybu, s\u00edt\u00ed a anal\u00fdz rizik.<\/span><\/li>\n<li><strong><span dir=\"auto\">Foundry<\/span><\/strong><span dir=\"auto\">\u00a0je civiln\u00ed verze stejn\u00e9 technologie \u2013 propojuje ekonomick\u00e1, l\u00e9ka\u0159sk\u00e1 a logistick\u00e1 data. Nap\u0159\u00edklad b\u011bhem pandemie vl\u00e1dy pou\u017e\u00edvaly Foundry k \u0159\u00edzen\u00ed distribuce vakc\u00edn, nemocnic a dodavatelsk\u00fdch \u0159et\u011bzc\u016f.<\/span><\/li>\n<\/ul>\n<p><span dir=\"auto\">D\u00edky tomu m\u00e1 Palantir vhled do\u00a0<\/span><strong><span dir=\"auto\">kl\u00ed\u010dov\u00fdch spole\u010densk\u00fdch syst\u00e9m\u016f<\/span><\/strong><span dir=\"auto\">\u00a0\u2013 od migra\u010dn\u00edch tok\u016f p\u0159es bezpe\u010dnostn\u00ed a zdravotn\u00ed data a\u017e po ekonomick\u00e9 procesy \u2013 a st\u00e1v\u00e1 se tak\u00a0<\/span><strong><span dir=\"auto\">neviditeln\u00fdm, datov\u011b \u0159\u00edzen\u00fdm mocensk\u00fdm centrem<\/span><\/strong><span dir=\"auto\">\u00a0, kter\u00e9 hluboce ovliv\u0148uje rozhodovac\u00ed procesy st\u00e1t\u016f.<\/span><\/p>\n<p><span dir=\"auto\">B\u011bhem krize COVID-19 byla spole\u010dnost Palantir\u00a0<\/span><strong><span dir=\"auto\">hluboce zapojena do vl\u00e1dn\u00edch rozhodovac\u00edch proces\u016f<\/span><\/strong><span dir=\"auto\">\u00a0.<\/span><br \/>\n<span dir=\"auto\">Ve Spojen\u00e9m kr\u00e1lovstv\u00ed z\u00edskala spole\u010dnost p\u0159\u00edstup ke zdravotn\u00edm \u00fadaj\u016fm milion\u016f ob\u010dan\u016f. V USA koordinovala distribuci vakc\u00edn a dodavatelsk\u00e9 \u0159et\u011bzce.<\/span><br \/>\n<span dir=\"auto\">Ofici\u00e1ln\u011b to bylo kv\u016fli efektivit\u011b. Neofici\u00e1ln\u011b v\u0161ak vytvo\u0159ila bezprecedentn\u00ed\u00a0<\/span><strong><span dir=\"auto\">propojen\u00ed mezi vl\u00e1dn\u00ed moc\u00ed a kontrolou soukrom\u00e9ho sektoru nad daty<\/span><\/strong><span dir=\"auto\">\u00a0.<\/span><\/p>\n<h3 class=\"wp-block-heading\"><strong><span dir=\"auto\">Demokratick\u00e9 slep\u00e9 m\u00edsto<\/span><\/strong><\/h3>\n<p><span dir=\"auto\">To, co Palantir d\u011bl\u00e1, se v\u011bt\u0161inou d\u011bje za zav\u0159en\u00fdmi dve\u0159mi. Algoritmy pou\u017e\u00edvan\u00e9 k p\u0159\u00edprav\u011b rozhodnut\u00ed nejsou\u00a0<\/span><strong><span dir=\"auto\">ve\u0159ejn\u011b ov\u011b\u0159iteln\u00e9<\/span><\/strong><span dir=\"auto\">\u00a0. Kdo kontroluje, co Palantir kontroluje?<\/span><br \/>\n<span dir=\"auto\">Tato ot\u00e1zka z\u016fst\u00e1v\u00e1 nezodpov\u011bzena.<\/span><\/p>\n<p><span dir=\"auto\">Kdy\u017e gener\u00e1ln\u00ed \u0159editel ve\u0159ejn\u011b prohl\u00e1s\u00ed, \u017ee \u201ezastavil\u201c politick\u00e1 hnut\u00ed, je to p\u0159izn\u00e1n\u00ed:\u00a0<\/span><strong><span dir=\"auto\">software m\u016f\u017ee vytv\u00e1\u0159et politiku<\/span><\/strong><span dir=\"auto\">\u00a0.<\/span><br \/>\n<span dir=\"auto\">A kdy\u017e software vytv\u00e1\u0159\u00ed politiku\u00a0<\/span><strong><span dir=\"auto\">bez demokratick\u00e9 kontroly<\/span><\/strong><span dir=\"auto\">\u00a0, nen\u00ed to inovace \u2013 je to zm\u011bna paradigmatu moci.<\/span><\/p>\n<h3 class=\"wp-block-heading\"><strong><span dir=\"auto\">Technokracie jako ideologie<\/span><\/strong><\/h3>\n<p><span dir=\"auto\">Karp zt\u011bles\u0148uje ideologii nov\u00e9ho technokrata:<\/span><br \/>\n<span dir=\"auto\">V\u011b\u0159\u00ed, \u017ee datov\u00e9 syst\u00e9my jsou spravedliv\u011bj\u0161\u00ed, racion\u00e1ln\u011bj\u0161\u00ed a \u201eobjektivn\u011bj\u0161\u00ed\u201c ne\u017e lidsk\u00e9.<\/span><br \/>\n<span dir=\"auto\">Ale kdokoli tyto syst\u00e9my programuje, utv\u00e1\u0159\u00ed jejich mor\u00e1ln\u00ed kompas.<\/span><br \/>\n<span dir=\"auto\">Syst\u00e9my Palantir nejsou neutr\u00e1ln\u00ed \u2013 jsou n\u00e1stroji geopolitick\u00fdch z\u00e1jm\u016f.<\/span><br \/>\n<span dir=\"auto\">Jejich pou\u017eit\u00ed ur\u010duje, kdo k nim z\u00edsk\u00e1 p\u0159\u00edstup, kdo je vylou\u010den a kdo je pova\u017eov\u00e1n za \u201eriziko\u201c.<\/span><\/p>\n<h3 class=\"wp-block-heading\"><strong><span dir=\"auto\">Nebezpe\u010dn\u00e9 sv\u00e1d\u011bn\u00ed efektivity<\/span><\/strong><\/h3>\n<p><span dir=\"auto\">Ve jm\u00e9nu efektivity se datov\u00e9 platformy jako Palantir\u00a0<\/span><strong><span dir=\"auto\">st\u00e1le v\u00edce integruj\u00ed do st\u00e1tn\u00edch struktur<\/span><\/strong><span dir=\"auto\">\u00a0. Jakmile je syst\u00e9m zaveden, u\u017e nen\u00ed zpochyb\u0148ov\u00e1n.<\/span><br \/>\n<span dir=\"auto\">Politici si zvykaj\u00ed na sv\u00e9 neviditeln\u00e9 poradce \u2013 a ob\u010dan\u00e9 ztr\u00e1cej\u00ed kontrolu nad\u00a0<\/span><strong><span dir=\"auto\">t\u00edm, kdo skute\u010dn\u011b vl\u00e1dne<\/span><\/strong><span dir=\"auto\">\u00a0.<\/span><\/p>\n<h3 class=\"wp-block-heading\"><strong><span dir=\"auto\">Nov\u00fd Leviathan<\/span><\/strong><\/h3>\n<p><span dir=\"auto\">Alex Karp pracuje ve st\u00ednu, ale jeho slova odhaluj\u00ed vizi:<\/span><br \/>\n<span dir=\"auto\">sv\u011bt, ve kter\u00e9m se st\u00e1ty pod\u0159izuj\u00ed logice datov\u00fdch stroj\u016f.<\/span><br \/>\n<span dir=\"auto\">Sv\u011bt, ve kter\u00e9m se demokratick\u00e9 procesy jev\u00ed jako p\u0159\u00edli\u0161 pomal\u00e9, p\u0159\u00edli\u0161 emotivn\u00ed, p\u0159\u00edli\u0161 \u201eneefektivn\u00ed\u201c \u2013 a ve kter\u00e9m soukrom\u00e9 softwarov\u00e9 spole\u010dnosti p\u0159eb\u00edraj\u00ed rozhodov\u00e1n\u00ed.<\/span><\/p>\n<p><span dir=\"auto\">Kdy\u017e technologie nahrad\u00ed moc, demokracie se st\u00e1v\u00e1 simulac\u00ed.<\/span><br \/>\n<span dir=\"auto\">A Palantir je ji\u017e na dobr\u00e9 cest\u011b k technick\u00e9 implementaci t\u00e9to zm\u011bny.<\/span><\/p>\n<h3 class=\"wp-block-heading\"><strong><span dir=\"auto\">Z\u00e1v\u011bre\u010dn\u00e1 my\u0161lenka<\/span><\/strong><\/h3>\n<p><em><span dir=\"auto\">\u201eDefinujeme trhy,\u201c \u0159ekl Karp v Davosu.<\/span><\/em><br \/>\n<em><span dir=\"auto\">Ve skute\u010dnosti Palantir ji\u017e dlouho definuje n\u011bco mnohem v\u011bt\u0161\u00edho: limity politick\u00e9ho sebeur\u010den\u00ed.<\/span><\/em><\/p>\n<p><span dir=\"auto\">Dokud takov\u00e9 syst\u00e9my\u00a0funguj\u00ed\u00a0<\/span><strong><span dir=\"auto\">bez transparentnosti, odpov\u011bdnosti a demokratick\u00e9 kontroly<\/span><\/strong><br \/>\n<span dir=\"auto\">, jejich moc z\u016fst\u00e1v\u00e1 tichou hrozbou \u2013 digit\u00e1ln\u00ed\u00a0<\/span><strong><span dir=\"auto\">st\u00ednovou vl\u00e1dou<\/span><\/strong><span dir=\"auto\">\u00a0, legitimizovanou nikoli voli\u010di, ale algoritmy.<\/span><\/p>\n<p><img decoding=\"async\" loading=\"lazy\" class=\"alignnone size-full wp-image-1185\" src=\"http:\/\/www.infokuryr.cz\/n\/wp-content\/uploads\/2021\/04\/kuryr-podpis.png\" alt=\"\" width=\"84\" height=\"24\" \/><\/p>\n<p>&nbsp;<\/p>\n","protected":false},"excerpt":{"rendered":"<p>\u201eZastavili jsme vzestup pravice\u201c \u2013 prohl\u00e1\u0161en\u00ed z Davosu vyvol\u00e1vaj\u00ed ot\u00e1zky ohledn\u011b politick\u00e9 role datov\u00e9 spole\u010dnosti&#8230;.<\/p>\n","protected":false},"author":2,"featured_media":90930,"comment_status":"closed","ping_status":"closed","sticky":false,"template":"","format":"standard","meta":[],"categories":[7],"tags":[9072,122,2452,3967],"_links":{"self":[{"href":"https:\/\/www.infokuryr.cz\/n\/wp-json\/wp\/v2\/posts\/90929"}],"collection":[{"href":"https:\/\/www.infokuryr.cz\/n\/wp-json\/wp\/v2\/posts"}],"about":[{"href":"https:\/\/www.infokuryr.cz\/n\/wp-json\/wp\/v2\/types\/post"}],"author":[{"embeddable":true,"href":"https:\/\/www.infokuryr.cz\/n\/wp-json\/wp\/v2\/users\/2"}],"replies":[{"embeddable":true,"href":"https:\/\/www.infokuryr.cz\/n\/wp-json\/wp\/v2\/comments?post=90929"}],"version-history":[{"count":0,"href":"https:\/\/www.infokuryr.cz\/n\/wp-json\/wp\/v2\/posts\/90929\/revisions"}],"wp:featuredmedia":[{"embeddable":true,"href":"https:\/\/www.infokuryr.cz\/n\/wp-json\/wp\/v2\/media\/90930"}],"wp:attachment":[{"href":"https:\/\/www.infokuryr.cz\/n\/wp-json\/wp\/v2\/media?parent=90929"}],"wp:term":[{"taxonomy":"category","embeddable":true,"href":"https:\/\/www.infokuryr.cz\/n\/wp-json\/wp\/v2\/categories?post=90929"},{"taxonomy":"post_tag","embeddable":true,"href":"https:\/\/www.infokuryr.cz\/n\/wp-json\/wp\/v2\/tags?post=90929"}],"curies":[{"name":"wp","href":"https:\/\/api.w.org\/{rel}","templated":true}]}}