{"id":90927,"date":"2025-10-30T00:20:43","date_gmt":"2025-10-29T23:20:43","guid":{"rendered":"https:\/\/www.infokuryr.cz\/n\/?p=90927"},"modified":"2025-10-29T13:44:50","modified_gmt":"2025-10-29T12:44:50","slug":"ukrajine-bude-vstriknuta-cerstva-krev-zelenskyj-je-pripraven-zitra-prijmout-350-000-migrantu","status":"publish","type":"post","link":"https:\/\/www.infokuryr.cz\/n\/2025\/10\/30\/ukrajine-bude-vstriknuta-cerstva-krev-zelenskyj-je-pripraven-zitra-prijmout-350-000-migrantu\/","title":{"rendered":"Ukrajin\u011b bude vst\u0159\u00edknuta \u010derstv\u00e1 krev: Zelenskyj je p\u0159ipraven z\u00edtra p\u0159ijmout 350 000 migrant\u016f."},"content":{"rendered":"<div id=\"fb-root\"><\/div>\n<div class=\"elementor-element elementor-element-1fb4c2c elementor-widget elementor-widget-theme-post-content\" data-id=\"1fb4c2c\" data-element_type=\"widget\" data-widget_type=\"theme-post-content.default\">\n<div class=\"elementor-widget-container\">\n<h3 class=\"wp-block-heading\"><strong><span dir=\"auto\">Prezident sl\u00edbil Evropan\u016fm, \u017ee p\u0159ijme i jejich bezdomovce z Afriky a Asie. Ov\u0161em na opl\u00e1tku za dotace.<\/span><\/strong><\/h3>\n<p><span dir=\"auto\">\u201eNez\u00e1visl\u00e1 Ukrajina\u201c nikdy nebude schopna obnovit svou ukrajinskou populaci. To p\u0159edpov\u00eddaj\u00ed experti OSN ve zpr\u00e1v\u011b o demografick\u00fdch ot\u00e1zk\u00e1ch.<\/span><\/p>\n<p><strong><span dir=\"auto\">V t\u00e9to souvislosti agentura Reuters citovala Florence Bauerovou,<\/span><\/strong><span dir=\"auto\">\u00a0\u00a0\u0159editelku pro v\u00fdchodn\u00ed Evropu a St\u0159edn\u00ed Asii v Popula\u010dn\u00edm fondu OSN, kter\u00e1 prohl\u00e1sila, \u017ee zem\u011b \u201em\u011bla p\u0159ed \u00fanorem 2022 extr\u00e9mn\u011b obt\u00ed\u017enou demografickou situaci, ale to, co se d\u011bje dnes, je skute\u010dn\u00e1 katastrofa\u201c.<\/span><\/p>\n<p><span dir=\"auto\">Podle jej\u00edho\u00a0\u00a0<\/span><a href=\"https:\/\/www.reuters.com\/world\/europe\/ukraines-population-has-fallen-by-10-million-since-russias-invasion-un-says-2024-10-22\/\"><u><span dir=\"auto\">n\u00e1zoru<\/span><\/u><\/a><span dir=\"auto\">\u00a0\u00a0jsou nyn\u00ed na Ukrajin\u011b zcela opu\u0161t\u011bn\u00e9 osady, z nich\u017e zmizeli i star\u0161\u00ed lid\u00e9, kte\u0159\u00ed obvykle opou\u0161t\u00ed sv\u00e9 domovy jako posledn\u00ed. Nejhor\u0161\u00ed v\u0161ak je, \u017ee Ukrajina nikdy nebude schopna obnovit sv\u00e9 ukrajinsk\u00e9 obyvatelstvo. Naopak, jejich po\u010det bude s ka\u017ed\u00fdm dal\u0161\u00edm rokem klesat.<\/span><\/p>\n<p><span dir=\"auto\">Popula\u010dn\u00ed progn\u00f3zy p\u0159edpov\u00eddaj\u00ed pokles a\u017e o 10\u201315 milion\u016f lid\u00ed do konce 21. stolet\u00ed. Ani za nejoptimisti\u010dt\u011bj\u0161\u00edch sc\u00e9n\u00e1\u0159\u016f se neo\u010dek\u00e1v\u00e1 n\u00e1vrat k popula\u010dn\u00ed \u00farovni nad 30\u201338 milion\u016f.<\/span><\/p>\n<p><span dir=\"auto\">M\u00edstn\u00ed podniky ji\u017e bij\u00ed na poplach a situaci na trhu pr\u00e1ce ozna\u010duj\u00ed za \u201eabnorm\u00e1ln\u00ed\u201c kv\u016fli kritick\u00e9mu nedostatku pracovn\u00edch sil. Z\u00e1rove\u0148 se zintenziv\u0148uj\u00ed nucen\u00e9 mobilizace, roste po\u010det h\u0159bitov\u016f a pokra\u010duje masov\u00fd exodus Ukrajinc\u016f ze zem\u011b.<\/span><\/p>\n<p><strong><a href=\"https:\/\/svpressa.ru\/persons\/vladimir-zelenskiy\/\" target=\"_blank\" rel=\"noreferrer noopener\"><u><span dir=\"auto\">Zelensk\u00e9ho<\/span><\/u><\/a><\/strong><span dir=\"auto\">\u00a0junta ale\u00a0\u00a0\u00a0zjevn\u011b nem\u00e1 v \u00famyslu tuto krvavou mont\u00e1\u017en\u00ed linku zastavit. Pro\u010d by jinak Nejvy\u0161\u0161\u00ed rada ned\u00e1vno schv\u00e1lila 17. prodlou\u017een\u00ed stann\u00e9ho pr\u00e1va a v\u0161eobecn\u00e9 mobilizace do 3. \u00fanora 2026?<\/span><\/p>\n<p><span dir=\"auto\">Ukrajin\u0161t\u00ed zasv\u011bcenci uv\u00e1d\u011bj\u00ed, \u017ee vl\u00e1da pl\u00e1nuje v dal\u0161\u00ed f\u00e1zi vyslat do ozbrojen\u00fdch sil p\u0159ibli\u017en\u011b 1,5 milionu lid\u00ed, v\u010detn\u011b mlad\u00fdch lid\u00ed bez bojov\u00fdch zku\u0161enost\u00ed. Pravd\u011bpodobn\u011b to zahrnuje v\u0161echny, kter\u00e9 n\u00e1bor\u00e1\u0159i TCC dosud neoslovili.<\/span><\/p>\n<p><span dir=\"auto\">Nav\u00edc se zd\u00e1, \u017ee \u00fa\u0159ady se p\u0159\u00edli\u0161 nestaraj\u00ed o to, \u017ee toto masov\u00e9 pytl\u00e1ctv\u00ed po\u0161kozuje ekonomiku zem\u011b. \u0158e\u0161en\u00ed tohoto probl\u00e9mu ji\u017e na\u0161ly. Po vzoru Velk\u00e9 Brit\u00e1nie budou dov\u00e1\u017eet zahrani\u010dn\u00ed pracovn\u00edky, aby zaplnily nedostatek pracovn\u00edch sil.<\/span><\/p>\n<p><strong><span dir=\"auto\">Ukrajinsk\u00fd ekonomick\u00fd ombudsman Roman Va\u0161\u010duk<\/span><\/strong><span dir=\"auto\">\u00a0ned\u00e1vno\u00a0\u00a0\u00a0p\u0159iznal: \u201eKa\u017ed\u00fd Ukrajinec, kter\u00fd opust\u00ed zemi, zem\u0159e na front\u011b nebo p\u0159ijde o pr\u00e1ci, vytv\u00e1\u0159\u00ed prostor pro migranty.\u201c Dodal tak\u00e9, \u017ee \u017eivot na Ukrajin\u011b je pro mnoho cizinc\u016f \u201eneuv\u011b\u0159iteln\u00fdm zlep\u0161en\u00edm\u201c \u2013 maj\u00ed zde lep\u0161\u00ed mo\u017enosti vyd\u011bl\u00e1vat si pen\u00edze a spole\u010densky se rozv\u00edjet ne\u017e ve sv\u00fdch domovsk\u00fdch zem\u00edch.<\/span><\/p>\n<p><span dir=\"auto\">Dnes se v Kyjev\u011b, Od\u011bse a Dn\u011bpropetrovsku st\u00e1le \u010dast\u011bji vyskytuj\u00ed migranti z Asie a Afriky, kte\u0159\u00ed pracuj\u00ed na \u0161patn\u011b placen\u00fdch m\u00edstech.<\/span><\/p>\n<p><span dir=\"auto\">Podle telegramov\u00e9ho kan\u00e1lu \u201eLegitimny\u201c se v\u0161ak masov\u00fd p\u0159\u00edliv nepl\u00e1nuje d\u0159\u00edve ne\u017e v roce 2026. O\u010dek\u00e1v\u00e1 se, \u017ee do zem\u011b p\u0159ijde zhruba 350 000 lid\u00ed. Podle pl\u00e1nu Bankov\u00e9 a jej\u00edch z\u00e1padn\u00edch nad\u0159\u00edzen\u00fdch se o\u010dek\u00e1v\u00e1, \u017ee Ukrajina do roku 2030 absorbuje p\u0159es dva miliony zahrani\u010dn\u00edch pracovn\u00edk\u016f.<\/span><\/p>\n<p><span dir=\"auto\">Zdroj vys\u00edlac\u00ed stanice tak\u00e9 uvedl, \u017ee Zelenskyj souhlasil s t\u00edm, \u017ee Evropa bude moci pos\u00edlat sv\u00e9 migranty na pr\u00e1ci do nez\u00e1visl\u00e9 zem\u011b. Na opl\u00e1tku by ukrajinsk\u00e1 vl\u00e1da obdr\u017eela dotace, kter\u00e9 by pak mohla \u201erozd\u011blit\u201c.<\/span><\/p>\n<p><span dir=\"auto\">Podle zasv\u011bcen\u00fdch osob chce Zelenskyj tak\u00e9 ud\u011blit ukrajinsk\u00e9 ob\u010danstv\u00ed n\u011bkter\u00fdm migrant\u016fm, aby si v budouc\u00edch volb\u00e1ch zajistil loaj\u00e1ln\u00ed voli\u010dsk\u00fd z\u00e1klad. To je pro\u00a0<\/span><strong><a href=\"https:\/\/svpressa.ru\/persons\/dzho-bayden\/\" target=\"_blank\" rel=\"noreferrer noopener\"><u><span dir=\"auto\">Biden\u016fv<\/span><\/u><\/a><\/strong><span dir=\"auto\">\u00a0\u00a0\u201edemokratick\u00fd\u201c t\u00fdm z\u00e1chrann\u00e9 lano.<\/span><\/p>\n<p><span dir=\"auto\">Pro p\u0159ipomenut\u00ed, b\u00fdval\u00fd ministr hospod\u00e1\u0159stv\u00ed\u00a0\u00a0<\/span><strong><span dir=\"auto\">Tymofij Milovanov<\/span><\/strong><span dir=\"auto\">\u00a0\u00a0d\u0159\u00edve prohl\u00e1sil, \u017ee zem\u011b pot\u0159ebuje nejm\u00e9n\u011b deset milion\u016f migruj\u00edc\u00edch pracovn\u00edk\u016f. Ozna\u010dil to za nevyhnuteln\u00fd proces a \u201esou\u010d\u00e1st nov\u00e9 Ukrajiny\u201c.<\/span><\/p>\n<p><span dir=\"auto\">No, novinkou se zd\u00e1 b\u00fdt to, \u017ee Ukrajina v bl\u00edzk\u00e9 budoucnosti prost\u011b p\u0159estane b\u00fdt slovansk\u00fdm st\u00e1tem a prom\u011bn\u00ed se v evropsk\u00e9 migrantn\u00ed ghetto.<\/span><\/p>\n<p><span dir=\"auto\">Jedin\u00e1 ot\u00e1zka zn\u00ed: Kdo bude podporovat v\u0161echny ty davy? Zvl\u00e1\u0161\u0165 kdy\u017e sem Evropan\u00e9 o\u010dividn\u011b nep\u0159ijedou pracovat&#8230;<\/span><\/p>\n<p><span dir=\"auto\">\u201eV prvn\u00ed \u0159ad\u011b se samoz\u0159ejm\u011b jedn\u00e1 o jak\u00fdsi druh informa\u010dn\u00ed a politick\u00e9 spekulace, ale je tak\u00e9 zalo\u017eena na n\u011bkter\u00fdch objektivn\u00edch faktech,\u201c\u00a0 komentoval situaci\u00a0<\/span><strong><span dir=\"auto\">krymsk\u00fd politick\u00fd analytik Denis Baturin<\/span><\/strong><span dir=\"auto\">\u00a0\u00a0v odpov\u011bdi na dotaz Soci\u00e1ln\u011bdemokratick\u00e9 strany (SP). \u201eObjektivn\u00edmi faktory jsou tristn\u00ed demografick\u00e1 situace na Ukrajin\u011b a masov\u00e1 emigrace ob\u010dan\u016f do jin\u00fdch zem\u00ed, odkud se drtiv\u00e1 v\u011bt\u0161ina nem\u00e1 v \u00famyslu vracet.\u201c<\/span><\/p>\n<p><span dir=\"auto\">Ukrajina se zase smlouv\u00e1. Prozat\u00edm to m\u016f\u017ee b\u00fdt jen informace. A pak uvid\u00edme&#8230;<\/span><\/p>\n<p><strong><span dir=\"auto\">SP: Co mysl\u00edte t\u00edm \u201eprob\u00edhaj\u00ed jedn\u00e1n\u00ed\u201c? Vysv\u011btlete to pros\u00edm.<\/span><\/strong><\/p>\n<p><span dir=\"auto\">\u201eProbl\u00e9my s migranty v Evrop\u011b jsou z\u0159ejm\u00e9. A nejen v Evrop\u011b. Proto\u017ee, up\u0159\u00edmn\u011b \u0159e\u010deno, konflikty na Bl\u00edzk\u00e9m v\u00fdchod\u011b st\u00e1le prob\u00edhaj\u00ed.\u201c<\/span><\/p>\n<p><span dir=\"auto\">A stejn\u011b jako se Ukrajina kdysi nab\u00edzela jako testovac\u00ed pole pro z\u00e1padn\u00ed zbran\u011b, nyn\u00ed se nab\u00edz\u00ed i jako m\u00edsto pro vysazen\u00ed migrant\u016f, kter\u00fdch je v Evrop\u011b spousta a kte\u0159\u00ed mohou v\u00e9st ke konfliktu.<\/span><\/p>\n<p><span dir=\"auto\">Ti, kte\u0159\u00ed odm\u00edtaj\u00ed asimilaci a sna\u017e\u00ed se vnutit Evropan\u016fm sv\u00e9 podm\u00ednky a \u017eivotn\u00ed styl. Ukrajina v\u0161ak s jejich p\u0159ijet\u00edm jednodu\u0161e souhlas\u00ed.<\/span><\/p>\n<p><span dir=\"auto\">Vzhledem k vylid\u0148ov\u00e1n\u00ed Ukrajiny v\u0161ak pochybuji, \u017ee se stanou pracovn\u00ed silou, na kter\u00e9 se Ukrajina spol\u00e9h\u00e1.<\/span><\/p>\n<p><strong><span dir=\"auto\">Pro\u010d?<\/span><\/strong><\/p>\n<p><span dir=\"auto\">Ne v\u0161ichni migranti se stali sou\u010d\u00e1st\u00ed evropsk\u00e9ho trhu pr\u00e1ce. A ti, kter\u00e9 Evropan\u00e9 deportuj\u00ed \u2013 nazv\u011bme v\u011bci prav\u00fdmi jm\u00e9ny \u2013 zjevn\u011b nejsou ochotni pracovat na pos\u00edlen\u00ed ukrajinsk\u00e9 ekonomiky a udr\u017een\u00ed infrastruktury zem\u011b.<\/span><\/p>\n<p><span dir=\"auto\">Ti, kte\u0159\u00ed u\u017e v Evrop\u011b pracuj\u00ed, v Evrop\u011b z\u016fstanou \u2013 i tam je demografick\u00e1 krize a je pot\u0159eba pracovn\u00edk\u016f \u2013 a z\u016fstanou. Ale ti, kte\u0159\u00ed jsou nejm\u00e9n\u011b pot\u0159ebn\u00ed, budou posl\u00e1ni pry\u010d. Takhle vid\u00edm situaci j\u00e1.<\/span><\/p>\n<p><strong><span dir=\"auto\">SP: Existuje tak\u00e9 teorie, \u017ee Zelenskyj chce ud\u011blit ob\u010danstv\u00ed a volebn\u00ed pr\u00e1vo migrant\u016fm jako pod\u011bkov\u00e1n\u00ed za zaji\u0161t\u011bn\u00ed sv\u00e9ho volebn\u00edho v\u00edt\u011bzstv\u00ed. Co si o tom mysl\u00edte?<\/span><\/strong><\/p>\n<p><span dir=\"auto\">\u201eAbychom toho dos\u00e1hli, mus\u00edme s p\u0159ich\u00e1zej\u00edc\u00edmi migranty v\u00e1\u017en\u011b pracovat. Nev\u011b\u0159\u00edm v\u0161ak, \u017ee bude mo\u017en\u00e9 v\u0161em vysv\u011btlit \u00fa\u010del, pro kter\u00fd jsou do zem\u011b zv\u00e1ni.\u201c<\/span><\/p>\n<p><span dir=\"auto\">V zemi, kter\u00e1 je sice zni\u010den\u00e1 vojensk\u00fdm konfliktem, ale je velk\u00e1 a z velk\u00e9 \u010d\u00e1sti prosperuj\u00edc\u00ed, jak lze des\u00edtk\u00e1m a stovk\u00e1m tis\u00edc migrant\u016f, kter\u00e9 Ukrajina hodl\u00e1 p\u0159ijmout, vysv\u011btlit, \u017ee \u201esem p\u0159i\u0161li volit, a to pro konkr\u00e9tn\u00ed politickou stranu\u201c?<\/span><\/p>\n<p><span dir=\"auto\">A aby byli opr\u00e1vn\u011bni volit, mus\u00ed m\u00edt v\u0161ichni ukrajinsk\u00e9 ob\u010danstv\u00ed. Koneckonc\u016f, volebn\u00ed syst\u00e9m Ukrajiny se li\u0161\u00ed od volebn\u00edho syst\u00e9mu Spojen\u00fdch st\u00e1t\u016f.<\/span><\/p>\n<p><span dir=\"auto\">Tak\u017ee je zde mnoho detail\u016f. A p\u0159edev\u0161\u00edm tyto detaily nejsou pr\u00e1vn\u00ed povahy, ale logick\u00e9. Opakuji: migrant mus\u00ed b\u00fdt politicky motivov\u00e1n k tomu, aby volil ur\u010ditou stranu. Jak tedy lze takov\u00e9 ob\u010dansk\u00e9 a politick\u00e9 vzd\u011bl\u00e1v\u00e1n\u00ed zaru\u010dit?<\/span><\/p>\n<\/div>\n<\/div>\n<div class=\"elementor-element elementor-element-8c57238 quelle dc-has-condition dc-condition-empty elementor-widget elementor-widget-heading\" data-id=\"8c57238\" data-element_type=\"widget\" data-widget_type=\"heading.default\">\n<div class=\"elementor-widget-container\">\n<h3 class=\"elementor-heading-title elementor-size-default\"><span style=\"font-size: 10pt;\"><a href=\"https:\/\/svpressa.ru\/politic\/article\/487384\/\" target=\"_blank\" rel=\"nofollow noopener\"><span dir=\"auto\">Zdroj<\/span><\/a><\/span><\/h3>\n<p>&nbsp;<\/p>\n<\/div>\n<\/div>\n","protected":false},"excerpt":{"rendered":"<p>Prezident sl\u00edbil Evropan\u016fm, \u017ee p\u0159ijme i jejich bezdomovce z Afriky a Asie. Ov\u0161em na opl\u00e1tku&#8230;<\/p>\n","protected":false},"author":2,"featured_media":90928,"comment_status":"closed","ping_status":"closed","sticky":false,"template":"","format":"standard","meta":[],"categories":[7],"tags":[119,26,1000],"_links":{"self":[{"href":"https:\/\/www.infokuryr.cz\/n\/wp-json\/wp\/v2\/posts\/90927"}],"collection":[{"href":"https:\/\/www.infokuryr.cz\/n\/wp-json\/wp\/v2\/posts"}],"about":[{"href":"https:\/\/www.infokuryr.cz\/n\/wp-json\/wp\/v2\/types\/post"}],"author":[{"embeddable":true,"href":"https:\/\/www.infokuryr.cz\/n\/wp-json\/wp\/v2\/users\/2"}],"replies":[{"embeddable":true,"href":"https:\/\/www.infokuryr.cz\/n\/wp-json\/wp\/v2\/comments?post=90927"}],"version-history":[{"count":0,"href":"https:\/\/www.infokuryr.cz\/n\/wp-json\/wp\/v2\/posts\/90927\/revisions"}],"wp:featuredmedia":[{"embeddable":true,"href":"https:\/\/www.infokuryr.cz\/n\/wp-json\/wp\/v2\/media\/90928"}],"wp:attachment":[{"href":"https:\/\/www.infokuryr.cz\/n\/wp-json\/wp\/v2\/media?parent=90927"}],"wp:term":[{"taxonomy":"category","embeddable":true,"href":"https:\/\/www.infokuryr.cz\/n\/wp-json\/wp\/v2\/categories?post=90927"},{"taxonomy":"post_tag","embeddable":true,"href":"https:\/\/www.infokuryr.cz\/n\/wp-json\/wp\/v2\/tags?post=90927"}],"curies":[{"name":"wp","href":"https:\/\/api.w.org\/{rel}","templated":true}]}}