{"id":90925,"date":"2025-10-30T00:18:55","date_gmt":"2025-10-29T23:18:55","guid":{"rendered":"https:\/\/www.infokuryr.cz\/n\/?p=90925"},"modified":"2025-10-29T14:14:47","modified_gmt":"2025-10-29T13:14:47","slug":"netanjahuova-odveta-masivni-utoky-na-gazu","status":"publish","type":"post","link":"https:\/\/www.infokuryr.cz\/n\/2025\/10\/30\/netanjahuova-odveta-masivni-utoky-na-gazu\/","title":{"rendered":"Netanjahuova odveta: masivn\u00ed \u00fatoky na Gazu"},"content":{"rendered":"<div id=\"fb-root\"><\/div>\n<div class=\"elementor-element elementor-element-1fb4c2c elementor-widget elementor-widget-theme-post-content\" data-id=\"1fb4c2c\" data-element_type=\"widget\" data-widget_type=\"theme-post-content.default\">\n<div class=\"elementor-widget-container\">\n<p><strong><span dir=\"auto\">USA trvaj\u00ed na tom, \u017ee p\u0159\u00edm\u011b\u0159\u00ed bude dodr\u017eov\u00e1no, zat\u00edmco Izrael zahajuje t\u011b\u017ek\u00e9 \u00fatoky na m\u011bsto Gaza.<\/span><\/strong><\/p>\n<p><span dir=\"auto\">Izraelsk\u00fd ministr obrany Israel Katz prohl\u00e1sil, \u017ee bojovn\u00edci Ham\u00e1su za\u00fato\u010dili na jednotky IDF navzdory prob\u00edhaj\u00edc\u00edmu p\u0159\u00edm\u011b\u0159\u00ed. \u201eHam\u00e1s zaplat\u00ed vysokou cenu za \u00fatoky na voj\u00e1ky v Gaze a za poru\u0161en\u00ed dohody o vr\u00e1cen\u00ed t\u011bl rukojm\u00edch,\u201c \u0159ekl Katz v dob\u011b, kdy se z p\u00e1sma Gazy objevily zpr\u00e1vy o t\u011b\u017ek\u00e9m bombardov\u00e1n\u00ed. Uvedl, \u017ee akce Ham\u00e1su p\u0159ekro\u010dily \u201ejasnou \u010dervenou linii, na kterou [arm\u00e1da] zareaguje velkou silou\u201c.<\/span><\/p>\n<p><span dir=\"auto\">\u00da\u0159ad civiln\u00ed obrany Gazy ve sv\u00e9m prohl\u00e1\u0161en\u00ed pro Al Jazeeru potvrdil n\u011bkolik leteck\u00fdch \u00fader\u016f. Ham\u00e1s tato obvin\u011bn\u00ed pop\u00edr\u00e1 a uv\u00e1d\u00ed: \u201eIzrael mus\u00ed pochopit, \u017ee se dohody dr\u017e\u00edme, a mus\u00ed n\u00e1s p\u0159estat fale\u0161n\u011b obvi\u0148ovat z jej\u00edho poru\u0161ov\u00e1n\u00ed.\u201c Stanice Al Jazeera k tomu uvedla: \u201eV posledn\u00edch 30 minut\u00e1ch prob\u00edhala nad p\u00e1smem Gazy zna\u010dn\u00e1 leteck\u00e1 aktivita, nad n\u00edm se vzn\u00e1\u0161ely drony.\u201c S\u00e9rie leteck\u00fdch \u00fader\u016f se zam\u011b\u0159ila zejm\u00e9na na m\u011bsto Gaza.<\/span><\/p>\n<p><span dir=\"auto\">V reakci na tento v\u00fdvoj USA trvaj\u00ed na tom, \u017ee v\u011b\u0159\u00ed, \u017ee p\u0159\u00edm\u011b\u0159\u00ed bude dodr\u017eeno. \u201eNavzdory dne\u0161n\u00edm st\u0159et\u016fm bude dohoda o p\u0159\u00edm\u011b\u0159\u00ed v Gaze pokra\u010dovat,\u201c uvedl v \u00fater\u00fd odpoledne viceprezident J. D. Vance.<\/span><\/p>\n<div class=\"twitter-tweet twitter-tweet-rendered\"><iframe id=\"twitter-widget-0\" class=\"\" title=\"X Post\" src=\"https:\/\/platform.twitter.com\/embed\/Tweet.html?dnt=false&amp;embedId=twitter-widget-0&amp;features=eyJ0ZndfdGltZWxpbmVfbGlzdCI6eyJidWNrZXQiOltdLCJ2ZXJzaW9uIjpudWxsfSwidGZ3X2ZvbGxvd2VyX2NvdW50X3N1bnNldCI6eyJidWNrZXQiOnRydWUsInZlcnNpb24iOm51bGx9LCJ0ZndfdHdlZXRfZWRpdF9iYWNrZW5kIjp7ImJ1Y2tldCI6Im9uIiwidmVyc2lvbiI6bnVsbH0sInRmd19yZWZzcmNfc2Vzc2lvbiI6eyJidWNrZXQiOiJvbiIsInZlcnNpb24iOm51bGx9LCJ0ZndfZm9zbnJfc29mdF9pbnRlcnZlbnRpb25zX2VuYWJsZWQiOnsiYnVja2V0Ijoib24iLCJ2ZXJzaW9uIjpudWxsfSwidGZ3X21peGVkX21lZGlhXzE1ODk3Ijp7ImJ1Y2tldCI6InRyZWF0bWVudCIsInZlcnNpb24iOm51bGx9LCJ0ZndfZXhwZXJpbWVudHNfY29va2llX2V4cGlyYXRpb24iOnsiYnVja2V0IjoxMjA5NjAwLCJ2ZXJzaW9uIjpudWxsfSwidGZ3X3Nob3dfYmlyZHdhdGNoX3Bpdm90c19lbmFibGVkIjp7ImJ1Y2tldCI6Im9uIiwidmVyc2lvbiI6bnVsbH0sInRmd19kdXBsaWNhdGVfc2NyaWJlc190b19zZXR0aW5ncyI6eyJidWNrZXQiOiJvbiIsInZlcnNpb24iOm51bGx9LCJ0ZndfdXNlX3Byb2ZpbGVfaW1hZ2Vfc2hhcGVfZW5hYmxlZCI6eyJidWNrZXQiOiJvbiIsInZlcnNpb24iOm51bGx9LCJ0ZndfdmlkZW9faGxzX2R5bmFtaWNfbWFuaWZlc3RzXzE1MDgyIjp7ImJ1Y2tldCI6InRydWVfYml0cmF0ZSIsInZlcnNpb24iOm51bGx9LCJ0ZndfbGVnYWN5X3RpbWVsaW5lX3N1bnNldCI6eyJidWNrZXQiOnRydWUsInZlcnNpb24iOm51bGx9LCJ0ZndfdHdlZXRfZWRpdF9mcm9udGVuZCI6eyJidWNrZXQiOiJvbiIsInZlcnNpb24iOm51bGx9fQ%3D%3D&amp;frame=false&amp;hideCard=false&amp;hideThread=false&amp;id=1983237317948002398&amp;lang=cs&amp;origin=https%3A%2F%2Funcutnews.ch%2Fnetanyahus-vergeltung-massive-angriffe-auf-gaza%2F&amp;sessionId=23f4db6ddbe88a01e4cd2540ed87a68119f4902c&amp;theme=light&amp;widgetsVersion=2615f7e52b7e0%3A1702314776716&amp;width=550px\" frameborder=\"0\" scrolling=\"no\" allowfullscreen=\"allowfullscreen\" data-tweet-id=\"1983237317948002398\" data-mce-fragment=\"1\"><\/iframe><\/div>\n<p><span dir=\"auto\">\u201ePremi\u00e9r Netanjahu na\u0159\u00eddil arm\u00e1d\u011b, aby v p\u00e1smu Gazy okam\u017eit\u011b a t\u011b\u017ece za\u00fato\u010dila,\u201c uv\u00e1d\u00ed se v prohl\u00e1\u0161en\u00ed, kter\u00e9 pr\u00e1v\u011b vydala kancel\u00e1\u0159 premi\u00e9ra.<\/span><\/p>\n<p><span dir=\"auto\">\u201ePo bezpe\u010dnostn\u00edch konzultac\u00edch na\u0159\u00eddil premi\u00e9r Netanjahu arm\u00e1d\u011b, aby okam\u017eit\u011b zah\u00e1jila t\u011b\u017ek\u00e9 \u00fadery v p\u00e1smu Gazy,\u201c uvedl jeho \u00fa\u0159ad ve sv\u00e9m prohl\u00e1\u0161en\u00ed. Netanjahu obvinil Ham\u00e1s z \u201ejasn\u00e9ho poru\u0161en\u00ed\u201c dohody o p\u0159\u00edm\u011b\u0159\u00ed.<\/span><br \/>\n<span dir=\"auto\">AFP\/Getty Images<\/span><\/p>\n<p><span dir=\"auto\">P\u0159esto\u017ee v posledn\u00edch dvou t\u00fddnech, kdy Ham\u00e1s dodr\u017eoval p\u0159\u00edm\u011b\u0159\u00ed, doch\u00e1zelo k ob\u010dasn\u00fdm vzplanut\u00edm boj\u016f, mohl by to b\u00fdt z\u00e1sadn\u00ed pr\u016flom, kter\u00fd celou v\u011bc zastav\u00ed.<\/span><\/p>\n<p><span dir=\"auto\">Necelou hodinu p\u0159edt\u00edm, ne\u017e Netanjahu na\u0159\u00eddil nov\u00e9 \u00fadery, Trey Yingst z Fox News uvedl: \u201eIzraelsk\u00fd vojensk\u00fd d\u016fstojn\u00edk mi \u0159ekl, \u017ee Ham\u00e1s poru\u0161il p\u0159\u00edm\u011b\u0159\u00ed \u00fatokem na voj\u00e1ky IDF v Raf\u00e1hu.\u201c<\/span><\/p>\n<p><span dir=\"auto\">A stanice Al Jazeera uv\u00e1d\u00ed: \u201eNa znamen\u00ed k\u0159ehkosti p\u0159\u00edm\u011b\u0159\u00ed byly v \u00fater\u00fd izraelsk\u00e9 jednotky v ji\u017en\u00edm m\u011bst\u011b Rafah ost\u0159elov\u00e1ny, a ty palbu op\u011btovaly,\u201c \u0159ekl agentu\u0159e Associated Press nejmenovan\u00fd izraelsk\u00fd vojensk\u00fd d\u016fstojn\u00edk.<\/span><\/p>\n<ul>\n<li><strong><span dir=\"auto\">Schekel klesl na denn\u00ed minimum pot\u00e9, co Netanjahu na\u0159\u00eddil \u00fatoky na Gazu<\/span><\/strong><\/li>\n<li><strong><span dir=\"auto\">Ham\u00e1s ozn\u00e1mil odlo\u017een\u00ed dne\u0161n\u00edho p\u0159ed\u00e1n\u00ed t\u011bla izraelsk\u00e9ho rukojm\u00edho<\/span><\/strong><\/li>\n<\/ul>\n<p><span dir=\"auto\">S obnoven\u00edm \u00fatok\u016f izraelsk\u00e9 arm\u00e1dy v p\u00e1smu Gazy se o\u010dek\u00e1v\u00e1 za\u010d\u00e1tek hry na obvi\u0148ov\u00e1n\u00ed. Od zaveden\u00ed p\u0159\u00edm\u011b\u0159\u00ed v\u0161ak bylo zabito p\u0159ibli\u017en\u011b 100 Palestinc\u016f. V Gaze z\u016fst\u00e1v\u00e1 t\u0159in\u00e1ct t\u011bl rukojm\u00edch.<\/span><\/p>\n<p><a href=\"https:\/\/www.axios.com\/2025\/10\/28\/israel-break-ceasefire-hamas-bodies-rafah\" target=\"_blank\" rel=\"noreferrer noopener\" data-type=\"link\" data-id=\"https:\/\/www.axios.com\/2025\/10\/28\/israel-break-ceasefire-hamas-bodies-rafah\"><span dir=\"auto\">Axios<\/span><\/a><span dir=\"auto\">\u00a0shrnuje nejnov\u011bj\u0161\u00ed v\u00fdvoj:<\/span><\/p>\n<ul>\n<li><span dir=\"auto\">Trumpova administrativa se v posledn\u00edch t\u00fddnech zam\u011b\u0159ila na stabilizaci p\u0159\u00edm\u011b\u0159\u00ed a na tlak na ob\u011b strany, aby se vyhnuly krok\u016fm, kter\u00e9 by mohly v\u00e9st k jeho selh\u00e1n\u00ed.<\/span><\/li>\n<li><span dir=\"auto\">V r\u00e1mci t\u00e9to mise vyslal B\u00edl\u00fd d\u016fm do Izraele n\u011bkolik vysoce postaven\u00fdch \u00fa\u0159edn\u00edk\u016f a z\u0159\u00eddil v Izraeli americk\u00e9 velitelsk\u00e9 st\u0159edisko, kter\u00e9 m\u011blo dohl\u00ed\u017eet na situaci a monitorovat ji.<\/span><\/li>\n<li><span dir=\"auto\">Prohlubuj\u00edc\u00ed se spor o navr\u00e1cen\u00ed zem\u0159el\u00fdch rukojm\u00edch Ham\u00e1sem a \u00fatern\u00ed p\u0159est\u0159elka ve m\u011bst\u011b Rafah v\u0161ak zes\u00edlily v\u00fdzvy k vojensk\u00e9 akci v Izraeli. \u00datoky na\u0159\u00edzen\u00e9 Netanjahuem by mohly p\u0159\u00edm\u011b\u0159\u00ed zcela naru\u0161it.<\/span><\/li>\n<\/ul>\n<p><span dir=\"auto\">Ot\u00e1zka zb\u00fdvaj\u00edc\u00edch t\u011bl zem\u0159el\u00fdch rukojm\u00edch op\u011bt vyvinula tlak na Netanjahuovu vl\u00e1du, aby nep\u0159e\u0161la k druh\u00e9 f\u00e1zi p\u0159\u00edm\u011b\u0159\u00ed:<\/span><\/p>\n<ul>\n<li><span dir=\"auto\">Rodiny izraelsk\u00fdch rukojm\u00edch v pond\u011bl\u00ed po\u017eadovaly, aby byly dal\u0161\u00ed kroky v m\u00edrov\u00e9m pl\u00e1nu pro Gazu zprost\u0159edkovan\u00e9m USA pozastaveny, dokud Ham\u00e1s nevr\u00e1t\u00ed zb\u00fdvaj\u00edc\u00ed t\u011bla mrtv\u00fdch v\u011bz\u0148\u016f.<\/span><\/li>\n<li><span dir=\"auto\">\u201eHamas p\u0159esn\u011b v\u00ed, kde se ka\u017ed\u00fd z mrtv\u00fdch rukojm\u00edch nach\u00e1z\u00ed. Od data stanoven\u00e9ho v dohod\u011b o n\u00e1vratu v\u0161ech 48 rukojm\u00edch uplynuly dva t\u00fddny, p\u0159esto 13 z nich z\u016fst\u00e1v\u00e1 ve vazb\u011b Hamasu,\u201c uv\u00e1d\u00ed F\u00f3rum rukojm\u00edch a poh\u0159e\u0161ovan\u00fdch rodin.<\/span><\/li>\n<\/ul>\n<p><span dir=\"auto\">Izraelsk\u00e1 arm\u00e1da d\u00e1le obvinila Ham\u00e1s z veden\u00ed propagandistick\u00e9 kampan\u011b, kter\u00e1 l\u017ee o snah\u00e1ch o navr\u00e1cen\u00ed zabit\u00fdch rukojm\u00edch:<\/span><\/p>\n<p><em><span dir=\"auto\">Ham\u00e1s l\u017ee o na\u0161ich rukojm\u00edch a zde je d\u016fkaz: V\u010dera byli terorist\u00e9 Ham\u00e1su nato\u010deni, jak vyn\u00e1\u0161ej\u00ed lidsk\u00e9 ostatky z p\u0159ipraven\u00e9ho brlohu a znovu je poh\u0159b\u00edvaj\u00ed pobl\u00ed\u017e. Pot\u00e9 si p\u0159edvolali z\u00e1stupce \u010cerven\u00e9ho k\u0159\u00ed\u017ee, aby pro fotografy zinscenovali fingovan\u00fd \u201eobjev\u201c. A\u010dkoli Ham\u00e1s tvrd\u00ed, \u017ee je obt\u00ed\u017en\u00e9 naj\u00edt t\u011bla zesnul\u00fdch rukojm\u00edch, nad\u00e1le zadr\u017euje a manipuluje s ostatky, kter\u00e9 odm\u00edt\u00e1 vydat na z\u00e1klad\u011b dohody. Tvrzen\u00ed Ham\u00e1su o nedostatku technick\u00e9ho vybaven\u00ed jsou neopodstatn\u011bn\u00e1. Takov\u00e9 n\u00e1stroje nejsou pro p\u0159epravu ostatk\u016f nezbytn\u00e9 ani nebr\u00e1n\u00ed n\u00e1vratu zesnul\u00fdch rukojm\u00edch.<\/span><\/em><\/p>\n<div class=\"twitter-tweet twitter-tweet-rendered\"><iframe id=\"twitter-widget-1\" class=\"\" title=\"X Post\" src=\"https:\/\/platform.twitter.com\/embed\/Tweet.html?dnt=false&amp;embedId=twitter-widget-1&amp;features=eyJ0ZndfdGltZWxpbmVfbGlzdCI6eyJidWNrZXQiOltdLCJ2ZXJzaW9uIjpudWxsfSwidGZ3X2ZvbGxvd2VyX2NvdW50X3N1bnNldCI6eyJidWNrZXQiOnRydWUsInZlcnNpb24iOm51bGx9LCJ0ZndfdHdlZXRfZWRpdF9iYWNrZW5kIjp7ImJ1Y2tldCI6Im9uIiwidmVyc2lvbiI6bnVsbH0sInRmd19yZWZzcmNfc2Vzc2lvbiI6eyJidWNrZXQiOiJvbiIsInZlcnNpb24iOm51bGx9LCJ0ZndfZm9zbnJfc29mdF9pbnRlcnZlbnRpb25zX2VuYWJsZWQiOnsiYnVja2V0Ijoib24iLCJ2ZXJzaW9uIjpudWxsfSwidGZ3X21peGVkX21lZGlhXzE1ODk3Ijp7ImJ1Y2tldCI6InRyZWF0bWVudCIsInZlcnNpb24iOm51bGx9LCJ0ZndfZXhwZXJpbWVudHNfY29va2llX2V4cGlyYXRpb24iOnsiYnVja2V0IjoxMjA5NjAwLCJ2ZXJzaW9uIjpudWxsfSwidGZ3X3Nob3dfYmlyZHdhdGNoX3Bpdm90c19lbmFibGVkIjp7ImJ1Y2tldCI6Im9uIiwidmVyc2lvbiI6bnVsbH0sInRmd19kdXBsaWNhdGVfc2NyaWJlc190b19zZXR0aW5ncyI6eyJidWNrZXQiOiJvbiIsInZlcnNpb24iOm51bGx9LCJ0ZndfdXNlX3Byb2ZpbGVfaW1hZ2Vfc2hhcGVfZW5hYmxlZCI6eyJidWNrZXQiOiJvbiIsInZlcnNpb24iOm51bGx9LCJ0ZndfdmlkZW9faGxzX2R5bmFtaWNfbWFuaWZlc3RzXzE1MDgyIjp7ImJ1Y2tldCI6InRydWVfYml0cmF0ZSIsInZlcnNpb24iOm51bGx9LCJ0ZndfbGVnYWN5X3RpbWVsaW5lX3N1bnNldCI6eyJidWNrZXQiOnRydWUsInZlcnNpb24iOm51bGx9LCJ0ZndfdHdlZXRfZWRpdF9mcm9udGVuZCI6eyJidWNrZXQiOiJvbiIsInZlcnNpb24iOm51bGx9fQ%3D%3D&amp;frame=false&amp;hideCard=false&amp;hideThread=false&amp;id=1983179859951034576&amp;lang=cs&amp;origin=https%3A%2F%2Funcutnews.ch%2Fnetanyahus-vergeltung-massive-angriffe-auf-gaza%2F&amp;sessionId=23f4db6ddbe88a01e4cd2540ed87a68119f4902c&amp;theme=light&amp;widgetsVersion=2615f7e52b7e0%3A1702314776716&amp;width=550px\" frameborder=\"0\" scrolling=\"no\" allowfullscreen=\"allowfullscreen\" data-tweet-id=\"1983179859951034576\" data-mce-fragment=\"1\"><\/iframe><\/div>\n<p><span dir=\"auto\">V\u00fdvoj prob\u00edh\u00e1\u2026<\/span><\/p>\n<p><em><span dir=\"auto\">od Tylera Durdena<\/span><\/em><\/p>\n<\/div>\n<\/div>\n<div class=\"elementor-element elementor-element-8c57238 quelle dc-has-condition dc-condition-empty elementor-widget elementor-widget-heading\" data-id=\"8c57238\" data-element_type=\"widget\" data-widget_type=\"heading.default\">\n<div class=\"elementor-widget-container\">\n<h3 class=\"elementor-heading-title elementor-size-default\"><span style=\"font-size: 10pt;\"><a href=\"https:\/\/www.zerohedge.com\/geopolitical\/ceasefire-unraveling-netanyahu-orders-powerful-strikes-gaza\" target=\"_blank\" rel=\"nofollow noopener\"><span dir=\"auto\">Zdroj<\/span><\/a><\/span><\/h3>\n<p>&nbsp;<\/p>\n<\/div>\n<\/div>\n","protected":false},"excerpt":{"rendered":"<p>USA trvaj\u00ed na tom, \u017ee p\u0159\u00edm\u011b\u0159\u00ed bude dodr\u017eov\u00e1no, zat\u00edmco Izrael zahajuje t\u011b\u017ek\u00e9 \u00fatoky na m\u011bsto&#8230;<\/p>\n","protected":false},"author":2,"featured_media":90926,"comment_status":"closed","ping_status":"closed","sticky":false,"template":"","format":"standard","meta":[],"categories":[7],"tags":[4537,348,107,1863],"_links":{"self":[{"href":"https:\/\/www.infokuryr.cz\/n\/wp-json\/wp\/v2\/posts\/90925"}],"collection":[{"href":"https:\/\/www.infokuryr.cz\/n\/wp-json\/wp\/v2\/posts"}],"about":[{"href":"https:\/\/www.infokuryr.cz\/n\/wp-json\/wp\/v2\/types\/post"}],"author":[{"embeddable":true,"href":"https:\/\/www.infokuryr.cz\/n\/wp-json\/wp\/v2\/users\/2"}],"replies":[{"embeddable":true,"href":"https:\/\/www.infokuryr.cz\/n\/wp-json\/wp\/v2\/comments?post=90925"}],"version-history":[{"count":0,"href":"https:\/\/www.infokuryr.cz\/n\/wp-json\/wp\/v2\/posts\/90925\/revisions"}],"wp:featuredmedia":[{"embeddable":true,"href":"https:\/\/www.infokuryr.cz\/n\/wp-json\/wp\/v2\/media\/90926"}],"wp:attachment":[{"href":"https:\/\/www.infokuryr.cz\/n\/wp-json\/wp\/v2\/media?parent=90925"}],"wp:term":[{"taxonomy":"category","embeddable":true,"href":"https:\/\/www.infokuryr.cz\/n\/wp-json\/wp\/v2\/categories?post=90925"},{"taxonomy":"post_tag","embeddable":true,"href":"https:\/\/www.infokuryr.cz\/n\/wp-json\/wp\/v2\/tags?post=90925"}],"curies":[{"name":"wp","href":"https:\/\/api.w.org\/{rel}","templated":true}]}}