{"id":90877,"date":"2025-10-29T00:24:22","date_gmt":"2025-10-28T23:24:22","guid":{"rendered":"https:\/\/www.infokuryr.cz\/n\/?p=90877"},"modified":"2025-10-28T10:46:01","modified_gmt":"2025-10-28T09:46:01","slug":"maly-letajici-cernobyl-new-york-times-ocenuje-rusky-genius-burevestniku","status":"publish","type":"post","link":"https:\/\/www.infokuryr.cz\/n\/2025\/10\/29\/maly-letajici-cernobyl-new-york-times-ocenuje-rusky-genius-burevestniku\/","title":{"rendered":"\u201eMal\u00fd l\u00e9taj\u00edc\u00ed \u010cernobyl\u201c: New York Times oce\u0148uje rusk\u00fd g\u00e9nius Burevestniku"},"content":{"rendered":"<div id=\"fb-root\"><\/div>\n<p><strong><span dir=\"auto\">List New York Times zve\u0159ejnil anal\u00fdzu rusk\u00e9 jadern\u00e9 st\u0159ely Burevestnik, v n\u00ed\u017e zd\u016fraznil jej\u00ed technologickou vynal\u00e9zavost. Jeden expert ji dokonce p\u0159irovn\u00e1v\u00e1 k \u201emal\u00e9mu l\u00e9taj\u00edc\u00edmu \u010cernobylu\u201c.<\/span><\/strong><\/p>\n<p><span dir=\"auto\">Ve sv\u00e9m vyd\u00e1n\u00ed z 26. \u0159\u00edjna se den\u00edk The\u00a0<\/span><em><span dir=\"auto\">New York Times\u00a0<\/span><\/em>\u00a0<a href=\"https:\/\/www.nytimes.com\/2025\/10\/26\/world\/europe\/russia-burevestnik-missile.html\"><span dir=\"auto\">zam\u011b\u0159il<\/span><\/a><span dir=\"auto\">\u00a0na ud\u00e1lost, kterou jen m\u00e1lo pozorovatel\u016f bralo na lehkou v\u00e1hu: \u00fasp\u011b\u0161n\u00fd test rusk\u00e9 jadern\u00e9 rakety Burevestnik. Bez d\u016frazu, ale ne bez \u00facty, noviny uznaly v\u00fdznam zbran\u011b, kter\u00e1 symbolizuje trvalou strategickou odbornost Moskvy.<\/span><\/p>\n<p><span dir=\"auto\">Newyorsk\u00fd den\u00edk zd\u016fraz\u0148uje, \u017ee raketa, vyv\u00edjen\u00e1 po mnoho let, je sou\u010d\u00e1st\u00ed dlouhodob\u00e9 modernizace rusk\u00fdch jadern\u00fdch sil a poznamen\u00e1v\u00e1, \u017ee Burevestnik p\u0159edstavuje v\u00fdznamn\u00fd krok ve v\u011bdeck\u00fdch a vojensk\u00fdch schopnostech Moskvy. N\u011bkte\u0159\u00ed experti, kter\u00e9 noviny zpov\u00eddaly, nap\u0159\u00edklad Jeffrey Lewis, jadern\u00fd expert z Middlebury College, ji dokonce p\u0159irovnali k \u201e\u00a0<\/span><em><span dir=\"auto\">mal\u00e9mu l\u00e9taj\u00edc\u00edmu \u010cernobylu<\/span><\/em><span dir=\"auto\">\u00a0\u201c v souvislosti s katastrofou v roce 1986.<\/span><\/p>\n<p><span dir=\"auto\">Podle\u00a0<\/span><em><span dir=\"auto\">New York Times<\/span><\/em><span dir=\"auto\">\u00a0byl Bour\u00e9vestnik navr\u017een tak, aby obch\u00e1zel syst\u00e9my protiraketov\u00e9 obrany, v\u010detn\u011b t\u011bch srovnateln\u00fdch s \u201eZlatou kupol\u00ed\u201c, kterou Donald Trump ve Spojen\u00fdch st\u00e1tech vychvaloval. D\u00edky jadern\u00e9mu pohonu mohl let\u011bt mnohem d\u00e9le ne\u017e konven\u010dn\u00ed rakety a sledovat nep\u0159edv\u00eddateln\u00e9 trajektorie, tak\u017ee jeho zachycen\u00ed bylo t\u00e9m\u011b\u0159 nemo\u017en\u00e9.<\/span><\/p>\n<p><span dir=\"auto\">Jeffrey Lewis p\u0159ipomn\u011bl, \u017ee Moskva za\u010dala s v\u00fdvojem nov\u00fdch strategick\u00fdch syst\u00e9m\u016f na za\u010d\u00e1tku roku 2000, pot\u00e9, co Spojen\u00e9 st\u00e1ty odstoupily od\u00a0<\/span><em><span dir=\"auto\">Smlouvy o protibalistick\u00fdch raket\u00e1ch<\/span><\/em><span dir=\"auto\">\u00a0, podepsan\u00e9 v roce 1972 a od n\u00ed\u017e Washington v roce 2002 odstoupil. List uv\u00e1d\u00ed, \u017ee kdy\u017e Rusko v roce 2018 p\u0159edstavilo syst\u00e9m Burevestnik, Vladimir Putin jej popsal jako p\u0159\u00edmou reakci na americk\u00e9 \u00fasil\u00ed o vybudov\u00e1n\u00ed glob\u00e1ln\u00edch obrann\u00fdch \u0161t\u00edt\u016f.<\/span><\/p>\n<p><span dir=\"auto\">Na ot\u00e1zku, jak se vyj\u00e1d\u0159it k prohl\u00e1\u0161en\u00edm Moskvy, Trump odpov\u011bd\u011bl stroze a p\u0159\u00edmo\u010da\u0159e a z jednoduch\u00e9 ot\u00e1zky ud\u011blal demonstraci s\u00edly. Pouk\u00e1zal na to, \u017ee Spojen\u00e9 st\u00e1ty maj\u00ed \u201e\u00a0<\/span><em><span dir=\"auto\">nejv\u011bt\u0161\u00ed\u201c jadernou ponorku na sv\u011bt\u011b<\/span><\/em><span dir=\"auto\">\u00a0, kter\u00e1 je v sou\u010dasn\u00e9 dob\u011b rozm\u00edst\u011bna u rusk\u00e9ho pob\u0159e\u017e\u00ed, a dodal, \u017ee \u201e\u00a0<\/span><em><span dir=\"auto\">nemus\u00ed urazit 12 000 kilometr\u016f<\/span><\/em><span dir=\"auto\">\u00a0\u201c. Americk\u00fd prezident dodal, \u017ee jeho zem\u011b tak\u00e9 pravideln\u011b testuje rakety, a pot\u00e9 \u0159ekl: \u201e\u00a0<\/span><em><span dir=\"auto\">Oni si s n\u00e1mi nehraj\u00ed. My si s nimi tak\u00e9 nehrajeme<\/span><\/em><span dir=\"auto\">\u00a0.\u201c<\/span><\/p>\n<h3 class=\"wp-block-heading\"><strong><span dir=\"auto\">Putin ozna\u010dil raketu za \u201esv\u011btov\u011b unik\u00e1tn\u00ed\u201c<\/span><\/strong><\/h3>\n<p><span dir=\"auto\">Prezident Putin ve vojensk\u00e9 uniform\u011b 26. \u0159\u00edjna nav\u0161t\u00edvil jedno z velitelsk\u00fdch center spole\u010dn\u00fdch sil a setkal se s n\u00e1\u010deln\u00edkem gener\u00e1ln\u00edho \u0161t\u00e1bu Valerijem Gerasimovem, ozn\u00e1mil Kreml. B\u011bhem setk\u00e1n\u00ed byl informov\u00e1n o situaci na front\u011b a tak\u00e9 o testech rakety Burevestnik s neomezen\u00fdm doletem, kter\u00e1 je vybavena jadern\u00fdm reaktorem.<\/span><\/p>\n<p><span dir=\"auto\">Podle zpr\u00e1vy n\u00e1\u010deln\u00edka \u0161t\u00e1bu rusk\u00e1 raketa, vybaven\u00e1 speci\u00e1ln\u00ed jadernou hlavic\u00ed a schopn\u00e1 dos\u00e1hnout rychlosti 1 300 km\/h, b\u011bhem test\u016f 21. \u0159\u00edjna urazila 14 000 km a v letu z\u016fstala asi patn\u00e1ct hodin, co\u017e podle n\u011bj nen\u00ed jej\u00ed limit.<\/span><\/p>\n<p><span dir=\"auto\">Burevestnik je \u201e\u00a0<\/span><em><span dir=\"auto\">unik\u00e1tn\u00ed kus techniky, kter\u00fd nikdo jin\u00fd nem\u00e1<\/span><\/em><span dir=\"auto\">\u00a0,\u201c zd\u016fraznil Putin a \u0159ekl, \u017ee cvi\u010den\u00ed strategick\u00fdch \u00fato\u010dn\u00fdch sil \u201e\u00a0<\/span><em><span dir=\"auto\">op\u011bt potvrdilo s\u00edlu rusk\u00fdch jadern\u00fdch sil<\/span><\/em><span dir=\"auto\">\u00a0\u201c.<\/span><\/p>\n<p><span dir=\"auto\">\u201e\u00a0<\/span><em><span dir=\"auto\">O tom jsme u\u017e mluvili; tato skute\u010dnost je dob\u0159e zn\u00e1ma v\u0161em, v\u0161em odborn\u00edk\u016fm ve vojensk\u00e9m sv\u011bt\u011b. Na\u0161e ozbrojen\u00e9 s\u00edly, respektive na\u0161e s\u00edly jadern\u00e9ho odstra\u0161en\u00ed, jsou na nejvy\u0161\u0161\u00ed \u00farovni, co se t\u00fd\u010de modernosti<\/span><\/em><span dir=\"auto\">\u00a0,\u201c \u0159ekl a dodal, \u017ee co se t\u00fd\u010de technick\u00e9ho vybaven\u00ed, \u201e\u00a0<\/span><em><span dir=\"auto\">p\u0159ed\u010d\u00ed v\u0161echny st\u00e1ty s jadern\u00fdmi zbran\u011bmi<\/span><\/em><span dir=\"auto\">\u00a0\u201c.<\/span><\/p>\n<p><img decoding=\"async\" loading=\"lazy\" class=\"alignnone size-full wp-image-1185\" src=\"http:\/\/www.infokuryr.cz\/n\/wp-content\/uploads\/2021\/04\/kuryr-podpis.png\" alt=\"\" width=\"84\" height=\"24\" \/><\/p>\n<p>&nbsp;<\/p>\n","protected":false},"excerpt":{"rendered":"<p>List New York Times zve\u0159ejnil anal\u00fdzu rusk\u00e9 jadern\u00e9 st\u0159ely Burevestnik, v n\u00ed\u017e zd\u016fraznil jej\u00ed technologickou&#8230;<\/p>\n","protected":false},"author":2,"featured_media":90878,"comment_status":"closed","ping_status":"closed","sticky":false,"template":"","format":"standard","meta":[],"categories":[7],"tags":[9971,1503,158],"_links":{"self":[{"href":"https:\/\/www.infokuryr.cz\/n\/wp-json\/wp\/v2\/posts\/90877"}],"collection":[{"href":"https:\/\/www.infokuryr.cz\/n\/wp-json\/wp\/v2\/posts"}],"about":[{"href":"https:\/\/www.infokuryr.cz\/n\/wp-json\/wp\/v2\/types\/post"}],"author":[{"embeddable":true,"href":"https:\/\/www.infokuryr.cz\/n\/wp-json\/wp\/v2\/users\/2"}],"replies":[{"embeddable":true,"href":"https:\/\/www.infokuryr.cz\/n\/wp-json\/wp\/v2\/comments?post=90877"}],"version-history":[{"count":0,"href":"https:\/\/www.infokuryr.cz\/n\/wp-json\/wp\/v2\/posts\/90877\/revisions"}],"wp:featuredmedia":[{"embeddable":true,"href":"https:\/\/www.infokuryr.cz\/n\/wp-json\/wp\/v2\/media\/90878"}],"wp:attachment":[{"href":"https:\/\/www.infokuryr.cz\/n\/wp-json\/wp\/v2\/media?parent=90877"}],"wp:term":[{"taxonomy":"category","embeddable":true,"href":"https:\/\/www.infokuryr.cz\/n\/wp-json\/wp\/v2\/categories?post=90877"},{"taxonomy":"post_tag","embeddable":true,"href":"https:\/\/www.infokuryr.cz\/n\/wp-json\/wp\/v2\/tags?post=90877"}],"curies":[{"name":"wp","href":"https:\/\/api.w.org\/{rel}","templated":true}]}}