{"id":90871,"date":"2025-10-29T00:22:56","date_gmt":"2025-10-28T23:22:56","guid":{"rendered":"https:\/\/www.infokuryr.cz\/n\/?p=90871"},"modified":"2025-10-28T10:36:24","modified_gmt":"2025-10-28T09:36:24","slug":"putinova-nova-superzbran-burevestnik-jak-nebezpecna-je","status":"publish","type":"post","link":"https:\/\/www.infokuryr.cz\/n\/2025\/10\/29\/putinova-nova-superzbran-burevestnik-jak-nebezpecna-je\/","title":{"rendered":"Putinova nov\u00e1 \u201esuperzbra\u0148\u201c Burevestnik \u2013 jak nebezpe\u010dn\u00e1 je?"},"content":{"rendered":"<div id=\"fb-root\"><\/div>\n<p><strong><span dir=\"auto\">Po fat\u00e1ln\u00edch z\u00e1vad\u00e1ch b\u011bhem v\u00fdvojov\u00e9 f\u00e1ze se zd\u00e1, \u017ee jadern\u00e1 st\u0159ela Burevestnik s plochou dr\u00e1hou letu je nyn\u00ed v provozu. Prezidentu Putinovi byl p\u0159edlo\u017een \u00fasp\u011b\u0161n\u00fd test. Co to znamen\u00e1 pro Z\u00e1pad?<\/span><\/strong><\/p>\n<p><span dir=\"auto\">Rusk\u00fd obrann\u00fd pr\u016fmysl se ji\u017e l\u00e9ta zam\u011b\u0159uje na v\u00fdvoj nov\u00fdch, inovativn\u00edch zbra\u0148ov\u00fdch syst\u00e9m\u016f. Krom\u011b hypersonick\u00fdch raket, jako je Ore\u0161nik, a nov\u00fdch syst\u00e9m\u016f protivzdu\u0161n\u00e9 obrany, jako je S-500, sem pat\u0159\u00ed i st\u0159ela s plochou dr\u00e1hou letu 9M730 Burevestnik (Storm Petrel), poh\u00e1n\u011bn\u00e1 mini-jadern\u00fdm reaktorem. Podle Moskvy tato st\u0159ela ulet\u011bla na vzd\u00e1lenost 14 000 kilometr\u016f a ve vzduchu byla p\u0159ibli\u017en\u011b 15 hodin.<\/span><\/p>\n<figure class=\"wp-block-embed is-type-rich is-provider-twitter wp-block-embed-twitter\">\n<div class=\"wp-block-embed__wrapper\">\n<div class=\"twitter-tweet twitter-tweet-rendered\"><iframe id=\"twitter-widget-0\" class=\"\" title=\"X P\u0159\u00edsp\u011bvek\" src=\"https:\/\/platform.twitter.com\/embed\/Tweet.html?dnt=true&amp;embedId=twitter-widget-0&amp;features=eyJ0ZndfdGltZWxpbmVfbGlzdCI6eyJidWNrZXQiOltdLCJ2ZXJzaW9uIjpudWxsfSwidGZ3X2ZvbGxvd2VyX2NvdW50X3N1bnNldCI6eyJidWNrZXQiOnRydWUsInZlcnNpb24iOm51bGx9LCJ0ZndfdHdlZXRfZWRpdF9iYWNrZW5kIjp7ImJ1Y2tldCI6Im9uIiwidmVyc2lvbiI6bnVsbH0sInRmd19yZWZzcmNfc2Vzc2lvbiI6eyJidWNrZXQiOiJvbiIsInZlcnNpb24iOm51bGx9LCJ0ZndfZm9zbnJfc29mdF9pbnRlcnZlbnRpb25zX2VuYWJsZWQiOnsiYnVja2V0Ijoib24iLCJ2ZXJzaW9uIjpudWxsfSwidGZ3X21peGVkX21lZGlhXzE1ODk3Ijp7ImJ1Y2tldCI6InRyZWF0bWVudCIsInZlcnNpb24iOm51bGx9LCJ0ZndfZXhwZXJpbWVudHNfY29va2llX2V4cGlyYXRpb24iOnsiYnVja2V0IjoxMjA5NjAwLCJ2ZXJzaW9uIjpudWxsfSwidGZ3X3Nob3dfYmlyZHdhdGNoX3Bpdm90c19lbmFibGVkIjp7ImJ1Y2tldCI6Im9uIiwidmVyc2lvbiI6bnVsbH0sInRmd19kdXBsaWNhdGVfc2NyaWJlc190b19zZXR0aW5ncyI6eyJidWNrZXQiOiJvbiIsInZlcnNpb24iOm51bGx9LCJ0ZndfdXNlX3Byb2ZpbGVfaW1hZ2Vfc2hhcGVfZW5hYmxlZCI6eyJidWNrZXQiOiJvbiIsInZlcnNpb24iOm51bGx9LCJ0ZndfdmlkZW9faGxzX2R5bmFtaWNfbWFuaWZlc3RzXzE1MDgyIjp7ImJ1Y2tldCI6InRydWVfYml0cmF0ZSIsInZlcnNpb24iOm51bGx9LCJ0ZndfbGVnYWN5X3RpbWVsaW5lX3N1bnNldCI6eyJidWNrZXQiOnRydWUsInZlcnNpb24iOm51bGx9LCJ0ZndfdHdlZXRfZWRpdF9mcm9udGVuZCI6eyJidWNrZXQiOiJvbiIsInZlcnNpb24iOm51bGx9fQ%3D%3D&amp;frame=false&amp;hideCard=false&amp;hideThread=false&amp;id=1982373345275396152&amp;lang=cs&amp;origin=https%3A%2F%2Freport24.news%2Fputins-neue-superwaffe-burewestnik-wie-gefaehrlich-ist-sie%2F&amp;sessionId=7c2198dc92f704485648dfeeb2796b92810717f9&amp;theme=light&amp;widgetsVersion=2615f7e52b7e0%3A1702314776716&amp;width=550px\" frameborder=\"0\" scrolling=\"no\" allowfullscreen=\"allowfullscreen\" data-tweet-id=\"1982373345275396152\" data-mce-fragment=\"1\"><\/iframe><\/div>\n<\/div>\n<\/figure>\n<p><span dir=\"auto\">Prezident Putin vyu\u017eil t\u00e9to technick\u00e9 demonstrace k tvrzen\u00ed, \u017ee tato st\u0159ela je prakticky neporaziteln\u00e1. Sou\u010dasn\u00e9 i budouc\u00ed syst\u00e9my protivzdu\u0161n\u00e9 obrany by ji nebyly schopny zachytit, proto\u017ee jej\u00ed trajektorie je nep\u0159edv\u00eddateln\u00e1. Tato \u0159\u00edzen\u00e1 st\u0159ela nav\u00edc m\u016f\u017ee let\u011bt rychlost\u00ed p\u0159ibli\u017en\u011b 850 a\u017e 1350 km\/h, a to jen n\u011bkolik metr\u016f nad zem\u00ed, co\u017e konven\u010dn\u00edm radarov\u00fdm syst\u00e9m\u016fm zt\u011b\u017euje jej\u00ed detekci.<\/span><\/p>\n<figure class=\"wp-block-embed is-type-rich is-provider-twitter wp-block-embed-twitter\">\n<div class=\"wp-block-embed__wrapper\">\n<div class=\"twitter-tweet twitter-tweet-rendered\"><iframe id=\"twitter-widget-1\" class=\"\" title=\"X P\u0159\u00edsp\u011bvek\" src=\"https:\/\/platform.twitter.com\/embed\/Tweet.html?dnt=true&amp;embedId=twitter-widget-1&amp;features=eyJ0ZndfdGltZWxpbmVfbGlzdCI6eyJidWNrZXQiOltdLCJ2ZXJzaW9uIjpudWxsfSwidGZ3X2ZvbGxvd2VyX2NvdW50X3N1bnNldCI6eyJidWNrZXQiOnRydWUsInZlcnNpb24iOm51bGx9LCJ0ZndfdHdlZXRfZWRpdF9iYWNrZW5kIjp7ImJ1Y2tldCI6Im9uIiwidmVyc2lvbiI6bnVsbH0sInRmd19yZWZzcmNfc2Vzc2lvbiI6eyJidWNrZXQiOiJvbiIsInZlcnNpb24iOm51bGx9LCJ0ZndfZm9zbnJfc29mdF9pbnRlcnZlbnRpb25zX2VuYWJsZWQiOnsiYnVja2V0Ijoib24iLCJ2ZXJzaW9uIjpudWxsfSwidGZ3X21peGVkX21lZGlhXzE1ODk3Ijp7ImJ1Y2tldCI6InRyZWF0bWVudCIsInZlcnNpb24iOm51bGx9LCJ0ZndfZXhwZXJpbWVudHNfY29va2llX2V4cGlyYXRpb24iOnsiYnVja2V0IjoxMjA5NjAwLCJ2ZXJzaW9uIjpudWxsfSwidGZ3X3Nob3dfYmlyZHdhdGNoX3Bpdm90c19lbmFibGVkIjp7ImJ1Y2tldCI6Im9uIiwidmVyc2lvbiI6bnVsbH0sInRmd19kdXBsaWNhdGVfc2NyaWJlc190b19zZXR0aW5ncyI6eyJidWNrZXQiOiJvbiIsInZlcnNpb24iOm51bGx9LCJ0ZndfdXNlX3Byb2ZpbGVfaW1hZ2Vfc2hhcGVfZW5hYmxlZCI6eyJidWNrZXQiOiJvbiIsInZlcnNpb24iOm51bGx9LCJ0ZndfdmlkZW9faGxzX2R5bmFtaWNfbWFuaWZlc3RzXzE1MDgyIjp7ImJ1Y2tldCI6InRydWVfYml0cmF0ZSIsInZlcnNpb24iOm51bGx9LCJ0ZndfbGVnYWN5X3RpbWVsaW5lX3N1bnNldCI6eyJidWNrZXQiOnRydWUsInZlcnNpb24iOm51bGx9LCJ0ZndfdHdlZXRfZWRpdF9mcm9udGVuZCI6eyJidWNrZXQiOiJvbiIsInZlcnNpb24iOm51bGx9fQ%3D%3D&amp;frame=false&amp;hideCard=false&amp;hideThread=false&amp;id=1982348349521961180&amp;lang=cs&amp;origin=https%3A%2F%2Freport24.news%2Fputins-neue-superwaffe-burewestnik-wie-gefaehrlich-ist-sie%2F&amp;sessionId=7c2198dc92f704485648dfeeb2796b92810717f9&amp;theme=light&amp;widgetsVersion=2615f7e52b7e0%3A1702314776716&amp;width=550px\" frameborder=\"0\" scrolling=\"no\" allowfullscreen=\"allowfullscreen\" data-tweet-id=\"1982348349521961180\" data-mce-fragment=\"1\"><\/iframe><\/div>\n<\/div>\n<\/figure>\n<p><span dir=\"auto\">I kdybychom m\u011bli rozli\u0161ovat mezi propagandou a fakty \u2013 jak je tomu v\u017edy, kdy\u017e jde o \u00fadajn\u00e9 \u201esuperzbran\u011b\u201c \u2013 v\u00fdvoj Burevestniku jist\u011b p\u0159edstavuje pro NATO v\u00fdzvu. Minijadern\u00fd reaktor umo\u017e\u0148uje t\u00e9to p\u0159ibli\u017en\u011b desetimetrov\u00e9 st\u0159ele s plochou dr\u00e1hou letu, vybaven\u00e9 hlavic\u00ed o s\u00edle jedn\u00e9 a\u017e dvou megatun, teoreticky l\u00e9tat po cel\u00e9m sv\u011bt\u011b t\u00fddny, ani\u017e by byla odhalena, a pouze \u010dekat na vstup od c\u00edle.<\/span><\/p>\n<figure class=\"wp-block-embed is-type-rich is-provider-twitter wp-block-embed-twitter\">\n<div class=\"wp-block-embed__wrapper\">\n<div class=\"twitter-tweet twitter-tweet-rendered\"><iframe id=\"twitter-widget-2\" class=\"\" title=\"X P\u0159\u00edsp\u011bvek\" src=\"https:\/\/platform.twitter.com\/embed\/Tweet.html?dnt=true&amp;embedId=twitter-widget-2&amp;features=eyJ0ZndfdGltZWxpbmVfbGlzdCI6eyJidWNrZXQiOltdLCJ2ZXJzaW9uIjpudWxsfSwidGZ3X2ZvbGxvd2VyX2NvdW50X3N1bnNldCI6eyJidWNrZXQiOnRydWUsInZlcnNpb24iOm51bGx9LCJ0ZndfdHdlZXRfZWRpdF9iYWNrZW5kIjp7ImJ1Y2tldCI6Im9uIiwidmVyc2lvbiI6bnVsbH0sInRmd19yZWZzcmNfc2Vzc2lvbiI6eyJidWNrZXQiOiJvbiIsInZlcnNpb24iOm51bGx9LCJ0ZndfZm9zbnJfc29mdF9pbnRlcnZlbnRpb25zX2VuYWJsZWQiOnsiYnVja2V0Ijoib24iLCJ2ZXJzaW9uIjpudWxsfSwidGZ3X21peGVkX21lZGlhXzE1ODk3Ijp7ImJ1Y2tldCI6InRyZWF0bWVudCIsInZlcnNpb24iOm51bGx9LCJ0ZndfZXhwZXJpbWVudHNfY29va2llX2V4cGlyYXRpb24iOnsiYnVja2V0IjoxMjA5NjAwLCJ2ZXJzaW9uIjpudWxsfSwidGZ3X3Nob3dfYmlyZHdhdGNoX3Bpdm90c19lbmFibGVkIjp7ImJ1Y2tldCI6Im9uIiwidmVyc2lvbiI6bnVsbH0sInRmd19kdXBsaWNhdGVfc2NyaWJlc190b19zZXR0aW5ncyI6eyJidWNrZXQiOiJvbiIsInZlcnNpb24iOm51bGx9LCJ0ZndfdXNlX3Byb2ZpbGVfaW1hZ2Vfc2hhcGVfZW5hYmxlZCI6eyJidWNrZXQiOiJvbiIsInZlcnNpb24iOm51bGx9LCJ0ZndfdmlkZW9faGxzX2R5bmFtaWNfbWFuaWZlc3RzXzE1MDgyIjp7ImJ1Y2tldCI6InRydWVfYml0cmF0ZSIsInZlcnNpb24iOm51bGx9LCJ0ZndfbGVnYWN5X3RpbWVsaW5lX3N1bnNldCI6eyJidWNrZXQiOnRydWUsInZlcnNpb24iOm51bGx9LCJ0ZndfdHdlZXRfZWRpdF9mcm9udGVuZCI6eyJidWNrZXQiOiJvbiIsInZlcnNpb24iOm51bGx9fQ%3D%3D&amp;frame=false&amp;hideCard=false&amp;hideThread=false&amp;id=1982392205592424898&amp;lang=cs&amp;origin=https%3A%2F%2Freport24.news%2Fputins-neue-superwaffe-burewestnik-wie-gefaehrlich-ist-sie%2F&amp;sessionId=7c2198dc92f704485648dfeeb2796b92810717f9&amp;theme=light&amp;widgetsVersion=2615f7e52b7e0%3A1702314776716&amp;width=550px\" frameborder=\"0\" scrolling=\"no\" allowfullscreen=\"allowfullscreen\" data-tweet-id=\"1982392205592424898\" data-mce-fragment=\"1\"><\/iframe><\/div>\n<\/div>\n<\/figure>\n<p><span dir=\"auto\">V extr\u00e9mn\u00edm sc\u00e9n\u00e1\u0159i by des\u00edtky vojensk\u00fdch z\u00e1kladen NATO v Evrop\u011b a mo\u017en\u00e1 i na Bl\u00edzk\u00e9m v\u00fdchod\u011b a ve v\u00fdchodn\u00ed Asii mohly b\u00fdt ve velmi kr\u00e1tk\u00e9m \u010dase, prakticky z ni\u010deho nic, sp\u00e1leny taktick\u00fdmi jadern\u00fdmi hlavicemi. C\u00edlem by se mohly st\u00e1t i americk\u00e9 vojensk\u00e9 z\u00e1kladny v samotn\u00fdch Spojen\u00fdch st\u00e1tech. Je v\u0161ak d\u016fle\u017eit\u00e9 si uv\u011bdomit, \u017ee tato \u201esuperzbra\u0148\u201c je st\u00e1le ve f\u00e1zi testov\u00e1n\u00ed a b\u011bhem jej\u00edho v\u00fdvoje v posledn\u00edch letech do\u0161lo k opakovan\u00fdm nehod\u00e1m, z nich\u017e n\u011bkter\u00e9 byly smrteln\u00e9.<\/span><\/p>\n<p><span dir=\"auto\">P\u0159esto\u017ee prezident Putin opakovan\u011b jasn\u011b uvedl, \u017ee nem\u00e1 z\u00e1jem o v\u00e1lku s NATO, proto\u017ee by skon\u010dila jadernou v\u00e1lkou zni\u010duj\u00edc\u00ed lidstvo, lze to jist\u011b vn\u00edmat jako varov\u00e1n\u00ed. Zvl\u00e1\u0161t\u011b kdy\u017e \u201eKoalice ochotn\u00fdch\u201c nyn\u00ed v\u00e1\u017en\u011b zva\u017euje rozm\u00edst\u011bn\u00ed evropsk\u00fdch vojsk NATO na Ukrajin\u011b.<\/span><\/p>\n<p><img decoding=\"async\" loading=\"lazy\" class=\"alignnone size-full wp-image-1185\" src=\"http:\/\/www.infokuryr.cz\/n\/wp-content\/uploads\/2021\/04\/kuryr-podpis.png\" alt=\"\" width=\"84\" height=\"24\" \/><\/p>\n<p>&nbsp;<\/p>\n<div id=\"repor-ba1a75f631a9ba5257793a5a5d8ff29e\" class=\"repor-ba1a75f631a9ba5257793a5a5d8ff29e repor-inarticle6\">\n<div id=\"repor-116842960\" class=\"repor-inarticle6\"><\/div>\n<\/div>\n","protected":false},"excerpt":{"rendered":"<p>Po fat\u00e1ln\u00edch z\u00e1vad\u00e1ch b\u011bhem v\u00fdvojov\u00e9 f\u00e1ze se zd\u00e1, \u017ee jadern\u00e1 st\u0159ela Burevestnik s plochou dr\u00e1hou&#8230;<\/p>\n","protected":false},"author":2,"featured_media":90872,"comment_status":"closed","ping_status":"closed","sticky":false,"template":"","format":"standard","meta":[],"categories":[7],"tags":[1042,9971,39,1075],"_links":{"self":[{"href":"https:\/\/www.infokuryr.cz\/n\/wp-json\/wp\/v2\/posts\/90871"}],"collection":[{"href":"https:\/\/www.infokuryr.cz\/n\/wp-json\/wp\/v2\/posts"}],"about":[{"href":"https:\/\/www.infokuryr.cz\/n\/wp-json\/wp\/v2\/types\/post"}],"author":[{"embeddable":true,"href":"https:\/\/www.infokuryr.cz\/n\/wp-json\/wp\/v2\/users\/2"}],"replies":[{"embeddable":true,"href":"https:\/\/www.infokuryr.cz\/n\/wp-json\/wp\/v2\/comments?post=90871"}],"version-history":[{"count":0,"href":"https:\/\/www.infokuryr.cz\/n\/wp-json\/wp\/v2\/posts\/90871\/revisions"}],"wp:featuredmedia":[{"embeddable":true,"href":"https:\/\/www.infokuryr.cz\/n\/wp-json\/wp\/v2\/media\/90872"}],"wp:attachment":[{"href":"https:\/\/www.infokuryr.cz\/n\/wp-json\/wp\/v2\/media?parent=90871"}],"wp:term":[{"taxonomy":"category","embeddable":true,"href":"https:\/\/www.infokuryr.cz\/n\/wp-json\/wp\/v2\/categories?post=90871"},{"taxonomy":"post_tag","embeddable":true,"href":"https:\/\/www.infokuryr.cz\/n\/wp-json\/wp\/v2\/tags?post=90871"}],"curies":[{"name":"wp","href":"https:\/\/api.w.org\/{rel}","templated":true}]}}