{"id":90858,"date":"2025-10-29T00:14:11","date_gmt":"2025-10-28T23:14:11","guid":{"rendered":"https:\/\/www.infokuryr.cz\/n\/?p=90858"},"modified":"2025-10-28T10:11:04","modified_gmt":"2025-10-28T09:11:04","slug":"venezuela-tvrdi-ze-zoldaci-napojeni-na-cia-byli-dopadeni-pri-utoku-pod-falesnou-vlajkou","status":"publish","type":"post","link":"https:\/\/www.infokuryr.cz\/n\/2025\/10\/29\/venezuela-tvrdi-ze-zoldaci-napojeni-na-cia-byli-dopadeni-pri-utoku-pod-falesnou-vlajkou\/","title":{"rendered":"Venezuela tvrd\u00ed, \u017ee \u017eold\u00e1ci napojen\u00ed na CIA byli dopadeni p\u0159i \u201e\u00fatoku pod fale\u0161nou vlajkou\u201c"},"content":{"rendered":"<div id=\"fb-root\"><\/div>\n<div class=\"et_pb_module et_pb_text et_pb_text_0_tb_body  et_pb_text_align_left et_pb_bg_layout_light\">\n<div class=\"et_pb_text_inner\"><span dir=\"auto\">\u201eToto je koloni\u00e1ln\u00ed operace vojensk\u00e9 agrese, jej\u00edm\u017e c\u00edlem je prom\u011bnit Karibik v prostor pro smrt\u00edc\u00ed n\u00e1sil\u00ed a imperi\u00e1ln\u00ed nadvl\u00e1du USA.\u201c<\/span><\/div>\n<\/div>\n<div class=\"et_pb_module et_pb_post_content et_pb_post_content_0_tb_body\">\n<p><span dir=\"auto\">Vl\u00e1da venezuelsk\u00e9ho prezidenta Nicol\u00e1se Madura v ned\u011bli ozn\u00e1mila, \u017ee bezpe\u010dnostn\u00ed s\u00edly jeho zem\u011b zadr\u017eely skupinu \u017eold\u00e1k\u016f spojen\u00fdch s americkou \u00dast\u0159edn\u00ed zpravodajskou slu\u017ebou (CIA), a to necel\u00e9 dva t\u00fddny pot\u00e9, co prezident Donald Trump potvrdil povolen\u00ed k tajn\u00e9 akci CIA proti t\u00e9to jihoamerick\u00e9 zemi.<\/span><\/p>\n<p><span dir=\"auto\">Venezuela \u201ehl\u00e1s\u00ed, \u017ee zajala \u017eoldn\u00e9\u0159skou skupinu s p\u0159\u00edm\u00fdmi informacemi od americk\u00e9 zpravodajsk\u00e9 slu\u017eby CIA, kter\u00e1 je schopna zjistit, \u017ee prob\u00edh\u00e1 \u00fatok pod fale\u0161nou vlajkou z vod hrani\u010d\u00edc\u00edch s Trinidadem a Tobagem nebo z Trinidadu \u010di samotn\u00e9ho venezuelsk\u00e9ho \u00fazem\u00ed,\u201c uvedla venezuelsk\u00e1 vl\u00e1da ve sv\u00e9m\u00a0<\/span><a class=\"rm-stats-tracked\" href=\"https:\/\/x.com\/TamanishaJohn\/status\/1982646265864471026\" target=\"_blank\" rel=\"noopener\"><span dir=\"auto\">prohl\u00e1\u0161en\u00ed<\/span><\/a><span dir=\"auto\">\u00a0.<\/span><\/p>\n<p><span dir=\"auto\">\u201eTato pl\u00e1novan\u00e1 akce dokonale evokuje provokaci bitevn\u00ed lodi\u00a0<\/span><em><span dir=\"auto\">Maine<\/span><\/em><span dir=\"auto\">\u00a0a Tonkinsk\u00e9ho z\u00e1livu, kter\u00e1 dala v roce 1898 podn\u011bt k v\u00e1lce proti \u0160pan\u011blsku s c\u00edlem obsadit Kubu a umo\u017enila americk\u00e9mu Kongresu schv\u00e1lit zapojen\u00ed do v\u011b\u010dn\u00e9 v\u00e1lky proti Vietnamu v roce 1964, z n\u00ed\u017e vy\u0161li pora\u017eeni vietnamsk\u00fdm lidem pot\u00e9, co \u010delili nevy\u010d\u00edsliteln\u00e9mu ni\u010den\u00ed a politov\u00e1n\u00edhodn\u00fdm lidsk\u00fdm ztr\u00e1t\u00e1m,\u201c pokra\u010duje prohl\u00e1\u0161en\u00ed.<\/span><\/p>\n<p><span dir=\"auto\">\u201eVl\u00e1da premi\u00e9rky Kamly Persad-Bissessarov\u00e9 se vzdala suverenity Trinidadu a Tobaga, aby se chovala jako vojensk\u00e1 kolonie pod\u0159\u00edzen\u00e1 hegemonick\u00fdm z\u00e1jm\u016fm USA a prom\u011bnila jeho \u00fazem\u00ed v americkou letadlovou lo\u010f pro v\u00e1lku v cel\u00e9m Karibiku proti Venezuele, Kolumbii a cel\u00e9 Ji\u017en\u00ed Americe,\u201c prohl\u00e1sil Caracas.<\/span><\/p>\n<div class=\"embed-twitter\">\n<div class=\"twitter-tweet twitter-tweet-rendered\"><iframe id=\"twitter-widget-1\" class=\"\" title=\"X Post\" src=\"https:\/\/platform.twitter.com\/embed\/Tweet.html?dnt=true&amp;embedId=twitter-widget-1&amp;features=eyJ0ZndfdGltZWxpbmVfbGlzdCI6eyJidWNrZXQiOltdLCJ2ZXJzaW9uIjpudWxsfSwidGZ3X2ZvbGxvd2VyX2NvdW50X3N1bnNldCI6eyJidWNrZXQiOnRydWUsInZlcnNpb24iOm51bGx9LCJ0ZndfdHdlZXRfZWRpdF9iYWNrZW5kIjp7ImJ1Y2tldCI6Im9uIiwidmVyc2lvbiI6bnVsbH0sInRmd19yZWZzcmNfc2Vzc2lvbiI6eyJidWNrZXQiOiJvbiIsInZlcnNpb24iOm51bGx9LCJ0ZndfZm9zbnJfc29mdF9pbnRlcnZlbnRpb25zX2VuYWJsZWQiOnsiYnVja2V0Ijoib24iLCJ2ZXJzaW9uIjpudWxsfSwidGZ3X21peGVkX21lZGlhXzE1ODk3Ijp7ImJ1Y2tldCI6InRyZWF0bWVudCIsInZlcnNpb24iOm51bGx9LCJ0ZndfZXhwZXJpbWVudHNfY29va2llX2V4cGlyYXRpb24iOnsiYnVja2V0IjoxMjA5NjAwLCJ2ZXJzaW9uIjpudWxsfSwidGZ3X3Nob3dfYmlyZHdhdGNoX3Bpdm90c19lbmFibGVkIjp7ImJ1Y2tldCI6Im9uIiwidmVyc2lvbiI6bnVsbH0sInRmd19kdXBsaWNhdGVfc2NyaWJlc190b19zZXR0aW5ncyI6eyJidWNrZXQiOiJvbiIsInZlcnNpb24iOm51bGx9LCJ0ZndfdXNlX3Byb2ZpbGVfaW1hZ2Vfc2hhcGVfZW5hYmxlZCI6eyJidWNrZXQiOiJvbiIsInZlcnNpb24iOm51bGx9LCJ0ZndfdmlkZW9faGxzX2R5bmFtaWNfbWFuaWZlc3RzXzE1MDgyIjp7ImJ1Y2tldCI6InRydWVfYml0cmF0ZSIsInZlcnNpb24iOm51bGx9LCJ0ZndfbGVnYWN5X3RpbWVsaW5lX3N1bnNldCI6eyJidWNrZXQiOnRydWUsInZlcnNpb24iOm51bGx9LCJ0ZndfdHdlZXRfZWRpdF9mcm9udGVuZCI6eyJidWNrZXQiOiJvbiIsInZlcnNpb24iOm51bGx9fQ%3D%3D&amp;frame=false&amp;hideCard=false&amp;hideThread=false&amp;id=1982646265864471026&amp;lang=cs&amp;origin=https%3A%2F%2Fwww.antiwar.com%2Fblog%2F2025%2F10%2F27%2Fvenezuela-says-cia-linked-mercenaries-caught-during-false-flag-attack%2F&amp;sessionId=f437237500e0d8861b6d51625bc60a630d9d4b3f&amp;theme=light&amp;widgetsVersion=2615f7e52b7e0%3A1702314776716&amp;width=550px\" frameborder=\"0\" scrolling=\"no\" allowfullscreen=\"allowfullscreen\" data-tweet-id=\"1982646265864471026\" data-mce-fragment=\"1\"><\/iframe><\/div>\n<\/div>\n<p><strong><span dir=\"auto\">Prohl\u00e1\u0161en\u00ed pokra\u010duje:<\/span><\/strong><\/p>\n<p><em><span dir=\"auto\">T\u00edm, \u017ee se Persad-Bissessar p\u0159izp\u016fsobila washingtonsk\u00e9 militaristick\u00e9 agend\u011b, nejen\u017ee m\u00e1 v \u00famyslu za\u00fato\u010dit na Venezuelu, zemi, kter\u00e1 v\u017edy prosazovala politiku energetick\u00e9 spolupr\u00e1ce, vz\u00e1jemn\u00e9ho respektu a integrace Karibiku, a p\u0159eru\u0161it na\u0161e historick\u00e9 bratrsk\u00e9 vazby; poru\u0161uje tak\u00e9 Chartu Organizace spojen\u00fdch n\u00e1rod\u016f, prohl\u00e1\u0161en\u00ed Latinsk\u00e9 Ameriky a Karibiku za z\u00f3nu m\u00edru schv\u00e1len\u00e9 [Spole\u010denstv\u00edm latinskoamerick\u00fdch a karibsk\u00fdch st\u00e1t\u016f] a principy [Karibsk\u00e9ho spole\u010denstv\u00ed], kter\u00e9 chr\u00e1n\u00ed v\u0161echny n\u00e1rody Karibiku.<\/span><\/em><\/p>\n<p><em><span dir=\"auto\">Nejedn\u00e1 se o obrann\u00e1 cvi\u010den\u00ed: jde o koloni\u00e1ln\u00ed operaci vojensk\u00e9 agrese, jej\u00edm\u017e c\u00edlem je prom\u011bnit Karibik v prostor pro smrt\u00edc\u00ed n\u00e1sil\u00ed a imperi\u00e1ln\u00ed nadvl\u00e1du USA.<\/span><\/em><\/p>\n<p><span dir=\"auto\">\u201eVenezuela nep\u0159ij\u00edm\u00e1 hrozby od \u017e\u00e1dn\u00e9 vazalsk\u00e9 vl\u00e1dy USA. Nenech\u00e1me se zastra\u0161it vojensk\u00fdmi cvi\u010den\u00edmi ani v\u00e1le\u010dn\u00fdmi pok\u0159iky,\u201c uv\u00e1d\u00ed se v prohl\u00e1\u0161en\u00ed a dod\u00e1v\u00e1 se, \u017ee zem\u011b \u201ebude v\u017edy br\u00e1nit svou suverenitu, \u00fazemn\u00ed celistvost a pr\u00e1vo \u017e\u00edt v m\u00edru proti zahrani\u010dn\u00edm nep\u0159\u00e1tel\u016fm a [jejich] vazal\u016fm.\u201c<\/span><\/p>\n<p><span dir=\"auto\">Venezuelsk\u00e9 obvin\u011bn\u00ed p\u0159i\u0161lo uprost\u0159ed spole\u010dn\u00fdch vojensk\u00fdch cvi\u010den\u00ed mezi USA a Trinidadem a Tobagem v Karibsk\u00e9m mo\u0159i a n\u00e1sleduje po s\u00e9rii smrt\u00edc\u00edch americk\u00fdch \u00fatok\u016f na plavidla, o kter\u00fdch Trumpova administrativa \u2013 bez d\u016fkaz\u016f \u2013 tvrdila, \u017ee p\u0159epravuj\u00ed drogy sm\u011b\u0159uj\u00edc\u00ed do Spojen\u00fdch st\u00e1t\u016f. Podle Trumpovy administrativy bylo od za\u010d\u00e1tku minul\u00e9ho m\u011bs\u00edce p\u0159i americk\u00fdch \u00fatoc\u00edch na lod\u011b v ji\u017en\u00edm Karibiku a Tich\u00e9m oce\u00e1nu zabito nejm\u00e9n\u011b 43 lid\u00ed.<\/span><\/p>\n<p><span dir=\"auto\">Trinidad a Tobago vyzvaly Venezuelu, aby poskytla d\u016fkazy o \u00fadajn\u00e9 operaci pod fale\u0161nou vlajkou, a uvedly, \u017ee spole\u010dn\u00e1 vojensk\u00e1 operace se Spojen\u00fdmi st\u00e1ty \u201esi klade za c\u00edl pos\u00edlit boj proti nadn\u00e1rodn\u00ed kriminalit\u011b a budovat odolnost prost\u0159ednictv\u00edm v\u00fdcviku, humanit\u00e1rn\u00edch aktivit a bezpe\u010dnostn\u00ed spolupr\u00e1ce\u201c.<\/span><\/p>\n<p><span dir=\"auto\">Trumpova administrativa, kter\u00e1 ji\u017e nasadila arm\u00e1du v\u00e1le\u010dn\u00fdch lod\u00ed a tis\u00edce voj\u00e1k\u016f do ji\u017en\u00edho Karibiku, v p\u00e1tek\u00a0<\/span><a class=\"rm-stats-tracked\" href=\"https:\/\/www.commondreams.org\/news\/trump-deploys-largest-warship-to-venezuela\" target=\"_blank\" rel=\"noopener\"><span dir=\"auto\">ozn\u00e1mila<\/span><\/a><span dir=\"auto\">\u00a0, \u017ee na\u0159\u00eddila \u00fadern\u00e9 skupin\u011b letadlov\u00fdch lod\u00ed USS\u00a0<\/span><em><span dir=\"auto\">Gerald R. Ford<\/span><\/em><span dir=\"auto\">\u00a0u pob\u0159e\u017e\u00ed Venezuely, kter\u00e1 vlastn\u00ed nejv\u011bt\u0161\u00ed z\u00e1soby ropy na sv\u011bt\u011b.<\/span><\/p>\n<p><span dir=\"auto\">USA se vm\u011b\u0161uj\u00ed\u00a0<\/span><a class=\"rm-stats-tracked\" href=\"https:\/\/venezuelanalysis.com\/analysis\/14263\/\" target=\"_blank\" rel=\"noopener noreferrer\"><span dir=\"auto\">do venezuelsk\u00fdch z\u00e1le\u017eitost\u00ed<\/span><\/a><span dir=\"auto\">\u00a0p\u0159inejmen\u0161\u00edm od konce 19. stolet\u00ed, sahaj\u00edc\u00ed a\u017e k hrani\u010dn\u00edmu sporu mezi Venezuelou a Brit\u00e1ni\u00ed v roce 1895. Od t\u00e9 doby Spojen\u00e9 st\u00e1ty pom\u00e1haly dosazovat a podporovat brut\u00e1ln\u00ed dikt\u00e1tory a napom\u00e1haly podvracen\u00ed demokratick\u00fdch hnut\u00ed, mimo jin\u00e9 v\u00fdcvikem venezuelsk\u00fdch sil v mu\u010den\u00ed a repres\u00edch v nechvaln\u011b zn\u00e1m\u00e9 Americk\u00e9 arm\u00e1dn\u00ed \u0161kole pro Ameriku.<\/span><\/p>\n<p><span dir=\"auto\">V 21. stolet\u00ed se po sob\u011b jdouc\u00ed americk\u00e9 administrativy, po\u010d\u00ednaje Georgem W. Bushem, sna\u017eily zma\u0159it Bol\u00edvari\u00e1nskou revoluci, kterou zah\u00e1jil b\u00fdval\u00fd prezident Hugo Ch\u00e1vez a kter\u00e1 pokra\u010dovala i za Madura. B\u011bhem prvn\u00ed Trumpovy administrativy Venezuela\u00a0<\/span><a class=\"rm-stats-tracked\" href=\"https:\/\/www.commondreams.org\/news\/2020\/05\/05\/simply-unacceptable-progressives-condemn-apparent-mercenary-coup-attempt-venezuela\" target=\"_blank\" rel=\"noopener\"><span dir=\"auto\">zma\u0159ila<\/span><\/a><span dir=\"auto\">\u00a0pokus skupiny \u017eoldn\u00e9\u0159\u016f, v\u010detn\u011b dvou Ameri\u010dan\u016f, o invazi do zem\u011b a svr\u017een\u00ed Madura.<\/span><\/p>\n<p><a class=\"rm-stats-tracked\" href=\"https:\/\/www.commondreams.org\/news\/2019\/04\/25\/economists-warn-trumps-sanctions-targeting-venezuela-death-sentence-tens-thousands\" target=\"_self\" rel=\"noopener\"><span dir=\"auto\">Podle<\/span><\/a><span dir=\"auto\">\u00a0v\u00fdzkumu Centra pro ekonomick\u00fd a politick\u00fd v\u00fdzkum\u00a0zem\u0159ely v d\u016fsledku americk\u00fdch ekonomick\u00fdch sankc\u00ed tak\u00e9 des\u00edtky tis\u00edc Venezuelan\u016f .<\/span><\/p>\n<p><span dir=\"auto\">Sen\u00e1tor Rick Scott (republik\u00e1n za Floridu) se v ned\u011bln\u00edm vystoupen\u00ed v po\u0159adu \u201e60 minut\u201c na\u00a0<\/span><em><span dir=\"auto\">stanici CBS<\/span><\/em><span dir=\"auto\">\u00a0posm\u00edval venezuelsk\u00e9mu prezidentovi a \u0159ekl: \u201eKdybych byl Maduro, hned bych zam\u00ed\u0159il do Ruska nebo \u010c\u00edny.\u201c<\/span><\/p>\n<p><span dir=\"auto\">Vysoc\u00ed venezuel\u0161t\u00ed p\u0159edstavitel\u00e9 se v\u0161ak v\u016f\u010di nejnov\u011bj\u0161\u00ed hrozb\u011b ze strany USA postavili vzdorovit\u011b.<\/span><\/p>\n<p><span dir=\"auto\">\u201eImp\u00e9rium a jeho komplicov\u00e9 se op\u011bt sna\u017e\u00ed ohnout suver\u00e9nn\u00ed v\u016fli venezuelsk\u00e9ho lidu prost\u0159ednictv\u00edm zlo\u010dinn\u00e9ho ekonomick\u00e9ho obl\u00e9h\u00e1n\u00ed, kter\u00e9 flagrantn\u011b poru\u0161uje Chartu Organizace spojen\u00fdch n\u00e1rod\u016f a mezin\u00e1rodn\u00ed humanit\u00e1rn\u00ed pr\u00e1vo,\u201c prohl\u00e1sil v pond\u011bl\u00ed venezuelsk\u00fd ministr zahrani\u010d\u00ed Yv\u00e1n Gil Pinto.<\/span><\/p>\n<p><span dir=\"auto\">\u201eTyto akce nejsou jen nez\u00e1konn\u00e9,\u201c dodal, \u201ejsou to nekonven\u010dn\u00ed v\u00e1le\u010dn\u00fd akt, kter\u00e9mu jsme odhodl\u00e1ni \u010delit a porazit ho za v\u0161ech okolnost\u00ed.\u201c<\/span><\/p>\n<p><i><span dir=\"auto\">Brett Wilkins je redaktorem \u010dasopisu\u00a0<\/span><a href=\"https:\/\/www.commondreams.org\/\"><span dir=\"auto\">Common Dreams<\/span><\/a><span dir=\"auto\"> . P\u016fsob\u00ed v San Franciscu a jeho pr\u00e1ce se zab\u00fdv\u00e1 ot\u00e1zkami soci\u00e1ln\u00ed spravedlnosti, lidsk\u00fdch pr\u00e1v a v\u00e1lky a m\u00edru.\u00a0<\/span><\/i><\/p>\n<p>&nbsp;<\/p>\n<\/div>\n","protected":false},"excerpt":{"rendered":"<p>\u201eToto je koloni\u00e1ln\u00ed operace vojensk\u00e9 agrese, jej\u00edm\u017e c\u00edlem je prom\u011bnit Karibik v prostor pro smrt\u00edc\u00ed&#8230;<\/p>\n","protected":false},"author":2,"featured_media":41947,"comment_status":"closed","ping_status":"closed","sticky":false,"template":"","format":"standard","meta":[],"categories":[7],"tags":[109,1503,181,1870],"_links":{"self":[{"href":"https:\/\/www.infokuryr.cz\/n\/wp-json\/wp\/v2\/posts\/90858"}],"collection":[{"href":"https:\/\/www.infokuryr.cz\/n\/wp-json\/wp\/v2\/posts"}],"about":[{"href":"https:\/\/www.infokuryr.cz\/n\/wp-json\/wp\/v2\/types\/post"}],"author":[{"embeddable":true,"href":"https:\/\/www.infokuryr.cz\/n\/wp-json\/wp\/v2\/users\/2"}],"replies":[{"embeddable":true,"href":"https:\/\/www.infokuryr.cz\/n\/wp-json\/wp\/v2\/comments?post=90858"}],"version-history":[{"count":0,"href":"https:\/\/www.infokuryr.cz\/n\/wp-json\/wp\/v2\/posts\/90858\/revisions"}],"wp:featuredmedia":[{"embeddable":true,"href":"https:\/\/www.infokuryr.cz\/n\/wp-json\/wp\/v2\/media\/41947"}],"wp:attachment":[{"href":"https:\/\/www.infokuryr.cz\/n\/wp-json\/wp\/v2\/media?parent=90858"}],"wp:term":[{"taxonomy":"category","embeddable":true,"href":"https:\/\/www.infokuryr.cz\/n\/wp-json\/wp\/v2\/categories?post=90858"},{"taxonomy":"post_tag","embeddable":true,"href":"https:\/\/www.infokuryr.cz\/n\/wp-json\/wp\/v2\/tags?post=90858"}],"curies":[{"name":"wp","href":"https:\/\/api.w.org\/{rel}","templated":true}]}}