{"id":90804,"date":"2025-10-28T00:24:10","date_gmt":"2025-10-27T23:24:10","guid":{"rendered":"https:\/\/www.infokuryr.cz\/n\/?p=90804"},"modified":"2025-10-27T13:09:05","modified_gmt":"2025-10-27T12:09:05","slug":"argentinska-vzpoura-proti-socialismu-milei-v-polovine-voleb-rozklada-peronisty","status":"publish","type":"post","link":"https:\/\/www.infokuryr.cz\/n\/2025\/10\/28\/argentinska-vzpoura-proti-socialismu-milei-v-polovine-voleb-rozklada-peronisty\/","title":{"rendered":"Argentinsk\u00e1 vzpoura proti socialismu: Milei v polovin\u011b voleb rozkl\u00e1d\u00e1 peronisty"},"content":{"rendered":"<div id=\"fb-root\"><\/div>\n<p><strong><span dir=\"auto\">Javier Milei kone\u010dn\u011b obr\u00e1til argentinskou politickou krajinu vzh\u016fru nohama. V ned\u011bln\u00edch volb\u00e1ch do poloviny volebn\u00edho obdob\u00ed jeho strana \u201eLa Libertad Avanza\u201c zv\u00edt\u011bzila nad levicovou peronistickou mafi\u00ed. S v\u00edce ne\u017e 90 procenty se\u010dten\u00fdch hlas\u016f Mileiho strana jasn\u011b vede.<\/span><\/strong><\/p>\n<p><span dir=\"auto\">Je\u0161t\u011b p\u0159ed volbami v Argentin\u011b zejm\u00e9na levicov\u00e1 m\u00e9dia tvrdila, \u017ee obyvatelstvo potrest\u00e1 libertari\u00e1nsk\u00e9ho prezidenta a drtivou v\u011bt\u0161inou bude volit levicov\u00e9 peronisty. Po se\u010dten\u00ed v\u00edce ne\u017e 90 procent hlas\u016f\u00a0<\/span><a href=\"https:\/\/batimes.com.ar\/news\/argentina\/argentina-election-results-2025-key-test-for-milei-as-voting-begins-in-midterms.phtml\"><span dir=\"auto\">je v\u0161ak z\u0159ejm\u00e9<\/span><\/a><span dir=\"auto\"> , \u017ee zhruba 41 procent voli\u010d\u016f volilo Mileiho stranu \u201eLa Libertad Avanza\u201c (LLA) \u2013 co\u017e je v\u00fdrazn\u011b v\u00edce, ne\u017e nazna\u010dovaly i ty nejoptimisti\u010dt\u011bj\u0161\u00ed p\u0159edpov\u011bdi. Peronist\u00e9 tak z\u00edskali m\u00e9n\u011b ne\u017e \u010dtvrtinu v\u0161ech hlas\u016f.<\/span><\/p>\n<figure class=\"wp-block-embed is-type-rich is-provider-twitter wp-block-embed-twitter\">\n<div class=\"wp-block-embed__wrapper\">\n<div class=\"twitter-tweet twitter-tweet-rendered\"><iframe id=\"twitter-widget-0\" class=\"\" title=\"X P\u0159\u00edsp\u011bvek\" src=\"https:\/\/platform.twitter.com\/embed\/Tweet.html?dnt=true&amp;embedId=twitter-widget-0&amp;features=eyJ0ZndfdGltZWxpbmVfbGlzdCI6eyJidWNrZXQiOltdLCJ2ZXJzaW9uIjpudWxsfSwidGZ3X2ZvbGxvd2VyX2NvdW50X3N1bnNldCI6eyJidWNrZXQiOnRydWUsInZlcnNpb24iOm51bGx9LCJ0ZndfdHdlZXRfZWRpdF9iYWNrZW5kIjp7ImJ1Y2tldCI6Im9uIiwidmVyc2lvbiI6bnVsbH0sInRmd19yZWZzcmNfc2Vzc2lvbiI6eyJidWNrZXQiOiJvbiIsInZlcnNpb24iOm51bGx9LCJ0ZndfZm9zbnJfc29mdF9pbnRlcnZlbnRpb25zX2VuYWJsZWQiOnsiYnVja2V0Ijoib24iLCJ2ZXJzaW9uIjpudWxsfSwidGZ3X21peGVkX21lZGlhXzE1ODk3Ijp7ImJ1Y2tldCI6InRyZWF0bWVudCIsInZlcnNpb24iOm51bGx9LCJ0ZndfZXhwZXJpbWVudHNfY29va2llX2V4cGlyYXRpb24iOnsiYnVja2V0IjoxMjA5NjAwLCJ2ZXJzaW9uIjpudWxsfSwidGZ3X3Nob3dfYmlyZHdhdGNoX3Bpdm90c19lbmFibGVkIjp7ImJ1Y2tldCI6Im9uIiwidmVyc2lvbiI6bnVsbH0sInRmd19kdXBsaWNhdGVfc2NyaWJlc190b19zZXR0aW5ncyI6eyJidWNrZXQiOiJvbiIsInZlcnNpb24iOm51bGx9LCJ0ZndfdXNlX3Byb2ZpbGVfaW1hZ2Vfc2hhcGVfZW5hYmxlZCI6eyJidWNrZXQiOiJvbiIsInZlcnNpb24iOm51bGx9LCJ0ZndfdmlkZW9faGxzX2R5bmFtaWNfbWFuaWZlc3RzXzE1MDgyIjp7ImJ1Y2tldCI6InRydWVfYml0cmF0ZSIsInZlcnNpb24iOm51bGx9LCJ0ZndfbGVnYWN5X3RpbWVsaW5lX3N1bnNldCI6eyJidWNrZXQiOnRydWUsInZlcnNpb24iOm51bGx9LCJ0ZndfdHdlZXRfZWRpdF9mcm9udGVuZCI6eyJidWNrZXQiOiJvbiIsInZlcnNpb24iOm51bGx9fQ%3D%3D&amp;frame=false&amp;hideCard=false&amp;hideThread=false&amp;id=1982602382480646592&amp;lang=de&amp;origin=https%3A%2F%2Freport24.news%2Fargentiniens-aufstand-gegen-den-sozialismus-milei-zerlegt-die-peronisten-bei-den-midterms%2F&amp;sessionId=1d1efa5855e1a45958c02a807fc6be5200ea9642&amp;theme=light&amp;widgetsVersion=2615f7e52b7e0%3A1702314776716&amp;width=550px\" frameborder=\"0\" scrolling=\"no\" allowfullscreen=\"allowfullscreen\" data-tweet-id=\"1982602382480646592\" data-mce-fragment=\"1\"><\/iframe><\/div>\n<\/div>\n<\/figure>\n<p><span dir=\"auto\">Pokud jde o parlamentn\u00ed k\u0159esla, Mileisova LLA pravd\u011bpodobn\u011b z\u00edsk\u00e1 16 provinci\u00ed, zat\u00edmco se o\u010dek\u00e1v\u00e1, \u017ee z\u00edsk\u00e1 \u0161est z osmi sen\u00e1torsk\u00fdch k\u0159esel, kter\u00e1 se budou konat ve volb\u00e1ch. Toto v\u00edt\u011bzstv\u00ed ukazuje, \u017ee radik\u00e1ln\u00ed reformy, jasn\u00e9 principy a neochv\u011bjn\u00e1 v\u016fle jsou siln\u011bj\u0161\u00ed ne\u017e desetilet\u00ed korupce a politick\u00e9 spokojenosti.<\/span><\/p>\n<figure class=\"wp-block-embed is-type-rich is-provider-twitter wp-block-embed-twitter\">\n<div class=\"wp-block-embed__wrapper\">\n<div class=\"twitter-tweet twitter-tweet-rendered\"><iframe id=\"twitter-widget-1\" class=\"\" title=\"X P\u0159\u00edsp\u011bvek\" src=\"https:\/\/platform.twitter.com\/embed\/Tweet.html?dnt=true&amp;embedId=twitter-widget-1&amp;features=eyJ0ZndfdGltZWxpbmVfbGlzdCI6eyJidWNrZXQiOltdLCJ2ZXJzaW9uIjpudWxsfSwidGZ3X2ZvbGxvd2VyX2NvdW50X3N1bnNldCI6eyJidWNrZXQiOnRydWUsInZlcnNpb24iOm51bGx9LCJ0ZndfdHdlZXRfZWRpdF9iYWNrZW5kIjp7ImJ1Y2tldCI6Im9uIiwidmVyc2lvbiI6bnVsbH0sInRmd19yZWZzcmNfc2Vzc2lvbiI6eyJidWNrZXQiOiJvbiIsInZlcnNpb24iOm51bGx9LCJ0ZndfZm9zbnJfc29mdF9pbnRlcnZlbnRpb25zX2VuYWJsZWQiOnsiYnVja2V0Ijoib24iLCJ2ZXJzaW9uIjpudWxsfSwidGZ3X21peGVkX21lZGlhXzE1ODk3Ijp7ImJ1Y2tldCI6InRyZWF0bWVudCIsInZlcnNpb24iOm51bGx9LCJ0ZndfZXhwZXJpbWVudHNfY29va2llX2V4cGlyYXRpb24iOnsiYnVja2V0IjoxMjA5NjAwLCJ2ZXJzaW9uIjpudWxsfSwidGZ3X3Nob3dfYmlyZHdhdGNoX3Bpdm90c19lbmFibGVkIjp7ImJ1Y2tldCI6Im9uIiwidmVyc2lvbiI6bnVsbH0sInRmd19kdXBsaWNhdGVfc2NyaWJlc190b19zZXR0aW5ncyI6eyJidWNrZXQiOiJvbiIsInZlcnNpb24iOm51bGx9LCJ0ZndfdXNlX3Byb2ZpbGVfaW1hZ2Vfc2hhcGVfZW5hYmxlZCI6eyJidWNrZXQiOiJvbiIsInZlcnNpb24iOm51bGx9LCJ0ZndfdmlkZW9faGxzX2R5bmFtaWNfbWFuaWZlc3RzXzE1MDgyIjp7ImJ1Y2tldCI6InRydWVfYml0cmF0ZSIsInZlcnNpb24iOm51bGx9LCJ0ZndfbGVnYWN5X3RpbWVsaW5lX3N1bnNldCI6eyJidWNrZXQiOnRydWUsInZlcnNpb24iOm51bGx9LCJ0ZndfdHdlZXRfZWRpdF9mcm9udGVuZCI6eyJidWNrZXQiOiJvbiIsInZlcnNpb24iOm51bGx9fQ%3D%3D&amp;frame=false&amp;hideCard=false&amp;hideThread=false&amp;id=1982609004472971266&amp;lang=de&amp;origin=https%3A%2F%2Freport24.news%2Fargentiniens-aufstand-gegen-den-sozialismus-milei-zerlegt-die-peronisten-bei-den-midterms%2F&amp;sessionId=1d1efa5855e1a45958c02a807fc6be5200ea9642&amp;theme=light&amp;widgetsVersion=2615f7e52b7e0%3A1702314776716&amp;width=550px\" frameborder=\"0\" scrolling=\"no\" allowfullscreen=\"allowfullscreen\" data-tweet-id=\"1982609004472971266\" data-mce-fragment=\"1\"><\/iframe><\/div>\n<\/div>\n<\/figure>\n<p><span dir=\"auto\">Milei si tak zaji\u0161\u0165uje dostatek k\u0159esel v obou komor\u00e1ch, aby prosadil svou reformn\u00ed politiku a deregulaci proti levicov\u00e9 blok\u00e1d\u011b. Opozice se pot\u00e1c\u00ed, peso si m\u016f\u017ee vydechnout a Washington m\u00e1 op\u011bt spolehliv\u00e9ho partnera, kter\u00fd nepromarn\u00ed sv\u00e9 mnohamiliardov\u00e9 z\u00e1chrann\u00e9 bal\u00ed\u010dky jen na pr\u00e1zdn\u00e1 slova. Libertari\u00e1nsk\u00e1 hlava st\u00e1tu dokazuje, \u017ee zem\u011b je schopna reforem i za t\u011bch nejnep\u0159\u00edzniv\u011bj\u0161\u00edch podm\u00ednek, pokud m\u00e1 \u010dlov\u011bk odvahu za\u00fato\u010dit \u010deln\u011b na establishment.<\/span><\/p>\n<figure class=\"wp-block-embed is-type-rich is-provider-twitter wp-block-embed-twitter\">\n<div class=\"wp-block-embed__wrapper\">\n<div class=\"twitter-tweet twitter-tweet-rendered\"><iframe id=\"twitter-widget-2\" class=\"\" title=\"X P\u0159\u00edsp\u011bvek\" src=\"https:\/\/platform.twitter.com\/embed\/Tweet.html?dnt=true&amp;embedId=twitter-widget-2&amp;features=eyJ0ZndfdGltZWxpbmVfbGlzdCI6eyJidWNrZXQiOltdLCJ2ZXJzaW9uIjpudWxsfSwidGZ3X2ZvbGxvd2VyX2NvdW50X3N1bnNldCI6eyJidWNrZXQiOnRydWUsInZlcnNpb24iOm51bGx9LCJ0ZndfdHdlZXRfZWRpdF9iYWNrZW5kIjp7ImJ1Y2tldCI6Im9uIiwidmVyc2lvbiI6bnVsbH0sInRmd19yZWZzcmNfc2Vzc2lvbiI6eyJidWNrZXQiOiJvbiIsInZlcnNpb24iOm51bGx9LCJ0ZndfZm9zbnJfc29mdF9pbnRlcnZlbnRpb25zX2VuYWJsZWQiOnsiYnVja2V0Ijoib24iLCJ2ZXJzaW9uIjpudWxsfSwidGZ3X21peGVkX21lZGlhXzE1ODk3Ijp7ImJ1Y2tldCI6InRyZWF0bWVudCIsInZlcnNpb24iOm51bGx9LCJ0ZndfZXhwZXJpbWVudHNfY29va2llX2V4cGlyYXRpb24iOnsiYnVja2V0IjoxMjA5NjAwLCJ2ZXJzaW9uIjpudWxsfSwidGZ3X3Nob3dfYmlyZHdhdGNoX3Bpdm90c19lbmFibGVkIjp7ImJ1Y2tldCI6Im9uIiwidmVyc2lvbiI6bnVsbH0sInRmd19kdXBsaWNhdGVfc2NyaWJlc190b19zZXR0aW5ncyI6eyJidWNrZXQiOiJvbiIsInZlcnNpb24iOm51bGx9LCJ0ZndfdXNlX3Byb2ZpbGVfaW1hZ2Vfc2hhcGVfZW5hYmxlZCI6eyJidWNrZXQiOiJvbiIsInZlcnNpb24iOm51bGx9LCJ0ZndfdmlkZW9faGxzX2R5bmFtaWNfbWFuaWZlc3RzXzE1MDgyIjp7ImJ1Y2tldCI6InRydWVfYml0cmF0ZSIsInZlcnNpb24iOm51bGx9LCJ0ZndfbGVnYWN5X3RpbWVsaW5lX3N1bnNldCI6eyJidWNrZXQiOnRydWUsInZlcnNpb24iOm51bGx9LCJ0ZndfdHdlZXRfZWRpdF9mcm9udGVuZCI6eyJidWNrZXQiOiJvbiIsInZlcnNpb24iOm51bGx9fQ%3D%3D&amp;frame=false&amp;hideCard=false&amp;hideThread=false&amp;id=1982607182387388720&amp;lang=de&amp;origin=https%3A%2F%2Freport24.news%2Fargentiniens-aufstand-gegen-den-sozialismus-milei-zerlegt-die-peronisten-bei-den-midterms%2F&amp;sessionId=1d1efa5855e1a45958c02a807fc6be5200ea9642&amp;theme=light&amp;widgetsVersion=2615f7e52b7e0%3A1702314776716&amp;width=550px\" frameborder=\"0\" scrolling=\"no\" allowfullscreen=\"allowfullscreen\" data-tweet-id=\"1982607182387388720\" data-mce-fragment=\"1\"><\/iframe><\/div>\n<\/div>\n<\/figure>\n<p><span dir=\"auto\">Mileiov\u00e1 pochoduje d\u00e1l, nenech\u00e1 se odradit medi\u00e1ln\u00edmi v\u00fdlevy ani levicov\u00fdmi intrikami a d\u00e1v\u00e1 jasn\u011b najevo: Argentina u\u017e nen\u00ed hra\u010dkou zkorumpovan\u00e9 levice, ale nov\u00fdm p\u0159\u00edkladem skute\u010dn\u00e9 svobody a ekonomick\u00e9ho pragmatismu. Volby v polovin\u011b volebn\u00edho obdob\u00ed jsou v\u00edc ne\u017e jen volebn\u00edm v\u00edt\u011bzstv\u00edm. Jsou sign\u00e1lem pro celou Latinskou Ameriku. Peronist\u00e9, po desetilet\u00ed synonymem pro pl\u00fdtv\u00e1n\u00ed a klientelismus, byli potrest\u00e1ni. Lid\u00e9 u\u017e necht\u011bj\u00ed plan\u00e9 sliby, ale v\u00fdsledky \u2013 a Mileiov\u00e1 je pln\u00ed.<\/span><\/p>\n<p><span dir=\"auto\">I samotn\u00ed Argentinci prokazuj\u00ed velkou politickou zralost. V jin\u00fdch zem\u00edch (sta\u010d\u00ed se pod\u00edvat na Francii) by se mnoho ob\u010dan\u016f vzhledem k drastick\u00fdm \u0161krt\u016fm pravd\u011bpodobn\u011b u\u017e d\u00e1vno vr\u00e1tilo ke stran\u00e1m star\u00e9ho syst\u00e9mu, kter\u00e9 jsou zodpov\u011bdn\u00e9 za sou\u010dasn\u00fd chaos.<\/span><\/p>\n<p><img decoding=\"async\" loading=\"lazy\" class=\"alignnone size-full wp-image-1185\" src=\"http:\/\/www.infokuryr.cz\/n\/wp-content\/uploads\/2021\/04\/kuryr-podpis.png\" alt=\"\" width=\"84\" height=\"24\" \/><\/p>\n<p>&nbsp;<\/p>\n","protected":false},"excerpt":{"rendered":"<p>Javier Milei kone\u010dn\u011b obr\u00e1til argentinskou politickou krajinu vzh\u016fru nohama. V ned\u011bln\u00edch volb\u00e1ch do poloviny volebn\u00edho&#8230;<\/p>\n","protected":false},"author":2,"featured_media":90805,"comment_status":"closed","ping_status":"closed","sticky":false,"template":"","format":"standard","meta":[],"categories":[7],"tags":[756,8606,165,4948],"_links":{"self":[{"href":"https:\/\/www.infokuryr.cz\/n\/wp-json\/wp\/v2\/posts\/90804"}],"collection":[{"href":"https:\/\/www.infokuryr.cz\/n\/wp-json\/wp\/v2\/posts"}],"about":[{"href":"https:\/\/www.infokuryr.cz\/n\/wp-json\/wp\/v2\/types\/post"}],"author":[{"embeddable":true,"href":"https:\/\/www.infokuryr.cz\/n\/wp-json\/wp\/v2\/users\/2"}],"replies":[{"embeddable":true,"href":"https:\/\/www.infokuryr.cz\/n\/wp-json\/wp\/v2\/comments?post=90804"}],"version-history":[{"count":0,"href":"https:\/\/www.infokuryr.cz\/n\/wp-json\/wp\/v2\/posts\/90804\/revisions"}],"wp:featuredmedia":[{"embeddable":true,"href":"https:\/\/www.infokuryr.cz\/n\/wp-json\/wp\/v2\/media\/90805"}],"wp:attachment":[{"href":"https:\/\/www.infokuryr.cz\/n\/wp-json\/wp\/v2\/media?parent=90804"}],"wp:term":[{"taxonomy":"category","embeddable":true,"href":"https:\/\/www.infokuryr.cz\/n\/wp-json\/wp\/v2\/categories?post=90804"},{"taxonomy":"post_tag","embeddable":true,"href":"https:\/\/www.infokuryr.cz\/n\/wp-json\/wp\/v2\/tags?post=90804"}],"curies":[{"name":"wp","href":"https:\/\/api.w.org\/{rel}","templated":true}]}}