{"id":90784,"date":"2025-10-28T00:14:02","date_gmt":"2025-10-27T23:14:02","guid":{"rendered":"https:\/\/www.infokuryr.cz\/n\/?p=90784"},"modified":"2025-10-27T12:28:14","modified_gmt":"2025-10-27T11:28:14","slug":"svycarsko-prosazuje-globalni-agendu-digitalni-identifikace-zeneva-se-stava-dejistem-pro-standardizaci-penezenek-a-overitelnych-certifikatu","status":"publish","type":"post","link":"https:\/\/www.infokuryr.cz\/n\/2025\/10\/28\/svycarsko-prosazuje-globalni-agendu-digitalni-identifikace-zeneva-se-stava-dejistem-pro-standardizaci-penezenek-a-overitelnych-certifikatu\/","title":{"rendered":"\u0160v\u00fdcarsko prosazuje glob\u00e1ln\u00ed agendu digit\u00e1ln\u00ed identifikace: \u017deneva se st\u00e1v\u00e1 d\u011bji\u0161t\u011bm pro standardizaci pen\u011b\u017eenek a ov\u011b\u0159iteln\u00fdch certifik\u00e1t\u016f"},"content":{"rendered":"<div id=\"fb-root\"><\/div>\n<p><span dir=\"auto\">\u0160v\u00fdcarsko se vyznamenalo jako hostitel a \u00fast\u0159edn\u00ed bod programu, kter\u00fd dalece p\u0159esahuje standardn\u00ed technick\u00e9 diskuse: glob\u00e1ln\u00ed zaveden\u00ed\u00a0<\/span><strong><span dir=\"auto\">digit\u00e1ln\u00edch identit<\/span><\/strong><span dir=\"auto\">\u00a0.\u00a0<\/span><strong><span dir=\"auto\">Glob\u00e1ln\u00ed digit\u00e1ln\u00ed spolupr\u00e1ce (GDC25)<\/span><\/strong><span dir=\"auto\">\u00a0se konala v \u017denev\u011b za\u010d\u00e1tkem \u010dervence 2025; druh\u00fd ro\u010dn\u00edk byl ozn\u00e1men jako navazuj\u00edc\u00ed konference na\u00a0<\/span><strong><span dir=\"auto\">24.\u201326. \u010dervna 2026<\/span><\/strong><span dir=\"auto\">\u00a0s deklarovan\u00fdm c\u00edlem zdokonalit koncepty a podpo\u0159it jejich praktick\u00e9 zaveden\u00ed.\u00a0<\/span><a href=\"https:\/\/globaldigitalcollaboration.org\/\" target=\"_blank\" rel=\"noreferrer noopener\" data-type=\"link\" data-id=\"https:\/\/globaldigitalcollaboration.org\/\"><span dir=\"auto\">Klikn\u011bte zde<\/span><\/a><span dir=\"auto\">\u00a0.<\/span><\/p>\n<p><span dir=\"auto\">Tohle se dot\u00fdk\u00e1 citliv\u00e9ho m\u00edsta: Pen\u011b\u017eenky, ov\u011b\u0159iteln\u00e9 certifik\u00e1ty a interoperabiln\u00ed infrastruktury identity maj\u00ed form\u00e1ln\u011b uzav\u0159\u00edt normativn\u00ed mezery a bezprobl\u00e9mov\u011b propojit slu\u017eby (bankovnictv\u00ed, zdravotnictv\u00ed, soci\u00e1ln\u00ed slu\u017eby, cestov\u00e1n\u00ed). Ofici\u00e1ln\u011b se pozornost zam\u011b\u0159uje na interoperabilitu, technologie zvy\u0161uj\u00edc\u00ed soukrom\u00ed a lep\u0161\u00ed vl\u00e1dn\u00ed slu\u017eby \u2013 ale ve skute\u010dnosti to vytv\u00e1\u0159\u00ed architektonick\u00fd pl\u00e1n, kter\u00fd z identity d\u011bl\u00e1 kl\u00ed\u010d k dalekos\u00e1hl\u00fdm funkc\u00edm p\u0159\u00edstupu a kontroly. (\u00a0<\/span><a href=\"https:\/\/openwallet.foundation\/2025\/05\/15\/details-and-session-topics-the-global-digital-collaboration\" target=\"_blank\" rel=\"noreferrer noopener\"><span dir=\"auto\">OpenWallet Foundation<\/span><\/a><span dir=\"auto\">\u00a0)<\/span><\/p>\n<h2 class=\"wp-block-heading\"><span dir=\"auto\">Kdo organizuje a kdo sed\u00ed u stolu?<\/span><\/h2>\n<p><span dir=\"auto\">GDC se prezentuje jako\u00a0<\/span><strong><span dir=\"auto\">platforma s mnoha z\u00fa\u010dastn\u011bn\u00fdmi stranami<\/span><\/strong><span dir=\"auto\">\u00a0, kterou po\u0159\u00e1d\u00e1 \u0160v\u00fdcarsk\u00e1 konfederace a kter\u00e1 je organizov\u00e1na ve spolupr\u00e1ci s \u0159adou st\u00e1t\u016f, mezivl\u00e1dn\u00edch organizac\u00ed, standardiza\u010dn\u00edch a open source komunit. Mezi z\u00fa\u010dastn\u011bn\u00e9 a prezentuj\u00edc\u00ed organizace pat\u0159\u00ed\u00a0<\/span><strong><span dir=\"auto\">OpenWallet Foundation<\/span><\/strong><span dir=\"auto\">\u00a0,\u00a0<\/span><strong><span dir=\"auto\">LF Decentralized Trust\/Linux Foundation<\/span><\/strong><span dir=\"auto\">\u00a0, ICAO, WHO, Sv\u011btov\u00e1 banka, UNDP, W3C a ISO. Programu se z\u00fa\u010dastn\u00ed i partne\u0159i z oboru, jako je\u00a0<\/span><strong><span dir=\"auto\">Visa (\u00a0<\/span><\/strong><a href=\"https:\/\/www.eid.admin.ch\/en\/global-digital-collaboration-conference-e\" target=\"_blank\" rel=\"noreferrer noopener\"><span dir=\"auto\">e-ID<\/span><\/a><span dir=\"auto\">\u00a0)\u00a0.<\/span><\/p>\n<p><span dir=\"auto\">Z\u00e1rove\u0148 je do toho \u00fazce zapojena \u0159ada komer\u010dn\u00edch zainteresovan\u00fdch stran: Nadace a standardiza\u010dn\u00ed skupiny pro open-source spolupracuj\u00ed ruku v ruce s poskytovateli poradensk\u00fdch, cloudov\u00fdch a platebn\u00edch slu\u017eeb, stejn\u011b jako se specialisty na blockchain a identitu. Nap\u0159\u00edklad LF Decentralized Trust uv\u00e1d\u00ed mezi \u010dleny a partnery spole\u010dnosti jako\u00a0<\/span><strong><span dir=\"auto\">ConsenSys, Kaleido, Valor Capital<\/span><\/strong><span dir=\"auto\">\u00a0a dal\u0161\u00ed, kter\u00e9 poskytuj\u00ed infrastrukturu, implementace a slu\u017eby \u2013 p\u0159esn\u011b ty obchodn\u00ed oblasti, kter\u00e9 by se s rozs\u00e1hl\u00fdm zaveden\u00edm digit\u00e1ln\u00ed identity rozrostly. (\u00a0<\/span><a href=\"https:\/\/www.linuxfoundation.org\/press\/lf-decentralized-trust-announces-six-new-members-expanded-certified-service-provider-program-1?utm_source=chatgpt.com\"><span dir=\"auto\">linuxfoundation.org<\/span><\/a><span dir=\"auto\">\u00a0)<\/span><\/p>\n<h2 class=\"wp-block-heading\"><span dir=\"auto\">Pro\u010d je to o\u0161emetn\u00e9 \u2013 t\u0159i kl\u00ed\u010dov\u00e9 kritiky<\/span><\/h2>\n<p><strong><span dir=\"auto\">1. Urychlen\u00e9 zav\u00e1d\u011bn\u00ed nam\u00edsto ve\u0159ejn\u00e9 debaty.<\/span><\/strong><br \/>\n<span dir=\"auto\">Ozn\u00e1men\u00ed o druh\u00e9 konferenci v roce 2026 signalizuje, \u017ee se nejedn\u00e1 jen o normy, ale o urychlen\u00ed zav\u00e1d\u011bn\u00ed. Pokud budou normy a pilotn\u00ed projekty nejprve vyv\u00edjeny na technick\u00fdch konferenc\u00edch, hroz\u00ed, \u017ee demokratick\u00fd dohled bude zaost\u00e1vat.<\/span><\/p>\n<p><strong><span dir=\"auto\">2. V\u00edt\u011bzov\u00e9 implementace jsou jasn\u011b identifikovateln\u00ed.<\/span><\/strong><br \/>\n<span dir=\"auto\">P\u0159\u00edm\u00fd prosp\u011bch z n\u00ed maj\u00ed ti, kdo poskytuj\u00ed API pen\u011b\u017eenek, ov\u011b\u0159ovac\u00ed slu\u017eby, certifika\u010dn\u00ed programy nebo integra\u010dn\u00ed slu\u017eby: poskytovatel\u00e9 platebn\u00edch slu\u017eeb, cloudov\u00ed poskytovatel\u00e9, startupy zab\u00fdvaj\u00edc\u00ed se identitou, konzulta\u010dn\u00ed firmy a integr\u00e1to\u0159i. \u00da\u010dast platebn\u00edch s\u00edt\u00ed (nap\u0159. Visa) a konsorci\u00ed nazna\u010duje lukrativn\u00ed obchodn\u00ed p\u0159\u00edle\u017eitosti pro zav\u00e1d\u011bn\u00ed nov\u00fdch technologi\u00ed \u2013 technick\u00e1 standardizace tedy nen\u00ed neutr\u00e1ln\u00ed, ale ekonomicky relevantn\u00ed.<\/span><\/p>\n<p><strong><span dir=\"auto\">3. Rizika: Roz\u0161\u00ed\u0159en\u00ed funkc\u00ed, vylou\u010den\u00ed, sledov\u00e1n\u00ed.<\/span><\/strong><br \/>\n<span dir=\"auto\">Kdy\u017e se digit\u00e1ln\u00ed identifika\u010dn\u00ed \u00fadaje stanou nezbytn\u00fdmi pro p\u0159\u00edstup k bankovn\u00edm \u00fa\u010dt\u016fm, slu\u017eb\u00e1m nebo mobilit\u011b, doch\u00e1z\u00ed k posun\u016fm moci: \u00fa\u0159ady a soukrom\u00ed str\u00e1\u017eci mohou m\u00edt slovo v \u00fa\u010dasti. Bez pr\u00e1vn\u00edho ur\u010den\u00ed, skute\u010dn\u00fdch offline alternativ a nez\u00e1visl\u00fdch audit\u016f hroz\u00ed vylou\u010den\u00ed a zneu\u017e\u00edv\u00e1n\u00ed.<\/span><\/p>\n<h2 class=\"wp-block-heading\"><span dir=\"auto\">Konkr\u00e9tn\u00ed body, kter\u00e9 je nyn\u00ed t\u0159eba ve\u0159ejn\u011b objasnit<\/span><\/h2>\n<ol>\n<li><strong><span dir=\"auto\">Transparentnost seznam\u016f sponzor\u016f a partner\u016f:<\/span><\/strong><span dir=\"auto\">\u00a0Kdo financuje program, zased\u00e1n\u00ed a n\u00e1sledn\u00e9 projekty \u2013 a s jak\u00fdmi z\u00e1jmy? (P\u0159\u00edklad: Pr\u016fmyslov\u00ed partne\u0159i v panelech, jako je Visa, mus\u00ed b\u00fdt zve\u0159ejn\u011bni). (\u00a0<\/span><a href=\"https:\/\/globaldigitalcollaboration.org\/agenda?day=2025-07-02&amp;utm\" target=\"_blank\" rel=\"noreferrer noopener\"><span dir=\"auto\">Glob\u00e1ln\u00ed digit\u00e1ln\u00ed spolupr\u00e1ce<\/span><\/a><span dir=\"auto\">\u00a0)<\/span><\/li>\n<li><strong><span dir=\"auto\">P\u0159ed jak\u00fdmkoli \u0161k\u00e1lov\u00e1n\u00edm prove\u010fte ve\u0159ejn\u00e9 posouzen\u00ed dopad\u016f na lidsk\u00e1 pr\u00e1va a ochranu osobn\u00edch \u00fadaj\u016f<\/span><\/strong><span dir=\"auto\">\u00a0\u2013 v\u00fdsledky zve\u0159ejn\u011bte v pln\u00e9m rozsahu. (\u00a0<\/span><a href=\"https:\/\/globaldigitalcollaboration.org\/agenda\" target=\"_blank\" rel=\"noreferrer noopener\"><span dir=\"auto\">Glob\u00e1ln\u00ed digit\u00e1ln\u00ed spolupr\u00e1ce<\/span><\/a><span dir=\"auto\">\u00a0)<\/span><\/li>\n<li><strong><span dir=\"auto\">Pr\u00e1vn\u00ed omezen\u00ed \u00fa\u010delu a z\u00e1ruky odhl\u00e1\u0161en\u00ed:<\/span><\/strong><span dir=\"auto\">\u00a0P\u0159\u00edsn\u011b omezte pou\u017e\u00edv\u00e1n\u00ed identifika\u010dn\u00edch doklad\u016f na definovan\u00e9 \u00fa\u010dely; trvale zajist\u011bte nedigit\u00e1ln\u00ed kan\u00e1ly. (\u00a0<\/span><a href=\"https:\/\/globaldigitalcollaboration.org\/agenda\" target=\"_blank\" rel=\"noreferrer noopener\"><span dir=\"auto\">Glob\u00e1ln\u00ed digit\u00e1ln\u00ed spolupr\u00e1ce<\/span><\/a><span dir=\"auto\">\u00a0)<\/span><\/li>\n<li><strong><span dir=\"auto\">Prevence z\u00e1vislosti na dodavateli:<\/span><\/strong><span dir=\"auto\">\u00a0Implementace otev\u0159en\u00fdch referenc\u00ed, nez\u00e1visl\u00ed certifik\u00e1to\u0159i a z\u00e1vazek k otev\u0159en\u00fdm specifikac\u00edm. (\u00a0<\/span><a href=\"https:\/\/openwallet.foundation\/2025\/05\/15\/details-and-session-topics-the-global-digital-collaboration\" target=\"_blank\" rel=\"noreferrer noopener\"><span dir=\"auto\">OpenWallet Foundation<\/span><\/a><span dir=\"auto\">\u00a0)<\/span><\/li>\n<li><strong><span dir=\"auto\">Parlamentn\u00ed dohled m\u00edsto technokratick\u00e9ho p\u0159edur\u010den\u00ed:<\/span><\/strong><span dir=\"auto\">\u00a0Politick\u00e1 rozhodnut\u00ed o rozsahu a povinnostech nesm\u00ed b\u00fdt p\u0159edem ur\u010dov\u00e1na pouze na technick\u00fdch f\u00f3rech. (\u00a0<\/span><a href=\"https:\/\/www.eid.admin.ch\/en\/global-digital-collaboration-conference-e?utm_source=chatgpt.com\"><span dir=\"auto\">e-identifikace<\/span><\/a><span dir=\"auto\">\u00a0)<\/span><\/li>\n<\/ol>\n<h2 class=\"wp-block-heading\"><span dir=\"auto\">Z\u00e1v\u011br<\/span><\/h2>\n<p><span dir=\"auto\">\u017denevou nab\u00edz\u00ed \u0160v\u00fdcarsko silnou platformu pro standardizaci digit\u00e1ln\u00edch identit \u2013 co\u017e je samo o sob\u011b pozitivn\u00ed, proto\u017ee interoperabilita m\u016f\u017ee p\u0159in\u00e9st skute\u010dn\u00e9 v\u00fdhody. Kl\u00ed\u010dov\u00e9 v\u0161ak je:\u00a0<\/span><strong><span dir=\"auto\">Kdo stanovuje pravidla, kdo z nich profituje a kdo nese rizika,<\/span><\/strong><span dir=\"auto\">\u00a0mus\u00ed b\u00fdt ve\u0159ejn\u011b a demokraticky vyjasn\u011bno \u2013 d\u0159\u00edve, ne\u017e technick\u00e9 pracovn\u00ed skupiny vytvo\u0159\u00ed fakta. Ozn\u00e1men\u00e1 druh\u00e1 konference v roce 2026 by mohla b\u00fdt kritickou f\u00e1z\u00ed, ve kter\u00e9 bude kone\u010dn\u011b stanoven politick\u00fd kurz. Nyn\u00ed je \u010das po\u017eadovat transparentnost, pr\u00e1vn\u00ed z\u00e1ruky a siln\u00e9 ochrann\u00e9 mechanismy \u2013 nejen tehdy, kdy\u017e jsou pen\u011b\u017eenky v kaps\u00e1ch milion\u016f lid\u00ed. (\u00a0<\/span><a href=\"https:\/\/www.eid.admin.ch\/en\/global-digital-collaboration-conference-e\" target=\"_blank\" rel=\"noreferrer noopener\"><span dir=\"auto\">e-ID<\/span><\/a><span dir=\"auto\">\u00a0)<\/span><\/p>\n<p><img decoding=\"async\" loading=\"lazy\" class=\"alignnone size-full wp-image-1185\" src=\"http:\/\/www.infokuryr.cz\/n\/wp-content\/uploads\/2021\/04\/kuryr-podpis.png\" alt=\"\" width=\"84\" height=\"24\" \/><\/p>\n<p>&nbsp;<\/p>\n","protected":false},"excerpt":{"rendered":"<p>\u0160v\u00fdcarsko se vyznamenalo jako hostitel a \u00fast\u0159edn\u00ed bod programu, kter\u00fd dalece p\u0159esahuje standardn\u00ed technick\u00e9 diskuse:&#8230;<\/p>\n","protected":false},"author":2,"featured_media":90785,"comment_status":"closed","ping_status":"closed","sticky":false,"template":"","format":"standard","meta":[],"categories":[7],"tags":[2214,3722,2320,467],"_links":{"self":[{"href":"https:\/\/www.infokuryr.cz\/n\/wp-json\/wp\/v2\/posts\/90784"}],"collection":[{"href":"https:\/\/www.infokuryr.cz\/n\/wp-json\/wp\/v2\/posts"}],"about":[{"href":"https:\/\/www.infokuryr.cz\/n\/wp-json\/wp\/v2\/types\/post"}],"author":[{"embeddable":true,"href":"https:\/\/www.infokuryr.cz\/n\/wp-json\/wp\/v2\/users\/2"}],"replies":[{"embeddable":true,"href":"https:\/\/www.infokuryr.cz\/n\/wp-json\/wp\/v2\/comments?post=90784"}],"version-history":[{"count":0,"href":"https:\/\/www.infokuryr.cz\/n\/wp-json\/wp\/v2\/posts\/90784\/revisions"}],"wp:featuredmedia":[{"embeddable":true,"href":"https:\/\/www.infokuryr.cz\/n\/wp-json\/wp\/v2\/media\/90785"}],"wp:attachment":[{"href":"https:\/\/www.infokuryr.cz\/n\/wp-json\/wp\/v2\/media?parent=90784"}],"wp:term":[{"taxonomy":"category","embeddable":true,"href":"https:\/\/www.infokuryr.cz\/n\/wp-json\/wp\/v2\/categories?post=90784"},{"taxonomy":"post_tag","embeddable":true,"href":"https:\/\/www.infokuryr.cz\/n\/wp-json\/wp\/v2\/tags?post=90784"}],"curies":[{"name":"wp","href":"https:\/\/api.w.org\/{rel}","templated":true}]}}