{"id":90783,"date":"2025-10-28T00:13:03","date_gmt":"2025-10-27T23:13:03","guid":{"rendered":"https:\/\/www.infokuryr.cz\/n\/?p=90783"},"modified":"2025-10-27T12:31:24","modified_gmt":"2025-10-27T11:31:24","slug":"nemecko-si-dela-to-co-nedokazala-ani-jeho-porazka-ve-druhe-svetove-valce","status":"publish","type":"post","link":"https:\/\/www.infokuryr.cz\/n\/2025\/10\/28\/nemecko-si-dela-to-co-nedokazala-ani-jeho-porazka-ve-druhe-svetove-valce\/","title":{"rendered":"N\u011bmecko si d\u011bl\u00e1 to, co nedok\u00e1zala ani jeho por\u00e1\u017eka ve druh\u00e9 sv\u011btov\u00e9 v\u00e1lce"},"content":{"rendered":"<div id=\"fb-root\"><\/div>\n<div class=\"elementor-element elementor-element-1fb4c2c elementor-widget elementor-widget-theme-post-content\" data-id=\"1fb4c2c\" data-element_type=\"widget\" data-widget_type=\"theme-post-content.default\">\n<div class=\"elementor-widget-container\">\n<p><strong><span dir=\"auto\">USA kdysi cht\u011bly zemi deindustrializovat, ale nakonec se proti tomu rozhodly \u2013 \u200b\u200bnyn\u00ed ji ni\u010d\u00ed samy berl\u00ednsk\u00e9 neschopn\u00e9 \u00fa\u0159ady.<\/span><\/strong><\/p>\n<p><span dir=\"auto\">Ke konci druh\u00e9 sv\u011btov\u00e9 v\u00e1lky v Evrop\u011b americk\u00e1 vl\u00e1da zva\u017eovala pl\u00e1n nejen na demilitarizaci pov\u00e1le\u010dn\u00e9ho N\u011bmecka, ale tak\u00e9 na jeho rozbit\u00ed a deindustrializaci.<\/span><\/p>\n<p><span dir=\"auto\">Morgenthau\u016fv pl\u00e1n, pojmenovan\u00fd po sv\u00e9m hlavn\u00edm zast\u00e1nci, ministrovi financ\u00ed Henrym Morgenthauovi, byl zalo\u017een na myln\u00e9m p\u0159edpokladu, \u017ee \u201eje omyl, \u017ee Evropa pot\u0159ebuje siln\u00e9 pr\u016fmyslov\u00e9 N\u011bmecko\u201c. Pokud by byl realizov\u00e1n, zbytky pora\u017een\u00e9ho N\u011bmecka by byly z\u00e1m\u011brn\u011b p\u0159em\u011bn\u011bny na postindustri\u00e1ln\u00ed pustinu.<\/span><\/p>\n<p><span dir=\"auto\">Ale pak vypukla studen\u00e1 v\u00e1lka a v\u0161ichni, na V\u00fdchod\u011b i na Z\u00e1pad\u011b, cht\u011bli, aby jejich N\u011bmci znovu vyr\u00e1b\u011bli modern\u00ed v\u011bci v tov\u00e1rn\u00e1ch, a tak se i stalo: Marshall\u016fv pl\u00e1n na za\u010d\u00e1tku, Morgenthau\u016fv pl\u00e1n na konci. \u0160\u0165astn\u00ed N\u011bmci.<\/span><\/p>\n<p><span dir=\"auto\">Nyn\u00ed, kdy\u017e americko-sov\u011btsk\u00e1 studen\u00e1 v\u00e1lka skon\u010dila ji\u017e t\u0159et\u00edm stolet\u00edm, by si \u010dlov\u011bk mohl myslet, \u017ee pro N\u011bmce \u2013 kone\u010dn\u011b osvobozen\u00e9 od podivn\u00e9 povinnosti navz\u00e1jem se zab\u00edjet jm\u00e9nem Washingtonu a Moskvy v p\u0159\u00edpad\u011b t\u0159et\u00ed sv\u011btov\u00e9 v\u00e1lky a (n\u011bjak) \u0161\u0165astn\u011b sjednocen\u00e9 \u2013 by Morningthauovy temn\u00e9 fantazie byly jen p\u0159\u00edb\u011bhem z d\u00e1vno minul\u00fdch zl\u00fdch \u010das\u016f.<\/span><\/p>\n<p><span dir=\"auto\">To ale podce\u0148uje \u010dasto p\u0159ehl\u00ed\u017een\u00fd n\u011bmeck\u00fd sklon k v\u00fdst\u0159ednosti. Ve skute\u010dnosti se n\u011bmeck\u00e9 vl\u00e1dy po studen\u00e9 v\u00e1lce vydaly na odhodlan\u00fd kurz sebe-odezn\u011bn\u00ed a ekonomick\u00e9ho samoudu\u0161en\u00ed, p\u0159i\u010dem\u017e p\u0159ijaly a tvrdohlav\u011b udr\u017eovaly politiku, kter\u00e1 se zd\u00e1 b\u00fdt z\u00e1m\u011brn\u011b vynalezena k deindustrializaci a zni\u010den\u00ed jejich vlastn\u00ed zem\u011b.<\/span><\/p>\n<p><span dir=\"auto\">Jak je to mo\u017en\u00e9? Nejprve si vezm\u011bme p\u0159\u00edpad glob\u00e1ln\u00edho chemick\u00e9ho giganta BASF: \u201eTo, co se d\u011bje v N\u011bmecku, je vid\u011bt nejd\u0159\u00edve u BASF,\u201c \u0159\u00edkaj\u00ed n\u011bkte\u0159\u00ed. A maj\u00ed pravdu. A\u017e doned\u00e1vna byla tato n\u011bmeck\u00e1 spole\u010dnost pova\u017eov\u00e1na za \u201eklenot\u201c n\u011bmeck\u00e9ho pr\u016fmyslu. Nyn\u00ed se N\u011bmecko nach\u00e1z\u00ed \u201ev nejdel\u0161\u00edm obdob\u00ed stagnace od druh\u00e9 sv\u011btov\u00e9 v\u00e1lky\u201c \u2013 nep\u00ed\u0161e moskevsk\u00fd den\u00edk RT, ale lond\u00fdnsk\u00fd den\u00edk FT \u2013 a BASF zt\u011bles\u0148uje mnoho z toho, co se tak velmi, velmi pokazilo.<\/span><\/p>\n<p><span dir=\"auto\">Stejn\u011b jako velk\u00e1 \u010d\u00e1st n\u011bmeck\u00e9 ekonomiky jako celku za\u017e\u00edv\u00e1 i tradi\u010dn\u011b siln\u00fd a vit\u00e1ln\u00ed chemick\u00fd pr\u016fmysl zem\u011b nejhor\u0161\u00ed krizi p\u0159inejmen\u0161\u00edm od za\u010d\u00e1tku 90. let. Od roku 2019 n\u011bmeck\u00fd pr\u016fmysl ztratil celkem t\u00e9m\u011b\u0159 \u010dtvrt milionu pracovn\u00edch m\u00edst.<\/span><\/p>\n<p><span dir=\"auto\">Pokud jde o spole\u010dnost BASF \u2013 p\u016fvodn\u011b zalo\u017eenou v roce 1865 v srdci \u00e9ry zalo\u017een\u00ed N\u011bmecka jako \u201eBadische Anilin- und Sodafabrik\u201c (Badensk\u00e1 tov\u00e1rna na anilin a sodu) \u2013, st\u00e1le je nejv\u011bt\u0161\u00ed chemickou spole\u010dnost\u00ed na sv\u011bt\u011b s dce\u0159in\u00fdmi spole\u010dnostmi ve v\u00edce ne\u017e 80 zem\u00edch a 112 000 zam\u011bstnanci. V N\u011bmecku v\u0161ak ve sv\u00e9m p\u016fvodn\u00edm v\u00fdrobn\u00edm z\u00e1vod\u011b ve m\u011bst\u011b Ludwigshafen \u2013 v sou\u010dasnosti st\u00e1le nejv\u011bt\u0161\u00edm takov\u00fdm z\u00e1vodem na sv\u011bt\u011b \u2013 zaznamen\u00e1v\u00e1 ji\u017e l\u00e9ta miliardov\u00e9 ztr\u00e1ty. Celkov\u011b vzato, podnik\u00e1n\u00ed spole\u010dnosti BASF doma, v N\u011bmecku, k zisk\u016fm spole\u010dnosti v nejlep\u0161\u00edm p\u0159\u00edpad\u011b nijak nep\u0159isp\u00edv\u00e1.<\/span><\/p>\n<p><span dir=\"auto\">Pokud se spole\u010dnosti BASF st\u00e1le da\u0159\u00ed, nen\u00ed to d\u00edky, ale navzdory jej\u00ed historick\u00e9 n\u011bmeck\u00e9 z\u00e1kladn\u011b. Jak v roce 2024 uvedl jej\u00ed b\u00fdval\u00fd gener\u00e1ln\u00ed \u0159editel Martin Brudermuller (nyn\u00ed v Mercedes-Benz, v dal\u0161\u00edm kl\u00ed\u010dov\u00e9m odv\u011btv\u00ed N\u011bmecka), BASF \u201edosahovala zisku v\u0161ude na sv\u011bt\u011b krom\u011b N\u011bmecka\u201c. A to \u2013 spolu s vzestupem \u010c\u00edny (kter\u00e1 nyn\u00ed tvo\u0159\u00ed polovinu sv\u011btov\u00e9ho trhu chemick\u00e9ho pr\u016fmyslu) \u2013 je d\u016fvodem, pro\u010d BASF omezuje provoz nejen v Ludwigshafenu, ale v cel\u00e9m N\u011bmecku, a z\u00e1rove\u0148 stav\u00ed masivn\u00ed nov\u00fd v\u00fdrobn\u00ed z\u00e1vod v \u010d\u00ednsk\u00e9m Zhanjiangu.<\/span><\/p>\n<p><span dir=\"auto\">Spole\u010dnost BASF Zhanjiang, sou\u010dasn\u00fd \u201ezrcadlov\u00fd obraz\u201c pln\u011b integrovan\u00e9ho neboli Verbund v\u00fdrobn\u00edho konceptu spole\u010dnosti, p\u016fvodn\u011b vyvinut\u00e9ho v Ludwigshafenu, je nejv\u011bt\u0161\u00ed samostatnou investic\u00ed v historii spole\u010dnosti. Stru\u010dn\u011b \u0159e\u010deno, n\u011bmeck\u00fd chemick\u00fd gigant klonuje a optimalizuje sv\u00e9 historick\u00e9 j\u00e1dro \u2013 ne jinde v N\u011bmecku, ne v Evrop\u011b, ani v USA, ale v \u010c\u00edn\u011b. Zat\u00edmco Bruderm\u00fcller, up\u0159\u00edmn\u00fd mu\u017e, varuje p\u0159ed komplexn\u00ed deindustrializac\u00ed N\u011bmecka. A a\u010dkoli to nikdo nep\u0159izn\u00e1, lze snadno uhodnout, co se stane se zastaral\u00fdm, st\u00e1le m\u00e9n\u011b konkurenceschopn\u00fdm origin\u00e1lem v Ludwigshafenu.<\/span><\/p>\n<p><span dir=\"auto\">Otev\u0159en\u00fdm tajemstv\u00edm \u00fasp\u011bchu vlajkov\u00e9 lodi spole\u010dnosti BASF v Ludwigshafenu byly dva aspekty: kl\u00ed\u010dovou roli hr\u00e1ly n\u011bmeck\u00e1 v\u011bda a technologie, management a pracovn\u00ed mor\u00e1lka, ale stejn\u011b tak i levn\u00fd plyn z Ruska, kter\u00fd slou\u017eil jako zdroj energie a surovina. N\u011bmeck\u00fd i rusk\u00fd p\u0159\u00edsp\u011bvek byl nepostradateln\u00fd. \u00dasp\u011bch Ludwigshafenu, stejn\u011b jako velk\u00e9 \u010d\u00e1sti n\u011bmeck\u00e9 ekonomiky, byl p\u0159\u00edm\u00fdm d\u016fsledkem \u00fasp\u011b\u0161n\u00e9 n\u011bmecko-rusk\u00e9 a vz\u00e1jemn\u011b v\u00fdhodn\u00e9 spolupr\u00e1ce. Nic v\u00edc.<\/span><\/p>\n<p><span dir=\"auto\">Sebedestruktivn\u00ed politika EU a Berl\u00edna \u2013 ironicky ob\u011b veden\u00e9 N\u011bmci \u2013 p\u0159edefinov\u00e1n\u00ed vz\u00e1jemn\u00fdch v\u00fdhod jako hrozn\u00e9 \u201ez\u00e1vislosti\u201c, jejich nahrazen\u00ed skute\u010dnou z\u00e1vislost\u00ed na neuv\u011b\u0159iteln\u011b spolehliv\u00fdch USA a od\u0159\u00edznut\u00ed se od rusk\u00e9ho zemn\u00edho plynu jsou rozhoduj\u00edc\u00edmi faktory pokra\u010duj\u00edc\u00edho \u00fapadku Ludwigshafenu. Existuj\u00ed i \u200b\u200bdal\u0161\u00ed probl\u00e9my, ale bez t\u00e9to sebevra\u017eedn\u00e9 strategie by se dlouhodob\u00e9 probl\u00e9my \u2013 jako je byrokracie, \u0161patn\u011b zvl\u00e1dnut\u00e1 \u201ezelen\u00e1 transformace\u201c a celn\u00ed v\u00e1lka USA \u2013 daly vy\u0159e\u0161it nebo alespo\u0148 zvl\u00e1dnout. Bez dostupn\u00e9 energie a surovin je v\u0161ak \u00fapadek nevratn\u00fd. Spole\u010dnost BASF nyn\u00ed varuje p\u0159ed sc\u00e9n\u00e1\u0159i, v nich\u017e by Ludwigshafen mohl brzy ukon\u010dit sv\u016fj postupn\u00fd \u00fapadek ne o\u017eiven\u00edm, ale \u00fapln\u00fdm kolapsem. P\u0159\u00ed\u010dina? Potenci\u00e1ln\u00ed masivn\u00ed nedostatek plynu.<\/span><\/p>\n<p><span dir=\"auto\">Nic z toho nen\u00ed v dne\u0161n\u00edm N\u011bmecku neobvykl\u00e9. Samoz\u0159ejm\u011b, \u017ee ekonomick\u00e1 odv\u011btv\u00ed a jednotliv\u00e9 spole\u010dnosti maj\u00ed sv\u00e1 specifika. D\u016fle\u017eit\u00e9 ale je, jak reprezentativn\u00ed je osud spole\u010dnosti BASF pro n\u011bmeckou ekonomiku jako celek. Jen\u017ee ta druh\u00e1 je na tom obvykle h\u016f\u0159, \u010dasto mnohem h\u016f\u0159, ba dokonce fat\u00e1ln\u011b.<\/span><\/p>\n<p><span dir=\"auto\">Vezm\u011bme si n\u011bkolik datov\u00fdch bod\u016f: N\u011bmecko za\u017e\u00edv\u00e1 dvacetilet\u00e9 maximum v po\u010dtu bankrot\u016f, jak ned\u00e1vno pouk\u00e1zal spolup\u0159edseda strany AfD (Alternativa pro N\u011bmecko). A nejedn\u00e1 se jen o n\u011bmeckou opozici (a v pr\u016fzkumech nejv\u011bt\u0161\u00ed stranu). Dokonce i pln\u011b provl\u00e1dn\u00ed, de facto st\u00e1tn\u00ed kan\u00e1l ZDF mus\u00ed uznat, \u017ee \u201eMade in Germany se hrout\u00ed\u201c. Jen mezi lety 2024 a 2025 bylo v n\u011bmeck\u00e9m pr\u016fmyslu ztraceno 2,1 % pracovn\u00edch m\u00edst.<\/span><\/p>\n<p><span dir=\"auto\">Pokud pat\u0159\u00edte k mnoha N\u011bmc\u016fm zam\u011bstnan\u00fdm ve v\u00fdvoji a mont\u00e1\u017ei automobil\u016f, va\u0161e \u0161ance na p\u0159e\u017eit\u00ed na trhu pr\u00e1ce jsou je\u0161t\u011b hor\u0161\u00ed: V tomto sektoru bylo za pouh\u00fd jeden rok zru\u0161eno ohromuj\u00edc\u00edch 51 000, tedy 7 %, pracovn\u00edch m\u00edst \u2013 a konec je v nedohlednu. Zisky prudce klesly: u Mercedes-Benz o v\u00edce ne\u017e 50 % mezi lednem a \u010dervnem a u VW o v\u00edce ne\u017e t\u0159etinu ve druh\u00e9m \u010dtvrtlet\u00ed roku 2025.<\/span><\/p>\n<p><span dir=\"auto\">A to bylo p\u0159edt\u00edm, ne\u017e n\u011bjac\u00ed velmi stabiln\u00ed g\u00e9niov\u00e9 ve Washingtonu p\u0159im\u011bli nizozemskou vl\u00e1du, aby ukradla \u010d\u00ednsk\u00e9ho v\u00fdrobce \u010dip\u016f Nexperia \u2013 to je spr\u00e1vn\u00fd term\u00edn. \u010c\u00edna nevyhnuteln\u011b \u00fato\u010d\u00ed zp\u011bt. Na rozd\u00edl od N\u011bmecka ji nevedou podivn\u00ed lid\u00e9, kte\u0159\u00ed by v\u011bci jako nap\u0159\u00edklad teroristick\u00fd \u00fatok \u201espojenc\u016f\u201c na \u017eivotn\u011b d\u016fle\u017eitou infrastrukturu brali s \u00fasm\u011bvem a \u00faklonou. Nexperia je tud\u00ed\u017e mimo provoz a n\u011bmeck\u00e9 automobilky pat\u0159\u00ed k nejv\u00edce posti\u017een\u00fdm v\u00fdsledn\u00fdm nedostatkem dod\u00e1vek: Hildegard M\u00fcllerov\u00e1, p\u0159edsedkyn\u011b jejich n\u00e1rodn\u00ed asociace, varovala p\u0159ed \u201ev\u00fdznamn\u00fdm omezen\u00edm v\u00fdroby, ba i \u00fapln\u00fdm p\u0159eru\u0161en\u00edm v z\u00e1vislosti na okolnostech\u201c. Pomal\u00fd potlesk i pro v\u00e1s, velc\u00ed mist\u0159i z\u00e1padn\u00edch strat\u00e9g\u016f obchodn\u00ed v\u00e1lky.<\/span><\/p>\n<p><span dir=\"auto\">Pokud je Ludwigshafen epicentrem (st\u00e1le) relativn\u011b pomal\u00e9ho \u00fapadku n\u011bmeck\u00e9ho chemick\u00e9ho pr\u016fmyslu v r\u00e1mci BASF, pak se zd\u00e1, \u017ee Stuttgart se stane jedn\u00edm z m\u011bst nejv\u00edce zdevastovan\u00fdch rychlej\u0161\u00edm \u00fapadkem automobilek. Vzhledem k tomu, \u017ee 17 %, tedy \u010dtvrt milionu obyvatel Stuttgartu, si vyd\u011bl\u00e1v\u00e1 na \u017eivobyt\u00ed automobily \u2013 a\u0165 u\u017e p\u0159\u00edmo u Mercedes-Benz nebo Porsche, nebo u jednoho z mnoha m\u00edstn\u00edch dodavatel\u016f, jako je mnohem m\u00e9n\u011b zn\u00e1m\u00fd Mahle nebo Ebersp\u00e4cher \u2013 m\u00e1 m\u011bsto d\u016fvod k obav\u00e1m. N\u011bkte\u0159\u00ed u\u017e hovo\u0159\u00ed o bez\u00fat\u011b\u0161n\u00e9 budoucnosti jako n\u011bmeck\u00e9ho Detroitu, zt\u011blesn\u011bn\u00ed deindustrializace a rozkladu v americk\u00e9m \u201erezov\u00e9m p\u00e1su\u201c.<\/span><\/p>\n<p><span dir=\"auto\">Tato zpr\u00e1va rozhodn\u011b nen\u00ed uklid\u0148uj\u00edc\u00ed: Nap\u0159\u00edklad dodavatel automobilov\u00e9ho pr\u016fmyslu Mahle ji\u017e propustil 7 000 pracovn\u00edch m\u00edst. Nadn\u00e1rodn\u00ed stroj\u00edrensk\u00fd a technologick\u00fd koncern Bosch, p\u016fvodn\u011b ze Stuttgartu a nyn\u00ed s\u00eddl\u00edc\u00ed n\u011bkolik kilometr\u016f z\u00e1padn\u011b odtud, ozn\u00e1mil celkem 22 000 propu\u0161t\u011bn\u00ed v N\u011bmecku, z toho t\u00e9m\u011b\u0159 2 000 ve Stuttgartu.<\/span><\/p>\n<p><span dir=\"auto\">P\u0159i op\u011btovn\u00e9m odd\u00e1len\u00ed z\u016fst\u00e1v\u00e1 obraz bez\u00fat\u011b\u0161n\u00fd: Renomovan\u00fd institut Ifo p\u0159edpov\u00edd\u00e1 pro leto\u0161n\u00ed rok mikroskopick\u00fd r\u016fst o 0,2 %. V p\u0159\u00ed\u0161t\u00edm roce by se podle nich r\u016fst mohl m\u00edrn\u011b zrychlit na 1,3 %. Ale i kdyby k tomu skute\u010dn\u011b do\u0161lo \u2013 v posledn\u00ed dob\u011b do\u0161lo ke zpomalen\u00ed \u2013 bude to zp\u016fsobeno bezohledn\u00fdm, militaristick\u00fdm, keynesi\u00e1nsk\u00fdm zadlu\u017een\u00edm a utr\u00e1cen\u00edm ze strany vl\u00e1dy.<\/span><\/p>\n<p><span dir=\"auto\">Sou\u010dasn\u00e1 berl\u00ednsk\u00e1 \u201eelita\u201c m\u016f\u017ee b\u00fdt masochistick\u00e1, kte\u0159\u00ed si u\u017e\u00edvaj\u00ed hrub\u00e9 zach\u00e1zen\u00ed a ur\u00e1\u017eky ze strany USA, Ukrajiny a dokonce i Polska. N\u011bmci jako celek jsou ale samoz\u0159ejm\u011b m\u00e9n\u011b bizarn\u00ed. Dv\u011b t\u0159etiny z nich jsou nyn\u00ed nespokojeny s vl\u00e1dnouc\u00ed koalic\u00ed. Pokud m\u00e1 jejich n\u00e1rodn\u00ed utrpen\u00ed tv\u00e1\u0159, je to utrpen\u00ed jejich v\u016fdce, kancl\u00e9\u0159e Friedricha Merze, b\u00fdval\u00e9ho stoupence BlackRocku, kter\u00fd okouzluj\u00edc\u00edm zp\u016fsobem kombinuje netaktn\u00ed, ur\u00e1\u017eliv\u00e9 povzbuzuj\u00edc\u00ed \u0159e\u010di nazna\u010duj\u00edc\u00ed, \u017ee n\u00e1rod se skl\u00e1d\u00e1 z l\u00edn\u00fdch povale\u010d\u016f, s tir\u00e1dami o Rusku, dronech a samoz\u0159ejm\u011b AfD, kter\u00e1 je nyn\u00ed tak\u00e9 obvi\u0148ov\u00e1na ze spol\u010den\u00ed s \u2013 bubnov\u00e1n\u00edm \u2013 Moskvou.<\/span><\/p>\n<p><span dir=\"auto\">Merz je, ke cti N\u011bmecka, zt\u011blesn\u011bn\u00edm neobl\u00edbenosti. Vzpome\u0148te si na n\u011bmeckou verzi Starmerova v\u00fdroku \u201ePracuji pro Izrael, ne pro v\u00e1s\u201c ve Velk\u00e9 Brit\u00e1nii nebo Macronova v\u00fdroku \u201ePros\u00edm, jd\u011bte, prost\u011b jd\u011bte!\u201c ve Francii.<\/span><\/p>\n<p><span dir=\"auto\">A to je zn\u00e1mka n\u00e1rodn\u00edho zdrav\u00ed. V zemi, jej\u00ed\u017e vl\u00e1dci systematicky ni\u010d\u00ed ekonomiku prost\u0159ednictv\u00edm zjevn\u011b \u0161\u00edlen\u00e9 politiky sebepo\u0161kozov\u00e1n\u00ed, p\u0159edstavuje nespokojenost lidu nad\u011bji. Mo\u017en\u00e1 toho N\u011bmci kone\u010dn\u011b budou m\u00edt dost.<\/span><\/p>\n<p><span dir=\"auto\">*<\/span><\/p>\n<p><em><span dir=\"auto\">Tarik Cyril Amar<\/span><\/em><\/p>\n<p><em><span dir=\"auto\">Od Tarika Cyrila Amara, historika z N\u011bmecka, kter\u00fd pracuje na Ko\u00e7ov\u011b univerzit\u011b v Istanbulu a zab\u00fdv\u00e1 se Ruskem, Ukrajinou a v\u00fdchodn\u00ed Evropou, d\u011bjinami druh\u00e9 sv\u011btov\u00e9 v\u00e1lky, kulturn\u00ed studenou v\u00e1lkou a politikou pam\u011bti.<\/span><\/em><\/p>\n<\/div>\n<\/div>\n<div class=\"elementor-element elementor-element-8c57238 quelle dc-has-condition dc-condition-empty elementor-widget elementor-widget-heading\" data-id=\"8c57238\" data-element_type=\"widget\" data-widget_type=\"heading.default\">\n<div class=\"elementor-widget-container\">\n<h3 class=\"elementor-heading-title elementor-size-default\"><span style=\"font-size: 10pt;\"><a href=\"https:\/\/www.rt.com\/news\/626988-germany-deindustrialization-ww2-defeat\/\" target=\"_blank\" rel=\"nofollow noopener\"><span dir=\"auto\">Zdroj<\/span><\/a><\/span><\/h3>\n<p>&nbsp;<\/p>\n<\/div>\n<\/div>\n","protected":false},"excerpt":{"rendered":"<p>USA kdysi cht\u011bly zemi deindustrializovat, ale nakonec se proti tomu rozhodly \u2013 \u200b\u200bnyn\u00ed ji ni\u010d\u00ed&#8230;<\/p>\n","protected":false},"author":2,"featured_media":88698,"comment_status":"closed","ping_status":"closed","sticky":false,"template":"","format":"standard","meta":[],"categories":[7],"tags":[1042,59,371,8211,84],"_links":{"self":[{"href":"https:\/\/www.infokuryr.cz\/n\/wp-json\/wp\/v2\/posts\/90783"}],"collection":[{"href":"https:\/\/www.infokuryr.cz\/n\/wp-json\/wp\/v2\/posts"}],"about":[{"href":"https:\/\/www.infokuryr.cz\/n\/wp-json\/wp\/v2\/types\/post"}],"author":[{"embeddable":true,"href":"https:\/\/www.infokuryr.cz\/n\/wp-json\/wp\/v2\/users\/2"}],"replies":[{"embeddable":true,"href":"https:\/\/www.infokuryr.cz\/n\/wp-json\/wp\/v2\/comments?post=90783"}],"version-history":[{"count":0,"href":"https:\/\/www.infokuryr.cz\/n\/wp-json\/wp\/v2\/posts\/90783\/revisions"}],"wp:featuredmedia":[{"embeddable":true,"href":"https:\/\/www.infokuryr.cz\/n\/wp-json\/wp\/v2\/media\/88698"}],"wp:attachment":[{"href":"https:\/\/www.infokuryr.cz\/n\/wp-json\/wp\/v2\/media?parent=90783"}],"wp:term":[{"taxonomy":"category","embeddable":true,"href":"https:\/\/www.infokuryr.cz\/n\/wp-json\/wp\/v2\/categories?post=90783"},{"taxonomy":"post_tag","embeddable":true,"href":"https:\/\/www.infokuryr.cz\/n\/wp-json\/wp\/v2\/tags?post=90783"}],"curies":[{"name":"wp","href":"https:\/\/api.w.org\/{rel}","templated":true}]}}