{"id":90780,"date":"2025-10-28T00:11:45","date_gmt":"2025-10-27T23:11:45","guid":{"rendered":"https:\/\/www.infokuryr.cz\/n\/?p=90780"},"modified":"2025-10-27T12:16:26","modified_gmt":"2025-10-27T11:16:26","slug":"thomas-roper-nyni-je-rada-na-evrope-aby-odstranila-cipy-z-lednicek","status":"publish","type":"post","link":"https:\/\/www.infokuryr.cz\/n\/2025\/10\/28\/thomas-roper-nyni-je-rada-na-evrope-aby-odstranila-cipy-z-lednicek\/","title":{"rendered":"Thomas R\u00f6per: \u201eNyn\u00ed je \u0159ada na Evrop\u011b, aby odstranila \u010dipy z ledni\u010dek\u201c"},"content":{"rendered":"<div id=\"fb-root\"><\/div>\n<p><strong><span dir=\"auto\">Politick\u00fd t\u00fdden v EU byl zast\u00edn\u011bn dv\u011bma t\u00e9maty: sporem o vyvlastn\u011bn\u00ed rusk\u00fdch aktiv a kriz\u00ed \u010dip\u016f. Pod\u00edvejme se, jak se o tom minul\u00fd t\u00fdden informovalo v Rusku.<\/span><\/strong><\/p>\n<p><span dir=\"auto\">Minul\u00fd t\u00fdden dominoval titulk\u016fm novin \u2013 zat\u00edm ne\u00fasp\u011b\u0161n\u00fd \u2013 spor mezi l\u00eddry EU o vyvlastn\u011bn\u00ed rusk\u00fdch aktiv zmrazen\u00fdch v Belgii. Dal\u0161\u00edm t\u00e9matem, kter\u00e9 by se v kr\u00e1tkodob\u00e9m horizontu mohlo st\u00e1t mnohem d\u016fle\u017eit\u011bj\u0161\u00edm, je krize \u010dip\u016f, kter\u00e1 ohro\u017euje produkci v EU obecn\u011b.<\/span><\/p>\n<p><span dir=\"auto\">Jak je dob\u0159e zn\u00e1mo, pova\u017euji za zaj\u00edmav\u00e9 uk\u00e1zat, jak se o evropsk\u00e9 politice informuje mimo z\u00e1padn\u00ed medi\u00e1ln\u00ed bublinu. Proto jsem tento t\u00fdden znovu p\u0159elo\u017eil report\u00e1\u017e\u00a0<\/span><a href=\"https:\/\/vesti7.ru\/video\/3039036\/episode\/26-10-2025\/\"><u><span dir=\"auto\">n\u011bmeck\u00e9ho<\/span><\/u><\/a><span dir=\"auto\">\u00a0zpravodaje, kterou rusk\u00e1 televize odvys\u00edlala ve sv\u00e9m t\u00fddenn\u00edm zpravodajsk\u00e9m p\u0159ehledu v ned\u011bli ve\u010der.<\/span><\/p>\n<p><em><strong><span dir=\"auto\">Za\u010d\u00e1tek p\u0159ekladu:<\/span><\/strong><\/em><\/p>\n<h2 class=\"wp-block-heading\"><span dir=\"auto\">Nyn\u00ed je \u0159ada na Evrop\u011b, aby \u201eodstranila \u010dipy z ledni\u010dek\u201c<\/span><\/h2>\n<p><span dir=\"auto\">Tento t\u00fdden cht\u011bla EU kone\u010dn\u011b ukr\u00e1st rusk\u00e1 aktiva v hodnot\u011b 200 miliard eur zmrazen\u00e1 v Belgii. Myslela si, \u017ee k tomu na summitu EU dok\u00e1\u017ee p\u0159esv\u011bd\u010dit belgick\u00e9ho premi\u00e9ra, ale belgick\u00fd premi\u00e9r Bart de Wever se uk\u00e1zal jako tvrd\u00fd o\u0159\u00ed\u0161ek. \u0158ekl, \u017ee nechce n\u00e9st v\u00fdhradn\u00ed odpov\u011bdnost za Rusko, zvl\u00e1\u0161t\u011b kdy\u017e Belgie ukraden\u00e9 pen\u00edze ani neutrat\u00ed. V\u0161echno by skon\u010dilo v rukou Ursuly von der Leyen a v\u016fdkyn\u011b banderovsk\u00e9 frakce kolem Zelensk\u00e9ho.<\/span><\/p>\n<p><span dir=\"auto\">EU zjevn\u011b ze zloby zak\u00e1zala dod\u00e1vky skute\u010dn\u011b \u017eivotn\u011b d\u016fle\u017eit\u00e9ho zbo\u017e\u00ed Rusku, bez kter\u00e9ho se Rusov\u00e9 jist\u011b rozhodnou ukon\u010dit vojenskou operaci. 19. bal\u00ed\u010dek protirusk\u00fdch sankc\u00ed zahrnuje \u201emotorizovan\u00e9 hra\u010dky\u201c, t\u0159\u00edkolky a dokonce i mech a li\u0161ejn\u00edky. Zak\u00e1z\u00e1no bylo i ve\u0161ker\u00e9 technick\u00e9 za\u0159\u00edzen\u00ed pro fotografov\u00e1n\u00ed a nat\u00e1\u010den\u00ed videa. To jasn\u011b ukazuje, \u017ee je to tak. EU se p\u0159edv\u00e1d\u00ed.<\/span><\/p>\n<p><span dir=\"auto\">\u010c\u00ednsk\u00e9 ministerstvo obchodu ale tento t\u00fdden zak\u00e1zalo v\u00fdvoz \u010d\u00ednsk\u00fdch \u010dip\u016f do EU, p\u0159esto\u017ee na nich z\u00e1vis\u00ed ve\u0161ker\u00e1 produkce, od aut p\u0159es mobiln\u00ed telefony a videokamery a\u017e po nejr\u016fzn\u011bj\u0161\u00ed dom\u00e1c\u00ed spot\u0159ebi\u010de.<\/span><\/p>\n<p><span dir=\"auto\">P\u0159ed t\u0159emi lety se v\u0161ichni sm\u00e1li, kdy\u017e Ursula von der Leyenov\u00e1 vysv\u011btlovala, jak Rusov\u00e9 vytahuj\u00ed \u0161t\u011bpky na rakety z ledni\u010dek a my\u010dek n\u00e1dob\u00ed. Ursula te\u010f alespo\u0148 v\u00ed, kde je sehnat.<\/span><\/p>\n<p><span dir=\"auto\">Z Evropy informuje n\u00e1\u0161 zpravodaj.<\/span><\/p>\n<p><span dir=\"auto\">V\u00edtr fouk\u00e1, proto\u017ee fouk\u00e1 Trump\u016fv pramen vlas\u016f. Evropsk\u00e1 \u201ekoalice ochotn\u00fdch\u201c, p\u0159esv\u011bd\u010den\u00e1, \u017ee glob\u00e1ln\u00ed politick\u00e9 klima funguje t\u00edmto a \u017e\u00e1dn\u00fdm jin\u00fdm zp\u016fsobem, se sna\u017e\u00ed chytit vrtkav\u00fd v\u00e1nek sv\u00fdmi plachtami, co\u017e britsk\u00fd premi\u00e9r Keir Starmer vyj\u00e1d\u0159il takto: \u201eVe st\u0159edu se k n\u00e1m USA rozhodn\u011b p\u0159ipojily a uvalily na EU dal\u0161\u00ed sankce a my ukon\u010dujeme financov\u00e1n\u00ed rusk\u00e9 vojensk\u00e9 ma\u0161in\u00e9rie.\u201c<\/span><\/p>\n<p><span dir=\"auto\">A francouzsk\u00fd prezident Emmanuel Macron prohl\u00e1sil: \u201eAmerick\u00e9 sankce jsou pro n\u00e1s d\u016fle\u017eit\u00fdm miln\u00edkem. A poprv\u00e9 jsou pln\u011b synchronizov\u00e1ny s 19. evropsk\u00fdm sank\u010dn\u00edm bal\u00ed\u010dkem.\u201c<\/span><\/p>\n<p><span dir=\"auto\">Zelensk\u00e9ho sch\u016fzka v Lond\u00fdn\u011b se net\u00fdkala sankc\u00ed, zbran\u00ed dlouh\u00e9ho doletu, syst\u00e9m\u016f protivzdu\u0161n\u00e9 obrany ani spole\u010dn\u00e9 v\u00fdroby dron\u016f. T\u00e9ma sch\u016fzky bylo n\u011bco jin\u00e9ho: p\u0159esv\u011bd\u010dit Trumpa, \u017ee americk\u00fd prezident je neodmysliteln\u00fdm \u010dlenem globalistick\u00e9ho t\u00e1bora a \u017ee kdy\u017e \u0159ekne \u201eA\u201c, mus\u00ed \u0159\u00edct i \u201eB\u201c.<\/span><\/p>\n<p><span dir=\"auto\">N\u011bmeck\u00fd kancl\u00e9\u0159 Friedrich Merz o americk\u00fdch sankc\u00edch \u0159ekl: \u201eToto je d\u016fle\u017eit\u00fd sign\u00e1l pro prezidenta Putina, \u017ee chceme zv\u00fd\u0161it tlak na Rusko na obou stran\u00e1ch Atlantiku.\u201c<\/span><\/p>\n<p><span dir=\"auto\">P\u0159\u00edpad n\u011bmeck\u00e9ho kancl\u00e9\u0159e byl v\u017edycky vtipn\u00fd. Pot\u00e9, co vyj\u00e1d\u0159il plnou spokojenost s americk\u00fdmi sankcemi proti rusk\u00fdm ropn\u00fdm spole\u010dnostem, okam\u017eit\u011b vyj\u00e1d\u0159il nad\u011bji, \u017ee bude u\u010din\u011bna v\u00fdjimka pro n\u011bmeck\u00e9 dce\u0159in\u00e9 spole\u010dnosti Rosn\u011bfti, kter\u00e9 dod\u00e1vaj\u00ed palivo do v\u00fdchodon\u011bmeck\u00fdch spolkov\u00fdch zem\u00ed a jsou ji\u017e t\u0159i a p\u016fl roku pod extern\u00ed spr\u00e1vou \u2013 tedy odebr\u00e1ny od sv\u00fdch pr\u00e1voplatn\u00fdch majitel\u016f. Vtipn\u00e9 na tom nen\u00ed dvoj\u00ed metr, ale sp\u00ed\u0161e to, \u017ee kancl\u00e9\u0159ova slova v sou\u010dasn\u00e9 situaci zn\u00ed jako varov\u00e1n\u00ed.<\/span><\/p>\n<p><span dir=\"auto\">V televizn\u00ed report\u00e1\u017ei se psalo: \u201eJsme zde v Sz\u00e1zhalombatt\u011b, ma\u010farsk\u00e9m m\u011bst\u011b, u vchodu do ropn\u00e9 rafinerie. Nem\u016f\u017eeme se dostat bl\u00ed\u017e, proto\u017ee v are\u00e1lu rafinerie do\u0161lo k masivn\u00ed explozi.\u201c<\/span><\/p>\n<p><span dir=\"auto\">Cel\u00fd t\u00fdden ho\u0159\u00ed evropsk\u00e1 za\u0159\u00edzen\u00ed zpracov\u00e1vaj\u00edc\u00ed ruskou ropu: v Rumunsku do\u0161lo k v\u00fdbuchu v rafin\u00e9rii Petrotel, kterou vlastn\u00ed Lukoil; v Ma\u010farsku k v\u00fdbuchu v rafin\u00e9rii Sz\u00e1zhalombatta, kter\u00e1 je z\u00e1visl\u00e1 na dod\u00e1vk\u00e1ch ropy ropovodem Dru\u017eba. Objevily se zpr\u00e1vy o po\u017e\u00e1ru v podobn\u00e9m za\u0159\u00edzen\u00ed na Slovensku, ale ty nejsou potvrzen\u00e9.<\/span><\/p>\n<p><span dir=\"auto\">V ka\u017ed\u00e9m p\u0159\u00edpad\u011b je z\u0159ejm\u00e9, \u017ee pot\u00e9, co polsk\u00e9 a italsk\u00e9 \u00fa\u0159ady odm\u00edtly vydat podez\u0159el\u00e9 z \u00fatoku na Nord Stream 2 n\u011bmeck\u00e9 prokuratu\u0159e, dostali ukrajin\u0161t\u00ed terorist\u00e9 v Evrop\u011b naprostou volnost jedn\u00e1n\u00ed. A \u010deho by se m\u011bli b\u00e1t, kdy\u017e je terorismus podporov\u00e1n na st\u00e1tn\u00ed \u00farovni?<\/span><\/p>\n<p><span dir=\"auto\">Dokazuje to pozoruhodn\u00e1 v\u00fdm\u011bna n\u00e1zor\u016f na soci\u00e1ln\u00edch s\u00edt\u00edch mezi polsk\u00fdm ministrem zahrani\u010d\u00ed, kter\u00fd m\u00e1 americk\u00fd pas, a jeho ma\u010farsk\u00fdm prot\u011bj\u0161kem. Pol\u00e1k Sikorski nejprve prohl\u00e1sil, \u017ee \u201enez\u00e1visl\u00fd polsk\u00fd soud\u201c by mohl donutit arm\u00e1du k p\u0159ist\u00e1n\u00ed s Putinov\u00fdm letadlem, a\u017e polet\u00ed do Budape\u0161ti na setk\u00e1n\u00ed s Trumpem.<\/span><\/p>\n<p><span dir=\"auto\">Ma\u010far se pot\u00e9 Szijj\u00e1rt\u00f3a zeptal: \u201eMysl\u00ed Sikorski nez\u00e1visl\u00fd soud, kter\u00fd na Tusk\u016fv p\u0159\u00edkaz odm\u00edtl vydat teroristu, kter\u00fd vyhodil do pov\u011bt\u0159\u00ed Nord Stream 2?\u201c<\/span><\/p>\n<p><span dir=\"auto\">Sikorski reagoval pom\u011brn\u011b obs\u00e1hle: Na\u0161el u\u017eite\u010dn\u00e9ho Ma\u010fara, \u010dlov\u011bka s touto p\u0159ezd\u00edvkou, kter\u00fd pilotoval Zelensk\u00e9ho drony. Napsal: \u201ePet\u0159e, jsem hrd\u00fd na polsk\u00fd soud, kter\u00fd rozhodl, \u017ee sabot\u00e1\u017e proti okupantovi nen\u00ed zlo\u010din. D\u00e1le douf\u00e1m, \u017ee se va\u0161emu state\u010dn\u00e9mu krajanovi, majoru Ma\u010farovi, kone\u010dn\u011b poda\u0159\u00ed ochromit ropovod, kter\u00fd nap\u00e1j\u00ed Putin\u016fv v\u00e1le\u010dn\u00fd stroj.\u201c<\/span><\/p>\n<p><span dir=\"auto\">Sikorsk\u00e9ho reakce nenech\u00e1v\u00e1 nikoho na pochyb\u00e1ch, \u017ee, jak mnoz\u00ed tu\u0161ili, za explozemi v baltsk\u00e9m plynovodu st\u00e1ly nejen USA a Velk\u00e1 Brit\u00e1nie, ale i polsk\u00e9 tajn\u00e9 slu\u017eby. To je jedna v\u011bc. Za druh\u00e9, Evropa bude d\u00e1l ho\u0159et a explodovat. A to je v pln\u00e9m souladu se sank\u010dn\u00ed politikou EU, jak uvedla d\u00e1nsk\u00e1 premi\u00e9rka Mette Frederiksenov\u00e1: \u201eSankce v\u00edt\u00e1m. Jsem spokojena s rozhodnut\u00edmi, kter\u00e1 jsme u\u010dinili p\u0159ed n\u011bkolika dny, abychom se zcela vzdali rusk\u00e9 ropy a plynu.\u201c<\/span><\/p>\n<p><span dir=\"auto\">Ve \u010dtvrtek 23. \u0159\u00edjna se Bruselu na summitu EU poda\u0159ilo prosadit 19. bal\u00ed\u010dek sankc\u00ed proti Rusku. Ten zahrnuje \u00fapln\u00fd z\u00e1kaz dovozu rusk\u00e9ho zkapaln\u011bn\u00e9ho zemn\u00edho plynu \u2013 v r\u00e1mci dlouhodob\u00fdch smluv od 1. ledna 2027 a v r\u00e1mci kr\u00e1tkodob\u00fdch smluv po \u0161esti m\u011bs\u00edc\u00edch \u2013 roz\u0161\u00ed\u0159en\u00fd seznam lod\u00ed pova\u017eovan\u00fdch za sou\u010d\u00e1st st\u00ednov\u00e9 flotily, sankce proti n\u011bkolika bank\u00e1m, omezen\u00ed pohybu rusk\u00fdch diplomat\u016f v r\u00e1mci schengensk\u00e9ho prostoru, z\u00e1kaz poskytov\u00e1n\u00ed turistick\u00fdch slu\u017eeb Evropan\u016fm, kte\u0159\u00ed cht\u011bj\u00ed nav\u0161t\u00edvit Rusko, a embargo na v\u00fdvoz toalet a hra\u010dek s motory. Bu\u010f se ob\u00e1vaj\u00ed, \u017ee Rusov\u00e9 nainstaluj\u00ed motory do sv\u00fdch st\u0159el s plochou dr\u00e1hou letu, nebo tu\u0161\u00ed, \u017ee brzy budou muset \u010dipy sami odstranit.<\/span><\/p>\n<p><span dir=\"auto\">V televizn\u00ed report\u00e1\u017ei se uv\u00e1d\u00ed: \u201eVolkswagen se p\u0159ipravuje na mo\u017en\u00e9 naru\u0161en\u00ed v\u00fdroby. To by mohlo postihnout p\u0159edev\u0161\u00edm n\u011bkolik tis\u00edc zam\u011bstnanc\u016f. Situace je pova\u017eov\u00e1na za v\u00e1\u017enou, proto\u017ee krize s \u010dipy by se mohla rychle roz\u0161\u00ed\u0159it do dal\u0161\u00edch z\u00e1vod\u016f.\u201c<\/span><\/p>\n<p><span dir=\"auto\">Rozhodnut\u00ed nizozemsk\u00e9 vl\u00e1dy vyvlastnit spole\u010dnost Nexperia \u2013 de facto monopol na trhu s b\u011b\u017enou mikroelektronikou, kter\u00fd vlastn\u00ed \u010d\u00ednsk\u00e1 spole\u010dnost WingTech \u2013 p\u0159im\u011blo Peking k z\u00e1kazu dod\u00e1vky \u010dip\u016f do Evropy. P\u0159\u00ed\u0161t\u00ed t\u00fdden se skupina VW, kter\u00e1 ji\u017e \u010del\u00ed syst\u00e9mov\u00e9 krizi kv\u016fli klesaj\u00edc\u00edm prodej\u016fm \u2013 d\u00edra v jej\u00edm rozpo\u010dtu na rok 2026 \u010din\u00ed 11 miliard eur \u2013 chyst\u00e1 zastavit v\u00fdrobu model\u016f Golf a Tiguan na sv\u00e9 hlavn\u00ed mont\u00e1\u017en\u00ed lince ve Wolfsburgu.<\/span><\/p>\n<p><span dir=\"auto\">Frankfurter Allgemeine Zeitung napsal: \u201eAuto bez v\u00fdstra\u017en\u00fdch sv\u011btel je pova\u017eov\u00e1no za nebezpe\u010dn\u00e9 a v\u00fdrobce je nesm\u00ed dodat, i kdy\u017e v\u0161e ostatn\u00ed funguje perfektn\u011b. Pr\u00e1v\u011b to je v sou\u010dasn\u00e9 dob\u011b ohro\u017eeno kv\u016fli krizi v nizozemsko-\u010d\u00ednsk\u00e9 spole\u010dnosti Nexperia: nejen v\u00fdstra\u017en\u00e1 sv\u011btla, ale i mnoho dal\u0161\u00edch bezpe\u010dnostn\u00edch funkc\u00ed vozidla, od signalizace otev\u0159en\u00fdch dve\u0159\u00ed pro cestuj\u00edc\u00ed a\u017e po ovl\u00e1d\u00e1n\u00ed protiblokovac\u00edho syst\u00e9mu brzd a ventil\u016f posilova\u010de \u0159\u00edzen\u00ed. V jednom aut\u011b se pou\u017e\u00edv\u00e1 a\u017e 500 komponent\u016f Nexperia.\u201c<\/span><\/p>\n<p><span dir=\"auto\">Agentura Bloomberg p\u0159edpov\u00edd\u00e1, \u017ee v\u0161echny evropsk\u00e9 automobilky budou do 20 dn\u016f posti\u017eeny nedostatkem \u010dip\u016f, proto\u017ee nizozemsk\u00e1 vl\u00e1da nezohlednila n\u011bkolik d\u016fle\u017eit\u00fdch faktor\u016f, kdy\u017e vyhl\u00e1sila bankrot spole\u010dnosti Nexperia pod z\u00e1minkou, \u017ee gener\u00e1ln\u00ed \u0159editel Zhang Xuezheng \u00fadajn\u011b pl\u00e1nuje uzav\u0159en\u00ed evropsk\u00e9ho z\u00e1vodu. Zaprv\u00e9, 80 procent celkov\u00e9 produkce bylo odesl\u00e1no do \u010c\u00edny k fin\u00e1ln\u00edmu zpracov\u00e1n\u00ed a testov\u00e1n\u00ed a \u010dipy se ji\u017e nemohly vracet do Evropy. Zadruh\u00e9, USA ned\u00e1vno za\u0159adily mate\u0159skou spole\u010dnost WingTech na \u010dernou listinu \u010d\u00ednsk\u00fdch v\u00fdrobc\u016f, kte\u0159\u00ed p\u0159edstavuj\u00ed hrozbu pro n\u00e1rodn\u00ed bezpe\u010dnost USA, co\u017e Nizozemce povzbudilo.<\/span><\/p>\n<p><span dir=\"auto\">Politick\u00e9 pozad\u00ed t\u00e9to kr\u00e1de\u017ee je a\u017e p\u0159\u00edli\u0161 z\u0159ejm\u00e9 a \u010c\u00edna se za takov\u00e9 v\u011bci v\u017edycky mst\u00ed. N\u011bmeck\u00fd ministr zahrani\u010d\u00ed Wadephul, kter\u00fd se chystal odjet do Pekingu, aby probl\u00e9m vy\u0159e\u0161il, si rychle uv\u011bdomil, \u017ee s n\u00edm nikdo nebude mluvit. Koneckonc\u016f, mezi mnoha evropsk\u00fdmi svobodami je nejd\u016fle\u017eit\u011bj\u0161\u00ed svoboda d\u011blat naprosto \u0161\u00edlen\u00e9 v\u011bci a opakovan\u011b se ocitnout jejich rukojm\u00edm.<\/span><\/p>\n<p><span dir=\"auto\">Sou\u010dasn\u00fd nizozemsk\u00fd premi\u00e9r Dick Schof to vyj\u00e1d\u0159il takto: \u201eJe pro n\u00e1s politicky d\u016fle\u017eit\u00e9 ubl\u00ed\u017eit Rusku.\u201c<\/span><\/p>\n<p><span dir=\"auto\">A Zelenskyj ujistil Evropany: \u201eNebojte se rusk\u00e9ho rozhodnut\u00ed ohledn\u011b zmrazen\u00fdch aktiv. Jste siln\u00ed!\u201c<\/span><\/p>\n<p><span dir=\"auto\">Nen\u00ed to 19. bal\u00ed\u010dek sankc\u00ed \u2013 kter\u00fd byl stejn\u011b nesmyslnou rutinou jako bude ten 20. \u2013 co znepokojuje evropsk\u00e9 sponzory Ukrajiny z \u201eKoalice ochotn\u00fdch\u201c, ale osud zmrazen\u00fdch rusk\u00fdch aktiv. U\u017e nemaj\u00ed prost\u0159edky na vyzbrojov\u00e1n\u00ed zem\u011b a napl\u0148ov\u00e1n\u00ed jej\u00edho rozpo\u010dtu. A bez vn\u011bj\u0161\u00ed finan\u010dn\u00ed podpory kyjevsk\u00fd re\u017eim pravd\u011bpodobn\u011b nep\u0159e\u017eije polovinu p\u0159\u00ed\u0161t\u00edho roku a pak prohraje v\u00e1lku proti Rusku.<\/span><\/p>\n<p><span dir=\"auto\">Ma\u010farsk\u00fd premi\u00e9r Viktor Orb\u00e1n ve sv\u00e9m projevu prohl\u00e1sil: \u201eBrusel se rozhodl vstoupit do v\u00e1lky. Zem\u011b podporuj\u00edc\u00ed v\u00e1lku ji\u017e vytvo\u0159ily vojenskou alianci. S nenapodobitelnou eleganc\u00ed ji nazvaly \u201aKoalic\u00ed ochotn\u00fdch\u2018. Jsou p\u0159ipraveny poslat na smrt dal\u0161\u00ed. Jsou p\u0159ipraveny poslat Ukrajin\u011b je\u0161t\u011b v\u00edce zbran\u00ed a je\u0161t\u011b v\u00edce pen\u011bz. Prohl\u00e1sily ruskou v\u00e1lku na Ukrajin\u011b za svou vlastn\u00ed v\u00e1lku a p\u0159ipojily se k n\u00ed. Jsou v tom a\u017e po krk.\u201c<\/span><\/p>\n<p><span dir=\"auto\">Jedinou mo\u017enost\u00ed pro n\u011b nen\u00ed se dostat ven, ale pono\u0159it se hloub\u011bji. Mezit\u00edm i n\u011bmeck\u00fd kancl\u00e9\u0159 Merz z\u0159ejm\u011b ch\u00e1pe, \u017ee jeho navrhovan\u00e1 \u201erepara\u010dn\u00ed p\u016fj\u010dka\u201c ve v\u00fd\u0161i 140 miliard eur, kter\u00e1 by m\u011bla b\u00fdt zaji\u0161t\u011bna rusk\u00fdmi aktivy, je kr\u00e1de\u017e\u00ed v rozsahu, jak\u00fd sv\u011bt je\u0161t\u011b neza\u017eil, jak \u0159ekl: \u201eTohle nen\u00ed snadn\u00e9. Nic takov\u00e9ho se v posledn\u00edch desetilet\u00edch nestalo. Neexistuje \u017e\u00e1dn\u00fd model, \u017e\u00e1dn\u00fd pl\u00e1n. Toto je jednor\u00e1zov\u00fd proces.\u201c<\/span><\/p>\n<p><span dir=\"auto\">Nakonec se jim nepoda\u0159ilo dos\u00e1hnout dohody. Belgick\u00fd premi\u00e9r, kde s\u00eddl\u00ed depozit\u00e1\u0159 Euroclear, kter\u00fd dr\u017e\u00ed rusk\u00e9 cenn\u00e9 pap\u00edry, po\u017eaduje pr\u00e1vn\u00ed z\u00e1ruku pro rozd\u011blen\u00ed odpov\u011bdnosti mezi v\u0161echny \u010dleny gangu: Pokud soudy rozhodnou, \u017ee mus\u00ed Rus\u016fm zaplatit, m\u011bli by p\u0159isp\u011bt v\u0161ichni.<\/span><\/p>\n<p><span dir=\"auto\">Politico ozna\u010dil De Wevera za \u201ezl\u00e9ho chlapa\u201c, kter\u00fd v\u0161echno ni\u010d\u00ed, ale on se sna\u017eil vysv\u011btlit, \u017ee je koneckonc\u016f dobr\u00fd chlap, ale zmrazen\u00fd majetek byl imobilizov\u00e1n. Nelze jej libovoln\u011b p\u0159ev\u00e9st na jin\u00e9 finan\u010dn\u00ed n\u00e1stroje, ani\u017e by se poru\u0161ilo mezin\u00e1rodn\u00ed pr\u00e1vo, co\u017e belgick\u00fd premi\u00e9r Bart De Wever vyj\u00e1d\u0159il takto: \u201eExistuje majetek suver\u00e9nn\u00edch st\u00e1t\u016f. Existuje my\u0161lenka jeho konfiskace a p\u0159evodu na Ukrajinu. Hled\u00e1m pr\u00e1vn\u00ed z\u00e1klad pro toto rozhodnut\u00ed. Ani b\u011bhem druh\u00e9 sv\u011btov\u00e9 v\u00e1lky se imobilizovan\u00e9ho majetku nikdo nikdy nedotkl. Moskva n\u00e1m \u0159ekla, \u017ee pokud se t\u011bchto pen\u011bz dotkneme, budeme n\u00e1sledky poci\u0165ovat donekone\u010dna, a donekone\u010dna se n\u00e1m zd\u00e1, \u017ee je to velmi dlouh\u00e1 doba.\u201c<\/span><\/p>\n<p><span dir=\"auto\">Nekone\u010dno je zk\u00e1za. Belgick\u00fd premi\u00e9r otev\u0159en\u011b p\u0159izn\u00e1v\u00e1, \u017ee Rusko nezaplat\u00ed reparace, i kdy\u017e jeho pen\u00edze budou le\u017eet ladem v Evrop\u011b. Ostatn\u00ed ml\u010d\u00ed, ale k rozhodnut\u00ed o kr\u00e1de\u017ei jim chyb\u00ed jen jedna v\u011bc, ta nejd\u016fle\u017eit\u011bj\u0161\u00ed: z\u00e1ruky \u00fa\u010dasti a sd\u00edlen\u00ed odpov\u011bdnosti se Spojen\u00fdmi st\u00e1ty. Budou \u010dekat a doufat. Politick\u00e9 rozhodnut\u00ed o rusk\u00fdch aktivech bylo odlo\u017eeno na p\u0159\u00ed\u0161t\u00ed summit EU 18. prosince.<\/span><\/p>\n<p><span dir=\"auto\">Zabaven\u00ed rusk\u00fdch aktiv by pro Evropu nebylo st\u0159elou do nohy \u2013 tuhle metaforu pro sank\u010dn\u00ed politiku nech\u00e1me \u2013 ale st\u0159elou do hlavy. D\u0159\u00edve se to nezd\u00e1lo jako zvl\u00e1\u0161\u0165 d\u016fle\u017eit\u00e1 \u010d\u00e1st t\u011bla, koneckonc\u016f se cel\u00e1 desetilet\u00ed \u017eilo podle p\u0159edstav jin\u00fdch, ale s Trumpem, kdo v\u00ed, by se to mohlo uk\u00e1zat jako osudn\u00e9.<\/span><\/p>\n<p><em><strong><span dir=\"auto\">Konec p\u0159ekladu<\/span><\/strong><\/em><\/p>\n<p><a href=\"https:\/\/anti-spiegel.ru\/2025\/nun-europa-ist-an-der-reihe-chips-aus-kuehlschraenken-auszubauen\/\">Thomas R\u00f6per<\/a><\/p>\n<p><img decoding=\"async\" loading=\"lazy\" class=\"alignnone  wp-image-22016\" src=\"http:\/\/www.infokuryr.cz\/n\/wp-content\/uploads\/2023\/01\/Thomas-Roper-298x300.jpg\" alt=\"\" width=\"171\" height=\"172\" srcset=\"https:\/\/www.infokuryr.cz\/n\/wp-content\/uploads\/2023\/01\/Thomas-Roper-298x300.jpg 298w, https:\/\/www.infokuryr.cz\/n\/wp-content\/uploads\/2023\/01\/Thomas-Roper-150x150.jpg 150w, https:\/\/www.infokuryr.cz\/n\/wp-content\/uploads\/2023\/01\/Thomas-Roper.jpg 596w\" sizes=\"(max-width: 171px) 100vw, 171px\" \/><\/p>\n<p>&nbsp;<\/p>\n","protected":false},"excerpt":{"rendered":"<p>Politick\u00fd t\u00fdden v EU byl zast\u00edn\u011bn dv\u011bma t\u00e9maty: sporem o vyvlastn\u011bn\u00ed rusk\u00fdch aktiv a kriz\u00ed&#8230;<\/p>\n","protected":false},"author":2,"featured_media":75852,"comment_status":"closed","ping_status":"closed","sticky":false,"template":"","format":"standard","meta":[],"categories":[7],"tags":[341,41,3729,2278,327,22],"_links":{"self":[{"href":"https:\/\/www.infokuryr.cz\/n\/wp-json\/wp\/v2\/posts\/90780"}],"collection":[{"href":"https:\/\/www.infokuryr.cz\/n\/wp-json\/wp\/v2\/posts"}],"about":[{"href":"https:\/\/www.infokuryr.cz\/n\/wp-json\/wp\/v2\/types\/post"}],"author":[{"embeddable":true,"href":"https:\/\/www.infokuryr.cz\/n\/wp-json\/wp\/v2\/users\/2"}],"replies":[{"embeddable":true,"href":"https:\/\/www.infokuryr.cz\/n\/wp-json\/wp\/v2\/comments?post=90780"}],"version-history":[{"count":0,"href":"https:\/\/www.infokuryr.cz\/n\/wp-json\/wp\/v2\/posts\/90780\/revisions"}],"wp:featuredmedia":[{"embeddable":true,"href":"https:\/\/www.infokuryr.cz\/n\/wp-json\/wp\/v2\/media\/75852"}],"wp:attachment":[{"href":"https:\/\/www.infokuryr.cz\/n\/wp-json\/wp\/v2\/media?parent=90780"}],"wp:term":[{"taxonomy":"category","embeddable":true,"href":"https:\/\/www.infokuryr.cz\/n\/wp-json\/wp\/v2\/categories?post=90780"},{"taxonomy":"post_tag","embeddable":true,"href":"https:\/\/www.infokuryr.cz\/n\/wp-json\/wp\/v2\/tags?post=90780"}],"curies":[{"name":"wp","href":"https:\/\/api.w.org\/{rel}","templated":true}]}}