{"id":9076,"date":"2022-03-13T05:46:39","date_gmt":"2022-03-13T04:46:39","guid":{"rendered":"http:\/\/www.infokuryr.cz\/n\/?p=9076"},"modified":"2022-03-13T05:46:39","modified_gmt":"2022-03-13T04:46:39","slug":"jit-bojovat-na-ukrajinu-chce-600-cechu-hrad-jim-poskytuje-soucinnost","status":"publish","type":"post","link":"https:\/\/www.infokuryr.cz\/n\/2022\/03\/13\/jit-bojovat-na-ukrajinu-chce-600-cechu-hrad-jim-poskytuje-soucinnost\/","title":{"rendered":"J\u00edt bojovat na Ukrajinu chce 600 \u010cech\u016f, Hrad jim poskytuje sou\u010dinnost"},"content":{"rendered":"<div id=\"fb-root\"><\/div>\n<p><strong>Kancel\u00e1\u0159 \u010desk\u00e9ho prezidenta informovala, \u017ee ji v posledn\u00ed dob\u011b kontaktuj\u00ed stovky z\u00e1jemc\u016f, kte\u0159\u00ed cht\u011bj\u00ed bojovat na stran\u011b Ukrajiny. A\u010dkoliv se maj\u00ed z\u00e1jemci s touto \u017e\u00e1dost\u00ed obracet na ministerstvo obrany, Kancel\u00e1\u0159 prezidenta \u010cR se \u017e\u00e1dostem v\u011bnuje a \u017eadatel\u016fm poskytuje sou\u010dinnost.<\/strong><\/p>\n<p>\u201eKPR v sou\u010dasn\u00e9 dob\u011b eviduje p\u0159es 600 osob, kter\u00fdm poskytuje sou\u010dinnost p\u0159i pod\u00e1n\u00ed \u017e\u00e1dosti o vstup do ozbrojen\u00fdch sil st\u00e1tu mimo NATO, v tomto p\u0159\u00edpad\u011b Ukrajiny. Pokud jde o problematiku mo\u017enosti slu\u017eby v ozbrojen\u00fdch sil\u00e1ch jin\u00e9ho st\u00e1tu, je \u0159e\u0161ena ustanoven\u00edm \u00a7 34 z\u00e1kona \u010d. 585\/2004 Sb., o brann\u00e9 povinnosti a jej\u00edm zaji\u0161\u0165ov\u00e1n\u00ed,\u201c\u00a0uv\u00e1d\u00ed\u00a0se na webov\u00fdch str\u00e1nk\u00e1ch Pra\u017esk\u00e9ho hradu.<\/p>\n<p>Ob\u010dan\u00e9 \u010cesk\u00e9 republiky nesm\u00ed p\u016fsobit v ciz\u00ed arm\u00e1d\u011b, existuj\u00ed pouze dv\u011b v\u00fdjimky. Prvn\u00ed se t\u00fdk\u00e1 osob, kter\u00e9 maj\u00ed n\u011bkolik st\u00e1tn\u00edch ob\u010danstv\u00ed a cht\u011bj\u00ed p\u016fsobit v arm\u00e1d\u011b zem\u011b, jej\u00ed\u017e jsou tak\u00e9 ob\u010dany. Druh\u00e1 v\u00fdjimka plat\u00ed na vstup do ozbrojen\u00fdch sil kter\u00e9hokoliv \u010dlensk\u00e9ho st\u00e1tu NATO.<\/p>\n<p>V ostatn\u00edch p\u0159\u00edpadech si lid\u00e9 musej\u00ed podat od\u016fvodn\u011bnou \u017e\u00e1dost s uveden\u00edm v\u0161ech osobn\u00edch \u00fadaj\u016f, kterou je t\u0159eba zaslat na Ministerstvo obrany \u010cR.<\/p>\n<p>P\u0159ipome\u0148me, \u017ee ohledn\u011b osob, kter\u00e9 cht\u011bj\u00ed odjet bojovat na Ukrajinu, se premi\u00e9r Petr Fiala a prezident Milo\u0161 Zeman minul\u00fd t\u00fdden dohodli na tom, \u017ee jim bude zaru\u010dena beztrestnost formou abolice.<\/p>\n<p>Na webu Kancel\u00e1\u0159e prezidenta se d\u00e1le uv\u00e1d\u00ed, \u017ee n\u011bkte\u0159\u00ed z\u00e1jemci se ptaj\u00ed, zda jim \u010cesko poskytne v\u00fdstroj a vybaven\u00ed a tak\u00e9 vojensk\u00fd v\u00fdcvik a dopravu.<\/p>\n<p>\u201e\u010cesk\u00e1 republika vstup do legi\u00ed ciz\u00edch st\u00e1t\u016f neorganizuje, proto neposkytuje v\u00fdstroj ani v\u00fdcvik,\u201c uv\u00e1d\u00ed se ve zpr\u00e1v\u011b.<\/p>\n<p><a href=\"https:\/\/www.hrad.cz\/cs\/pro-media\/tiskove-zpravy\/aktualni-tiskove-zpravy\/zadosti-o-vstup-do-ozbrojenych-sil-ciziho-statu-16334\">ZDROJ<\/a><\/p>\n<p>&nbsp;<\/p>\n","protected":false},"excerpt":{"rendered":"<p>Kancel\u00e1\u0159 \u010desk\u00e9ho prezidenta informovala, \u017ee ji v posledn\u00ed dob\u011b kontaktuj\u00ed stovky z\u00e1jemc\u016f, kte\u0159\u00ed cht\u011bj\u00ed bojovat&#8230;<\/p>\n","protected":false},"author":2,"featured_media":581,"comment_status":"closed","ping_status":"closed","sticky":false,"template":"","format":"standard","meta":[],"categories":[6],"tags":[2060,670,425,26,40],"_links":{"self":[{"href":"https:\/\/www.infokuryr.cz\/n\/wp-json\/wp\/v2\/posts\/9076"}],"collection":[{"href":"https:\/\/www.infokuryr.cz\/n\/wp-json\/wp\/v2\/posts"}],"about":[{"href":"https:\/\/www.infokuryr.cz\/n\/wp-json\/wp\/v2\/types\/post"}],"author":[{"embeddable":true,"href":"https:\/\/www.infokuryr.cz\/n\/wp-json\/wp\/v2\/users\/2"}],"replies":[{"embeddable":true,"href":"https:\/\/www.infokuryr.cz\/n\/wp-json\/wp\/v2\/comments?post=9076"}],"version-history":[{"count":0,"href":"https:\/\/www.infokuryr.cz\/n\/wp-json\/wp\/v2\/posts\/9076\/revisions"}],"wp:featuredmedia":[{"embeddable":true,"href":"https:\/\/www.infokuryr.cz\/n\/wp-json\/wp\/v2\/media\/581"}],"wp:attachment":[{"href":"https:\/\/www.infokuryr.cz\/n\/wp-json\/wp\/v2\/media?parent=9076"}],"wp:term":[{"taxonomy":"category","embeddable":true,"href":"https:\/\/www.infokuryr.cz\/n\/wp-json\/wp\/v2\/categories?post=9076"},{"taxonomy":"post_tag","embeddable":true,"href":"https:\/\/www.infokuryr.cz\/n\/wp-json\/wp\/v2\/tags?post=9076"}],"curies":[{"name":"wp","href":"https:\/\/api.w.org\/{rel}","templated":true}]}}