{"id":90746,"date":"2025-10-27T04:03:46","date_gmt":"2025-10-27T03:03:46","guid":{"rendered":"https:\/\/www.infokuryr.cz\/n\/?p=90746"},"modified":"2025-10-27T04:03:46","modified_gmt":"2025-10-27T03:03:46","slug":"podle-nove-studie-ivermektin-zmensuje-nadory-na-mozku-az-o-70","status":"publish","type":"post","link":"https:\/\/www.infokuryr.cz\/n\/2025\/10\/27\/podle-nove-studie-ivermektin-zmensuje-nadory-na-mozku-az-o-70\/","title":{"rendered":"Podle nov\u00e9 studie ivermektin zmen\u0161uje n\u00e1dory na mozku a\u017e o 70%"},"content":{"rendered":"<div id=\"fb-root\"><\/div>\n<p><span dir=\"auto\">Glioblastom je nej\u010dast\u011bj\u0161\u00edm a nejagresivn\u011bj\u0161\u00edm typem prim\u00e1rn\u00edho malign\u00edho n\u00e1doru mozku u dosp\u011bl\u00fdch. V\u0161echny glioblastomy jsou podle\u00a0<\/span><em><span dir=\"auto\">Sv\u011btov\u00e9 zdravotnick\u00e9 organizace<\/span><\/em><span dir=\"auto\">\u00a0(WHO) klasifikov\u00e1ny jako 4. stadium onemocn\u011bn\u00ed, co\u017e nazna\u010duje rychl\u00fd r\u016fst, rozs\u00e1hlou invazi do okoln\u00ed mozkov\u00e9 tk\u00e1n\u011b a \u0161patnou progn\u00f3zu.<\/span><\/p>\n<p><span dir=\"auto\">Studie na zv\u00ed\u0159atech z \u010dervna prok\u00e1zala, \u017ee nanoformulovan\u00fd ivermektin pod\u00e1van\u00fd intranas\u00e1ln\u011b zmen\u0161il mozkov\u00e9 n\u00e1dory a\u017e o 70% ji\u017e po 10 dnech l\u00e9\u010dby.<\/span><\/p>\n<p><span dir=\"auto\">Jak zd\u016fraz\u0148uje Nicolas Hulscher, zji\u0161t\u011bn\u00ed studie jsou v souladu se 14 odli\u0161n\u00fdmi protirakovinn\u00fdmi mechanismy ivermektinu.<\/span><\/p>\n<p><span dir=\"auto\">P\u0159ed p\u00e1r dny se Nicolas Hulscher p\u0159ipojil k Andrewovi Namovi, moder\u00e1torovi po\u0159adu Chronically Healthy Life Show (Chronicky zdrav\u00fd \u017eivot), aby diskutovali o turbo rakovin\u011b.<\/span><\/p>\n<p><span dir=\"auto\">Ve videu n\u00ed\u017ee (v angli\u010dtin\u011b) od \u010dasu 42:34 Hulscher mluv\u00ed o ivermektinu. Tato \u010d\u00e1st rozhovoru se t\u00fdk\u00e1 \u010dl\u00e1nku, kter\u00fd Hulscher zve\u0159ejnil p\u0159ed n\u011bkolika dny a uv\u00e1d\u00edme jej v tomto \u010dl\u00e1nku.<\/span><\/p>\n<p><iframe loading=\"lazy\" title=\"Turbo Cancers &amp; Hidden Truths: What the Data Really Shows - Chronically Healthy Life S4 Ep7\" src=\"https:\/\/www.youtube.com\/embed\/kVWzT4SYNE4\" width=\"580\" height=\"326\" frameborder=\"0\" allowfullscreen=\"allowfullscreen\" data-mce-fragment=\"1\"><\/iframe><\/p>\n<h2><span dir=\"auto\">Intranaz\u00e1ln\u00ed nano-ivermektin zmen\u0161uje n\u00e1dory mozku o 70% bez toxicity<\/span><\/h2>\n<p><span dir=\"auto\">Pr\u016flomov\u00e1\u00a0<\/span><a href=\"https:\/\/pubs.acs.org\/doi\/10.1021\/acsbiomaterials.5c00642\" target=\"_blank\" rel=\"noopener\"><span dir=\"auto\">preklinick\u00e1 studie<\/span><\/a><span dir=\"auto\">\u00a0publikovan\u00e1 v odborn\u00e9m \u010dasopise\u00a0<\/span><em><span dir=\"auto\">ACS Biomaterials Science &amp; Engineering<\/span><\/em><span dir=\"auto\">\u00a0odhalila, \u017ee nanoformulovan\u00fd ivermektin pod\u00e1van\u00fd intranas\u00e1ln\u011b (p\u0159es nos) sn\u00ed\u017eil velikost glioblastomov\u00e9ho n\u00e1doru o 70%.<\/span><\/p>\n<p><span dir=\"auto\">Byla p\u0159itom pou\u017eita d\u00e1vka ni\u017e\u0161\u00ed ne\u017e je schv\u00e1len\u00e1 d\u00e1vka antiparazitika u lid\u00ed \u2013 a to v\u0161e beze stopy toxicity v mozku, krvi nebo plic\u00edch.<\/span><\/p>\n<p><span dir=\"auto\">Glioblastom je jedn\u00edm z nejsmrteln\u011bj\u0161\u00edch ak l\u00e9\u010db\u011b nejv\u00edce odoln\u00fdch druh\u016f rakoviny na Zemi s medi\u00e1nem p\u0159e\u017eit\u00ed m\u00e9n\u011b ne\u017e 15 m\u011bs\u00edc\u016f. Hematoencefalick\u00e1 bari\u00e9ra toti\u017e blokuje v\u011bt\u0161inu l\u00e9k\u016f v dosa\u017een\u00ed n\u00e1doru.<\/span><\/p>\n<p><span dir=\"auto\">V\u00fdzkumn\u00edci z Feder\u00e1ln\u00ed univerzity v Rio Grande do Sul (Braz\u00edlie) vyvinuli nanokapsle ivermektinu s pou\u017eit\u00edm biologicky odbourateln\u00fdch, biokompatibiln\u00edch polymer\u016f b\u011b\u017en\u011b pou\u017e\u00edvan\u00fdch v rozpustn\u00fdch stez\u00edch a l\u00e9ka\u0159sk\u00fdch implant\u00e1tech a intranas\u00e1ln\u011b je podali potkan\u016fm s mozkov\u00fdmi n\u00e1dory.<\/span><\/p>\n<p><span dir=\"auto\">Toto pod\u00e1n\u00ed \u201ez nosu do mozku\u201c umo\u017enilo l\u00e9ku zcela obej\u00edt hematoencefalickou bari\u00e9ru a zac\u00edlit p\u0159\u00edmo na m\u00edsto n\u00e1doru.<\/span><\/p>\n<h2><span dir=\"auto\">Velikost n\u00e1doru sn\u00ed\u017eena o 70 %<\/span><\/h2>\n<p><span dir=\"auto\">Ji\u017e po 10 dnech l\u00e9\u010dby se dos\u00e1hlo n\u00e1sleduj\u00edc\u00edho:<\/span><\/p>\n<ul>\n<li><span dir=\"auto\">Kontroln\u00ed n\u00e1dory m\u011bly pr\u016fm\u011brnou velikost 254 mm\u00b3.<\/span><\/li>\n<li><span dir=\"auto\">N\u00e1dory l\u00e9\u010den\u00e9 ivermektinem m\u011bly pr\u016fm\u011brnou velikost pouze 79 mm\u00b3 \u2013 co\u017e p\u0159edstavuje 70% zmen\u0161en\u00ed velikosti, potvrzen\u00e9 histopatologi\u00ed.<\/span><\/li>\n<li><span dir=\"auto\">Nezapouzd\u0159en\u00fd (voln\u00fd) ivermektin podan\u00fd stejnou intranas\u00e1ln\u00ed cestou nem\u011bl na n\u00e1dory \u017e\u00e1dn\u00fd m\u011b\u0159iteln\u00fd \u00fa\u010dinek.<\/span><\/li>\n<\/ul>\n<p><span dir=\"auto\">Mikroskopick\u00e1 anal\u00fdza uk\u00e1zala, \u017ee ob\u011b skupiny potkan\u016f \u200b\u200bl\u00e9\u010den\u00e9 ivermektinem \u2013 voln\u00fdm i nanoformulovan\u00fdm \u2013 vykazovaly ve srovn\u00e1n\u00ed s kontroln\u00ed skupinou sn\u00ed\u017een\u00ed nekr\u00f3zy, peritumor\u00e1ln\u00edho ed\u00e9mu a vaskul\u00e1rn\u00ed proliferace.<\/span><\/p>\n<p><span dir=\"auto\">Toto p\u0159edstavuje prvn\u00ed d\u016fkaz in vivo (na zv\u00ed\u0159atech), \u017ee\u00a0<\/span><a href=\"https:\/\/www.badatel.net\/spickovy-onkolog-prehovoril-ivermektin-sa-preukazal-efektivnejsi-nez-chemoterapia\/\"><span dir=\"auto\">ivermektin<\/span><\/a><span dir=\"auto\">\u00a0, pokud je spr\u00e1vn\u011b formulov\u00e1n a pod\u00e1v\u00e1n, m\u016f\u017ee drasticky potla\u010dit r\u016fst glioblastomu v d\u00e1vk\u00e1ch hluboko pod standardn\u00edmi antiparazitick\u00fdmi hladinami.<\/span><\/p>\n<h2><span dir=\"auto\">Nulov\u00e1 detekovateln\u00e1 toxicita<\/span><\/h2>\n<p><span dir=\"auto\">Z\u00e1rove\u0148 nanoformulovan\u00fd ivermektin neprok\u00e1zal \u017e\u00e1dn\u00e9 ne\u017e\u00e1douc\u00ed \u00fa\u010dinky:<\/span><\/p>\n<ul>\n<li><span dir=\"auto\">\u017e\u00e1dn\u00e9 zm\u011bny t\u011blesn\u00e9 hmotnosti, jatern\u00edch nebo ledvinov\u00fdch marker\u016f<\/span><\/li>\n<li><span dir=\"auto\">\u017e\u00e1dn\u00fd z\u00e1pal plic, krv\u00e1cen\u00ed ani ed\u00e9m<\/span><\/li>\n<li><span dir=\"auto\">\u017e\u00e1dn\u00e1 cytotoxicita v norm\u00e1ln\u00edch fibroblastov\u00fdch bun\u011b\u010dn\u00fdch lini\u00edch<\/span><\/li>\n<\/ul>\n<p><span dir=\"auto\">I p\u0159i opakovan\u00fdch denn\u00edch d\u00e1vk\u00e1ch z\u016fstala l\u00e9\u010dba naprosto dob\u0159e tolerov\u00e1na.<\/span><\/p>\n<p><span dir=\"auto\">Naproti tomu formulace s voln\u00fdm (nenano) ivermektinem a nano\u010d\u00e1sticemi oxidu k\u0159emi\u010dit\u00e9ho zp\u016fsobovaly p\u0159i vy\u0161\u0161\u00edch koncentrac\u00edch podr\u00e1\u017ed\u011bn\u00ed tk\u00e1n\u011b a bun\u011b\u010dnou smrt.<\/span><\/p>\n<p><span dir=\"auto\">Tato zji\u0161t\u011bn\u00ed jsou v souladu se 14 odli\u0161n\u00fdmi protirakovinn\u00fdmi mechanismy ivermektinu, kter\u00e9 shrnuly Yuwen a kol. a kter\u00e9 zahrnuj\u00ed inhibici onkogenn\u00ed signalizace, indukci mitochondri\u00e1ln\u00edho a oxida\u010dn\u00edho stresu, modulaci iontov\u00fdch kan\u00e1l\u016f a potla\u010den\u00ed rakovinov\u00fdch kmenov\u00fdch bun\u011bk a epitelovo-mezenchym\u00e1ln\u00edho p\u0159echodu.<\/span><\/p>\n<p><span dir=\"auto\">Sou\u010dasn\u00fdm p\u016fsoben\u00edm na n\u011bkolik charakteristick\u00fdch znak\u016f rakoviny \u2013 proliferaci, metabolismus, metast\u00e1zov\u00e1n\u00ed a p\u0159e\u017eit\u00ed \u2013 se zd\u00e1, \u017ee ivermektin funguje jako v\u00edce\u00fa\u010delov\u00e9 protin\u00e1dorov\u00e9 \u010dinidlo.<\/span><\/p>\n<p><span dir=\"auto\">V p\u0159\u00edpad\u011b glioblastomu tyto sou\u010dasn\u011b p\u016fsob\u00edc\u00ed \u00fa\u010dinky vysv\u011btluj\u00ed a\u017e 70% sn\u00ed\u017een\u00ed objemu n\u00e1doru pozorovan\u00e9 p\u0159i intranaz\u00e1ln\u00edm nano-ivermektinu, dosa\u017een\u00e9 p\u0159i d\u00e1vk\u00e1ch pod standardn\u00edmi antiparazitick\u00fdmi hladinami a bez toxicity.<\/span><\/p>\n<h2><span dir=\"auto\">Z\u00e1v\u011br<\/span><\/h2>\n<p><span dir=\"auto\">Nyn\u00ed jsou nal\u00e9hav\u011b zapot\u0159eb\u00ed klinick\u00e9 testy u lid\u00ed. Povzbudiv\u00e9 je, \u017ee toto \u00fasil\u00ed u\u017e mo\u017en\u00e1 i prob\u00edh\u00e1.<\/span><\/p>\n<p><span dir=\"auto\">Dne 24. z\u00e1\u0159\u00ed 2025 guvern\u00e9r st\u00e1tu Florida Ron DeSantis a prvn\u00ed d\u00e1ma Casey DeSantisov\u00e1 ozn\u00e1mili mo\u017enost financov\u00e1n\u00ed ve v\u00fd\u0161i 60 milion\u016f dolar\u016f prost\u0159ednictv\u00edm Floridsk\u00e9ho fondu pro inovace v oblasti rakoviny.<\/span><\/p>\n<p><span dir=\"auto\">Prioritou tohoto financov\u00e1n\u00ed jsou lidsk\u00e9 klinick\u00e9 zkou\u0161ky terapi\u00ed proti rakovin\u011b, kter\u00e9 byly \u00fasp\u011b\u0161n\u00e9 na zv\u00ed\u0159atech, kr\u00e1tkodob\u00e9 klinick\u00e9 zkou\u0161ky a op\u011btovn\u00e9 pou\u017eit\u00ed bezpe\u010dn\u00fdch generick\u00fdch l\u00e9k\u016f, jako je ivermektin, k l\u00e9\u010db\u011b rakoviny.<\/span><\/p>\n<p><span dir=\"auto\">Autor: Rhoda Wilsonov\u00e1, Zdroj:\u00a0<\/span><a href=\"https:\/\/expose-news.com\/2025\/10\/23\/ivermectin-shrinks-brain-tumours-by-70\/\" target=\"_blank\" rel=\"noopener\"><span dir=\"auto\">expose-news.com<\/span><\/a><span dir=\"auto\">\u00a0<\/span><\/p>\n<p>&nbsp;<\/p>\n","protected":false},"excerpt":{"rendered":"<p>Glioblastom je nej\u010dast\u011bj\u0161\u00edm a nejagresivn\u011bj\u0161\u00edm typem prim\u00e1rn\u00edho malign\u00edho n\u00e1doru mozku u dosp\u011bl\u00fdch. V\u0161echny glioblastomy jsou&#8230;<\/p>\n","protected":false},"author":2,"featured_media":90747,"comment_status":"closed","ping_status":"closed","sticky":false,"template":"","format":"standard","meta":[],"categories":[7],"tags":[518,1366,839],"_links":{"self":[{"href":"https:\/\/www.infokuryr.cz\/n\/wp-json\/wp\/v2\/posts\/90746"}],"collection":[{"href":"https:\/\/www.infokuryr.cz\/n\/wp-json\/wp\/v2\/posts"}],"about":[{"href":"https:\/\/www.infokuryr.cz\/n\/wp-json\/wp\/v2\/types\/post"}],"author":[{"embeddable":true,"href":"https:\/\/www.infokuryr.cz\/n\/wp-json\/wp\/v2\/users\/2"}],"replies":[{"embeddable":true,"href":"https:\/\/www.infokuryr.cz\/n\/wp-json\/wp\/v2\/comments?post=90746"}],"version-history":[{"count":0,"href":"https:\/\/www.infokuryr.cz\/n\/wp-json\/wp\/v2\/posts\/90746\/revisions"}],"wp:featuredmedia":[{"embeddable":true,"href":"https:\/\/www.infokuryr.cz\/n\/wp-json\/wp\/v2\/media\/90747"}],"wp:attachment":[{"href":"https:\/\/www.infokuryr.cz\/n\/wp-json\/wp\/v2\/media?parent=90746"}],"wp:term":[{"taxonomy":"category","embeddable":true,"href":"https:\/\/www.infokuryr.cz\/n\/wp-json\/wp\/v2\/categories?post=90746"},{"taxonomy":"post_tag","embeddable":true,"href":"https:\/\/www.infokuryr.cz\/n\/wp-json\/wp\/v2\/tags?post=90746"}],"curies":[{"name":"wp","href":"https:\/\/api.w.org\/{rel}","templated":true}]}}