{"id":90744,"date":"2025-10-27T04:02:11","date_gmt":"2025-10-27T03:02:11","guid":{"rendered":"https:\/\/www.infokuryr.cz\/n\/?p=90744"},"modified":"2025-10-27T04:02:11","modified_gmt":"2025-10-27T03:02:11","slug":"rusky-generalni-stab-za-pritomnosti-vladimira-putina-potvrdil-uspesny-test-prvni-rakety-na-svete-s-plochou-drahou-letu-na-jaderny-pohon","status":"publish","type":"post","link":"https:\/\/www.infokuryr.cz\/n\/2025\/10\/27\/rusky-generalni-stab-za-pritomnosti-vladimira-putina-potvrdil-uspesny-test-prvni-rakety-na-svete-s-plochou-drahou-letu-na-jaderny-pohon\/","title":{"rendered":"Rusk\u00fd gener\u00e1ln\u00ed \u0161t\u00e1b za p\u0159\u00edtomnosti Vladimira Putina potvrdil \u00fasp\u011b\u0161n\u00fd test prvn\u00ed rakety na sv\u011bt\u011b s plochou dr\u00e1hou letu na jadern\u00fd pohon!"},"content":{"rendered":"<div id=\"fb-root\"><\/div>\n<h4>Rusk\u00fd gener\u00e1ln\u00ed \u0161t\u00e1b za p\u0159\u00edtomnosti Vladimira Putina potvrdil \u00fasp\u011b\u0161n\u00fd test prvn\u00ed rakety na sv\u011bt\u011b s plochou dr\u00e1hou letu na jadern\u00fd pohon! Ve vzduchu m\u016f\u017ee \u201cBurevestnik\u201d let\u011bt neomezen\u011b dlouhou dobu na jakoukoliv vzd\u00e1lenost ve v\u00fd\u0161ce pouh\u00fdch 25 a\u017e 100 metr\u016f nad zem\u00ed! Kreml t\u00edm vyslal odpov\u011b\u010f do Lond\u00fdna a do Washingtonu na my\u0161lenky za\u010d\u00edt st\u0159\u00edlet Tomahawky na Rusko!<\/h4>\n<p>Minul\u00fd rok v listopadu to byla nov\u00e1 rusk\u00e1 raketa st\u0159edn\u00edho doletu \u201cOre\u0161nik\u201d otestovan\u00e1 na pr\u016fmyslov\u00e9 z\u00e1vody Ju\u017ema\u0161 v Dn\u011bpropetrovsku\u00a0<strong>[<a href=\"https:\/\/aeronet.news\/ruska-armada-uderila-na-zbrojni-zavod-juzmas-v-dnepropetrovsku-pomoci-nove-wunderwaffe-nazvane-oresnik-a-podle-vojenskych-expertu-se-podoba-americkemu-konceptu-bozich-prstu-z-navrhu-darpa\/\">1<\/a>]<\/strong>, kter\u00e1 ot\u0159\u00e1sla kolektivn\u00edm Z\u00e1padem a velen\u00edm NATO v Bruselu, ale te\u010f p\u0159edstavil Kreml n\u011bco mnohem d\u011bsiv\u011bj\u0161\u00ed. Na zased\u00e1n\u00ed vrchn\u00edho velen\u00ed gener\u00e1ln\u00edho \u0161t\u00e1bu Rusk\u00e9 arm\u00e1dy dorazil Vladimir Putin a vyslechl si zpr\u00e1vu od n\u00e1\u010deln\u00edka Valerije Gerasimova o stavu na front\u011b.<\/p>\n<p><strong>Gerasimov ozn\u00e1mil, \u017ee v prostoru Don\u011bck\u00e9 p\u00e1nve na sm\u011brech Pokrovsk\/Krasnoarmejsk a Kupjansk je v obkl\u00ed\u010den\u00ed mnoho pluk\u016f a n\u011bkolik cel\u00fdch brig\u00e1d ukrajinsk\u00e9 arm\u00e1dy.<\/strong>\u00a0Celkem je pr\u00fd v obkl\u00ed\u010den\u00ed a\u017e 10 000 ukrajinsk\u00fdch voj\u00e1k\u016f. Vladimir Putin vyzval, aby Rusk\u00e1 arm\u00e1da brala do zajet\u00ed v\u0161echny Ukrajince, kte\u0159\u00ed o to projev\u00ed z\u00e1jem b\u011bhem likvidace tohoto obkl\u00ed\u010den\u00e9ho kole.<\/p>\n<p>&nbsp;<\/p>\n<div id=\"rumble_v6ymnr8\">\n<div id=\"vid_v6ymnr8\" class=\"rumble_v6ymnr8-Rumble-cls\" tabindex=\"-1\">\n<div><div class='videoWrapper'>\r\n\t            <iframe src='https:\/\/rumble.com\/embed\/pj.v6ymnr8\/' frameborder='0' allowfullscreen><\/iframe>\r\n\t        <\/div><\/div>\n<\/div>\n<\/div>\n<p>&nbsp;<\/p>\n<p>Ov\u0161em po skon\u010den\u00ed zpr\u00e1vy se Vladimir Putin zeptal Gerasimova na zkou\u0161ku \u00fapln\u011b nov\u00e9 rusk\u00e9 strategick\u00e9 zbran\u011b zn\u00e1m\u00e9 pod n\u00e1zvem \u201c<em>Burevestnik<\/em>\u201d a c\u00edlem samoz\u0159ejm\u011b bylo sezn\u00e1mit ve\u0159ejnost s touto ud\u00e1lost\u00ed. Gerasimov uvedl\u00a0<strong>[<a href=\"https:\/\/href.li\/?https:\/\/united24media.com\/latest-news\/russia-tests-unlimitedrange-burevestnik-nuclear-missile-heres-what-we-know-12821\" target=\"_blank\" rel=\"nofollow noopener\">2<\/a>]<\/strong>, \u017ee 21. \u0159\u00edjna prob\u011bhla \u00fasp\u011b\u0161n\u011b zkou\u0161ka prvn\u00ed k\u0159\u00eddlat\u00e9 rakety s plochou dr\u00e1hou na sv\u011bt\u011b s jadern\u00fdm pohonem, kter\u00e1 byla ve vzduchu 15 hodin a urazila vzd\u00e1lenost p\u0159es 14 000 kilometr\u016f, p\u0159i\u010dem\u017e toto nen\u00ed limit t\u00e9to rakety, proto\u017ee d\u00edky jadern\u00e9mu pohonu m\u016f\u017ee ve vzduchu setrvat cel\u00e9 m\u011bs\u00edce a mnohokr\u00e1t tak obkrou\u017eit celou planetu.<\/p>\n<h3>Jak funguje jadern\u00fd pohon<\/h3>\n<p>Jadern\u00fd proudov\u00fd motor je leteck\u00fd motor, kter\u00fd k oh\u0159evu vzduchu pro tah vyu\u017e\u00edv\u00e1 jadern\u00fd reaktor nam\u00edsto spalov\u00e1n\u00ed leteck\u00e9ho paliva. Projekty jadern\u00fdch proudov\u00fdch motor\u016f jako<em>\u00a0General Electric J87<\/em>\u00a0a\u00a0<em>Pratt &amp; Whitney\u2019s indirect-cycle engines<\/em>\u00a0byly vyvinuty v 50. letech 20. stolet\u00ed v USA pro d\u00e1lkov\u00e9 bombard\u00e9ry.<\/p>\n<p>Ale v\u0161echny byly nakonec zru\u0161eny kv\u016fli probl\u00e9m\u016fm, jako je hmotnost a nebezpe\u010d\u00ed \u0161patn\u00e9ho st\u00edn\u011bn\u00ed, slo\u017eitost a n\u00e1klady.\u00a0<strong>Ameri\u010dan\u00e9 tehdy technologii zavrhli jako p\u0159\u00edli\u0161 humpol\u00e1ckou, t\u011b\u017ekou a radia\u010dn\u011b nebezpe\u010dnou.<\/strong>\u00a0Rus\u016fm se ale poda\u0159ilo reaktor zjevn\u011b miniaturizovat na tzv. mikro-reaktor s minim\u00e1ln\u00ed hmotnost\u00ed.<\/p>\n<figure id=\"attachment_65120\" class=\"wp-caption aligncenter\" style=\"width: 703px;\"><a href=\"https:\/\/aeronet.news\/wp-content\/uploads\/BurevestnikSpecs.jpg\"><img decoding=\"async\" loading=\"lazy\" class=\"wp-image-65120 \" src=\"https:\/\/aeronet.news\/wp-content\/uploads\/BurevestnikSpecs-1024x967.jpg\" sizes=\"(max-width: 700px) 100vw, 700px\" srcset=\"https:\/\/aeronet.news\/wp-content\/uploads\/BurevestnikSpecs-1024x967.jpg 1024w, https:\/\/aeronet.news\/wp-content\/uploads\/BurevestnikSpecs-300x283.jpg 300w, https:\/\/aeronet.news\/wp-content\/uploads\/BurevestnikSpecs-768x725.jpg 768w, https:\/\/aeronet.news\/wp-content\/uploads\/BurevestnikSpecs-700x661.jpg 700w, https:\/\/aeronet.news\/wp-content\/uploads\/BurevestnikSpecs-378x357.jpg 378w, https:\/\/aeronet.news\/wp-content\/uploads\/BurevestnikSpecs-511x483.jpg 511w, https:\/\/aeronet.news\/wp-content\/uploads\/BurevestnikSpecs.jpg 1280w\" alt=\"\" width=\"703\" height=\"664\" \/><\/a><figcaption class=\"wp-caption-text\">Z\u00e1kladn\u00ed \u00fadaje rakety Burevestnik<\/figcaption><\/figure>\n<p><strong>P\u0159\u00edm\u00fd cyklus:<\/strong>\u00a0Stla\u010den\u00fd vzduch z kompresoru motoru proch\u00e1z\u00ed j\u00e1drem jadern\u00e9ho reaktoru, kde se vzduch oh\u0159\u00edv\u00e1 na extr\u00e9mn\u00ed teplotu \u0161t\u011bpen\u00ed j\u00e1dra uranu, a pot\u00e9 proch\u00e1z\u00ed turb\u00ednou, ze kter\u00e9 je vypou\u0161t\u011bn a vytv\u00e1\u0159\u00ed tah. Tento syst\u00e9m je jednodu\u0161\u0161\u00ed, proto\u017ee nevy\u017eaduje spalovac\u00ed komoru, ale motor opou\u0161t\u00ed pod obrovsk\u00fdm tlakem radia\u010dn\u011b oz\u00e1\u0159en\u00fd vzduch.<\/p>\n<p><strong>Nep\u0159\u00edm\u00fd cyklus:<\/strong>\u00a0Kapaln\u00e9 chladivo prim\u00e1rn\u00edho okruhu reaktoru se oh\u0159\u00edv\u00e1 v jadern\u00e9m reaktoru a pot\u00e9 se tento hork\u00fd kondenz\u00e1t pou\u017e\u00edv\u00e1 k p\u0159enosu tepla na vzduch proud\u00edc\u00edho v sekund\u00e1rn\u00edm okruhu ke spalovac\u00ed komo\u0159e proudov\u00e9ho motoru. Konstruk\u010dn\u011b je v\u0161ak reaktor s nep\u0159\u00edm\u00fdm cyklem velmi komplikovan\u00fd a t\u011b\u017ek\u00fd.<\/p>\n<figure id=\"attachment_65124\" class=\"wp-caption aligncenter\" style=\"width: 783px;\"><a href=\"https:\/\/aeronet.news\/wp-content\/uploads\/Russia-Burevestnik-AssemblyHall.jpg\"><img decoding=\"async\" loading=\"lazy\" class=\"wp-image-65124 \" src=\"https:\/\/aeronet.news\/wp-content\/uploads\/Russia-Burevestnik-AssemblyHall.jpg\" sizes=\"(max-width: 1000px) 100vw, 1000px\" srcset=\"https:\/\/aeronet.news\/wp-content\/uploads\/Russia-Burevestnik-AssemblyHall.jpg 1000w, https:\/\/aeronet.news\/wp-content\/uploads\/Russia-Burevestnik-AssemblyHall-300x200.jpg 300w, https:\/\/aeronet.news\/wp-content\/uploads\/Russia-Burevestnik-AssemblyHall-768x513.jpg 768w, https:\/\/aeronet.news\/wp-content\/uploads\/Russia-Burevestnik-AssemblyHall-700x468.jpg 700w, https:\/\/aeronet.news\/wp-content\/uploads\/Russia-Burevestnik-AssemblyHall-534x357.jpg 534w, https:\/\/aeronet.news\/wp-content\/uploads\/Russia-Burevestnik-AssemblyHall-723x483.jpg 723w\" alt=\"\" width=\"783\" height=\"523\" \/><\/a><figcaption class=\"wp-caption-text\">Mont\u00e1\u017e rakety Burevestnik ve v\u00fdrobn\u00ed hale<\/figcaption><\/figure>\n<p>Ozn\u00e1men\u00ed rakety s neomezen\u00fdm doletem je sou\u010d\u00e1st\u00ed Gerasimovovy doktr\u00edny tzv.\u00a0<strong><em>gradu\u00e1ln\u011b zesiluj\u00edc\u00edho odstra\u0161en\u00ed nep\u0159\u00edtele<\/em>.<\/strong>\u00a0Nep\u0159\u00edtel bude v\u011bd\u011bt, \u017ee kdy\u017e tato raketa polet\u00ed a klidn\u011b i ponese jen konven\u010dn\u00ed hlavici, nebude zjistiteln\u00e1 radary, ale nav\u00edc po \u00faderu na c\u00edl, anebo dokonce jen p\u0159i sest\u0159elu nebo poru\u0161e rakety, prost\u011b na zem dopadne raketa s hlavic\u00ed i s reaktorem, kter\u00fd zamo\u0159\u00ed cel\u00e9 okol\u00ed.<\/p>\n<p>Putin s\u00e1m \u0159ekl ve videu, \u017ee ani nev\u00ed, do jak\u00e9 skupiny zbran\u00ed bude Burevestnik za\u0159azen, proto\u017ee jde o hybridn\u00ed zbra\u0148 na b\u00e1zi jadern\u00e9ho \u0161t\u011bpn\u00e9ho materi\u00e1lu v reaktoru, ale raketa m\u016f\u017ee n\u00e9st jen konven\u010dn\u00ed hlavici. Pokud nem\u00e1te \u010das na video naho\u0159e, tak tady je p\u0159epis:<\/p>\n<h3>Vladimir Putin v Gener\u00e1ln\u00edm \u0161t\u00e1bu<\/h3>\n<p><em><strong>Putin:<\/strong><\/em>\u00a0Dobr\u00e9 odpoledne, nebo sp\u00ed\u0161 dobr\u00fd ve\u010der, v\u00e1\u017een\u00ed soudruzi. Dnes se b\u011bhem jedn\u00e1n\u00ed budeme zab\u00fdvat aktu\u00e1ln\u00ed situac\u00ed v z\u00f3n\u011b speci\u00e1ln\u00ed vojensk\u00e9 operace. Vyslechneme si zpr\u00e1vy velitel\u016f vojensk\u00fdch uskupen\u00ed o pln\u011bn\u00ed \u00fakol\u016f jim pod\u0159\u00edzen\u00fdch skupin v n\u011bkter\u00fdch oblastech operace. Krom\u011b toho tento t\u00fdden rusk\u00e9 ozbrojen\u00e9 s\u00edly provedly cvi\u010den\u00ed strategick\u00fdch \u00fato\u010dn\u00fdch sil, b\u011bhem kter\u00e9ho provedly bojov\u00e9 cvi\u010dn\u00e9 starty v\u0161ech t\u0159\u00ed slo\u017eek strategick\u00fdch jadern\u00fdch sil Rusk\u00e9 federace, a tak\u00e9 provedly zkou\u0161ky perspektivn\u00edch vzork\u016f zbran\u00ed. Za\u010dn\u011bme pracovat. Nyn\u00ed p\u0159ed\u00e1v\u00e1m slovo Valeriji Vasiljevi\u010di Gerasimovovi, n\u00e1\u010deln\u00edkovi gener\u00e1ln\u00edho \u0161t\u00e1bu. Pros\u00edm.<\/p>\n<p><em><strong>Gerasimov:<\/strong><\/em>\u00a0Soudruhu vrchn\u00ed veliteli, vojska sjednocen\u00e9ho uskupen\u00ed b\u011bhem speci\u00e1ln\u00ed vojensk\u00e9 operace pokra\u010duj\u00ed v pln\u011bn\u00ed \u00fakol\u016f osvobozen\u00ed Don\u011bck\u00e9 a Luhansk\u00e9 lidov\u00e9 republiky, Z\u00e1poro\u017esk\u00e9 a Chersonsk\u00e9 oblasti. Dnes bych cht\u011bl zd\u016fraznit zejm\u00e9na dv\u011b oblasti. Prvn\u00ed z nich je oblast odpov\u011bdnosti skupiny St\u0159ed. Jednotky a vojensk\u00e9 \u00fatvary 2. a 51. arm\u00e1dy, postupuj\u00edc\u00ed po sbli\u017euj\u00edc\u00edch se sm\u011brech, dokon\u010dily obkl\u00ed\u010den\u00ed nep\u0159\u00edtele v oblasti Krasnoarmejska a Dimitrova. Blokov\u00e1no bylo velk\u00e9 uskupen\u00ed ukrajinsk\u00fdch ozbrojen\u00fdch sil, kter\u00e9 tvo\u0159ilo 31 prapor\u016f, v\u010detn\u011b 25. v\u00fdsadkov\u00e9, 79. v\u00fdsadkov\u00e9 a 68. jaegersk\u00e9 brig\u00e1dy, d\u00e1le 35. a 38. brig\u00e1dy n\u00e1mo\u0159n\u00ed p\u011bchoty, 425. samostatn\u00e9ho \u00fato\u010dn\u00e9ho pluku a 153. a 155. mechanizovan\u00e9 brig\u00e1dy.<\/p>\n<p>P\u0159i pln\u011bn\u00ed bojov\u00fdch \u00fakol\u016f se nejv\u00edce vyznamenali voj\u00e1ci 30. samostatn\u00e9 motost\u0159eleck\u00e9 brig\u00e1dy a 439. motost\u0159eleck\u00e9ho pluku 2. arm\u00e1dy, jako\u017e i 9. a 110. samostatn\u00e9 motost\u0159eleck\u00e9 brig\u00e1dy 51. arm\u00e1dy, a tak\u00e9 person\u00e1l jednotky Centra bezpilotn\u00edch technologi\u00ed Rubikon. \u00dasp\u011b\u0161n\u00e9mu proveden\u00ed operace obkl\u00ed\u010den\u00ed nep\u0159\u00edtele napomohlo zp\u016fsoben\u00ed komplexn\u00edho palebn\u00e9ho \u00fatoku na sestavu ozbrojen\u00fdch sil Ukrajiny do cel\u00e9 hloubky jejich opera\u010dn\u00ed sestavy, jako\u017e i izolace prostoru bojov\u00fdch operac\u00ed s c\u00edlem naru\u0161it nep\u0159etr\u017eit\u00e9 z\u00e1sobov\u00e1n\u00ed nep\u0159\u00e1telsk\u00fdch jednotek. V sou\u010dasn\u00e9 dob\u011b stoj\u00ed p\u0159ed skupinou St\u0159ed nem\u00e9n\u011b d\u016fle\u017eit\u00fd \u00fakol zni\u010dit obkl\u00ed\u010den\u00e9 uskupen\u00ed ozbrojen\u00fdch sil Ukrajiny v prostoru Krasnoarmejsk\u00e9 a Dimitrovsk\u00e9 aglomerace.<\/p>\n<p>Za druh\u00e9. M\u011bsto Kupjansk je obkl\u00ed\u010deno ve sm\u011bru p\u016fsoben\u00ed uskupen\u00ed vojsk Z\u00e1pad. Sou\u010dasn\u011b \u00fato\u010dn\u00e9 odd\u00edly 68. motost\u0159eleck\u00e9 divize 6. arm\u00e1dy po proveden\u00ed obchvatn\u00e9ho man\u00e9vru obsadily nep\u0159\u00e1telsk\u00e9 p\u0159echody p\u0159es \u0159eku Oskol ji\u017en\u011b od m\u011bsta a ve spolupr\u00e1ci se 47. motost\u0159eleckou diviz\u00ed a 27. motost\u0159eleckou brig\u00e1dou 1. tankov\u00e9 arm\u00e1dy zablokovaly uskupen\u00ed ozbrojen\u00fdch sil Ukrajiny na lev\u00e9m b\u0159ehu v\u00fdchodn\u011b od Kupjanska.\u00a0<strong>V obkl\u00ed\u010den\u00ed jsou jednotky 14., 43., 116. mechanizovan\u00e9 brig\u00e1dy nep\u0159\u00edtele, tak\u00e9 1. brig\u00e1da N\u00e1rodn\u00ed gardy Ukrajiny. Celkem je zde 18 bojov\u00fdch prapor\u016f.<\/strong>\u00a0Krom\u011b toho v sou\u010dinnosti a vojensk\u00fdch jednotek vojsk uskupen\u00ed Z\u00e1pad pokra\u010duj\u00ed v \u00fasp\u011b\u0161n\u00e9 ofenz\u00edv\u011b na Krasnolimansk\u00e9m sm\u011bru, dokon\u010duje se osvobozov\u00e1n\u00ed osady Jampol.<\/p>\n<p>Ofenzivn\u00ed akce prob\u00edhaj\u00ed i na dal\u0161\u00edch sm\u011brech. V posledn\u00edch dvou t\u00fddnech \u00fasp\u011b\u0161n\u011b postupuje uskupen\u00ed vojsk Sever v ji\u017en\u00ed \u010d\u00e1sti Vol\u010danska. K dne\u0161n\u00edmu dni bylo osvobozeno v\u00edce ne\u017e 70% m\u011bsta. \u00dato\u010dn\u00e9 odd\u00edly ji\u017en\u00edho uskupen\u00ed vojsk osvobodily osady Dronovka a Ple\u0161\u010dejevka a pokra\u010duj\u00ed v m\u011bstsk\u00fdch boj\u00edch v Seversku a Konstantinovce. Odd\u00edl vojsk skupiny Vostok rozv\u00edj\u00ed ofenz\u00edvu v Dn\u011bpropetrovsk\u00e9 a Z\u00e1poro\u017esk\u00e9 oblasti a osvobozuje \u0161est osad. Soudruhu vrchn\u00ed veliteli, b\u011bhem v\u00fdcviku strategick\u00fdch jadern\u00fdch sil byly provedeny cvi\u010dn\u00e9 a bojov\u00e9 starty mezikontinent\u00e1ln\u00edch balistick\u00fdch raket YARS a Sineva a dvou letounov\u00fdch \u0159\u00edzen\u00fdch st\u0159el X-102. C\u00edl\u016f v\u00fdcviku bylo dosa\u017eeno. Zpr\u00e1va je kompletn\u00ed.<\/p>\n<p><em><strong>Putin:<\/strong><\/em>\u00a0D\u011bkuji. Na z\u00e1v\u011br t\u00e9to \u010d\u00e1sti na\u0161\u00ed pr\u00e1ce bych cht\u011bl poznamenat, \u017ee \u00fasp\u011bchy rusk\u00fdch vojsk p\u0159i obkl\u00ed\u010den\u00ed Krasnoarm\u011bjsko-Dimitrovsk\u00e9 aglomerace a m\u011bsta Kupjansk, v\u00fdsledky pln\u011bn\u00ed bojov\u00fdch \u00fakol\u016f na dal\u0161\u00edch sm\u011brech, se nepochybn\u011b staly mo\u017en\u00fdmi d\u00edky hrdinsk\u00fdm \u010din\u016fm na\u0161ich voj\u00e1k\u016f, ser\u017eant\u016f, ni\u017e\u0161\u00edch velitel\u016f, jako\u017e i pe\u010dliv\u00e9 pr\u00e1ci velitelstv\u00ed a v\u0161ech stup\u0148\u016f velen\u00ed. R\u00e1d bych k t\u011bmto v\u00fdsledk\u016fm poblahop\u0159\u00e1l cel\u00e9mu person\u00e1lu a spole\u010dn\u00e9mu uskupen\u00ed vojsk. Z\u00e1rove\u0148, jak ji\u017e bylo uvedeno, maj\u00ed p\u0159ed sebou rozs\u00e1hl\u00fd a slo\u017eit\u00fd \u00fakol k likvidaci obkl\u00ed\u010den\u00fdch nep\u0159\u00e1telsk\u00fdch formac\u00ed. V t\u00e9to souvislosti bych r\u00e1d upozornil na n\u011bkolik bod\u016f.<\/p>\n<p>Za prv\u00e9. Abychom minimalizovali zbyte\u010dn\u00e9 ztr\u00e1ty, \u017e\u00e1d\u00e1m, stejn\u011b jako jsme to s v\u00e1mi ud\u011blali ji\u017e d\u0159\u00edve, o p\u0159ijet\u00ed v\u0161ech vy\u010derp\u00e1vaj\u00edc\u00edch\u00a0<strong>opat\u0159en\u00ed k zaji\u0161t\u011bn\u00ed \u00fakolu zajmout ukrajinsk\u00e9 voj\u00e1ky. Ty, kte\u0159\u00ed si to samoz\u0159ejm\u011b p\u0159ej\u00ed.<\/strong>\u00a0V\u00edme s v\u00e1mi, vy v\u00edte l\u00e9pe, ne\u017e kdokoli jin\u00fd, \u017ee to nen\u00ed tak snadn\u00e9 pro voj\u00e1ky ukrajinsk\u00e9 arm\u00e1dy, proto\u017ee je st\u0159\u00edlej\u00ed do zad a shora je likviduj\u00ed drony a ni\u010d\u00ed ty, kte\u0159\u00ed se sna\u017e\u00ed vzd\u00e1t. Nicm\u00e9n\u011b z na\u0161\u00ed strany je to p\u0159irozen\u00e9 a je t\u0159eba jednat se zajatci, zach\u00e1zet s nimi v souladu s normami mezin\u00e1rodn\u00edho pr\u00e1va a legislativy Rusk\u00e9 federace. Rusk\u00e1 arm\u00e1da se historicky v\u017edy chovala k pora\u017een\u00e9mu nep\u0159\u00edteli milosrdn\u011b, a z toho budeme vych\u00e1zet.<\/p>\n<p>My dva jsme o tom ji\u017e mnohokr\u00e1t hovo\u0159ili, informovali jste m\u011b o r\u016fzn\u00fdch situac\u00edch, kter\u00e9 se v t\u011bchto nebo jin\u00fdch oblastech bojov\u00e9ho styku vyvinuly stejn\u00fdm zp\u016fsobem. Pros\u00edm, pokra\u010dujte. No, a samoz\u0159ejm\u011b v pr\u016fb\u011bhu boje a po vy\u010di\u0161t\u011bn\u00ed t\u011bch \u00fazem\u00ed mus\u00edme ud\u011blat v\u0161e pro zaji\u0161t\u011bn\u00ed bezpe\u010dnosti civiln\u00edho obyvatelstva, kter\u00e9 ukrajinsk\u00e9 formace pou\u017e\u00edvaj\u00ed jako lidsk\u00e9 \u0161t\u00edty. M\u00edstn\u00edm obyvatel\u016fm mus\u00ed b\u00fdt poskytnuta ve\u0161ker\u00e1 pot\u0159ebn\u00e1 pomoc a p\u0159ijata opat\u0159en\u00ed k jejich evakuaci do bezpe\u010dn\u00fdch oblast\u00ed.<\/p>\n<p>Velitel\u00e9 vojensk\u00fdch uskupen\u00ed by m\u011bli pokra\u010dovat v prov\u00e1d\u011bn\u00ed speci\u00e1ln\u00ed vojensk\u00e9 operace v souladu s pl\u00e1nem vypracovan\u00fdm Gener\u00e1ln\u00edm \u0161t\u00e1bem ozbrojen\u00fdch sil. Prioritn\u00edm \u00fakolem je zaji\u0161t\u011bn\u00ed bezpe\u010dnosti \u017eivot\u016f na\u0161ich voj\u00e1k\u016f. My dva o tom mluv\u00edme po\u0159\u00e1d a j\u00e1 v\u00edm, jak to s\u00e1m c\u00edt\u00edte. Zn\u00e1te i m\u016fj p\u0159\u00edstup. Nebudeme z ni\u010deho d\u011blat n\u011bjak\u00e1 data, n\u011bjak\u00e9 ud\u00e1losti. V\u017edycky budeme, tak jako jsme to d\u011blali doposud, vych\u00e1zet z vojensk\u00e9 \u00fa\u010delnosti a do centra moci postav\u00edme bezpe\u010dnost \u017eivot\u016f na\u0161ich kluk\u016f, na\u0161ich voj\u00e1k\u016f.<\/p>\n<p>Pokud jde o v\u00fdcvik strategick\u00fdch \u00fato\u010dn\u00fdch sil, op\u011bt jsme to potvrdili. Spolehlivost rusk\u00e9ho jadern\u00e9ho \u0161t\u00edtu, strategick\u00fdch sil schopn\u00fdch zajistit n\u00e1rodn\u00ed bezpe\u010dnost Rusk\u00e9 federace a sov\u011btsk\u00e9ho st\u00e1tu v pln\u00e9m rozsahu, a o tom jsme ji\u017e tak\u00e9 hovo\u0159ili, je fakt, kter\u00fd je dob\u0159e zn\u00e1m v\u0161em, v\u0161em odborn\u00edk\u016fm ve vojensk\u00e9m sv\u011bt\u011b, takzvan\u00e1 modernost na\u0161ich ozbrojen\u00fdch sil, p\u0159esn\u011bji \u0159e\u010deno sil jadern\u00e9ho odstra\u0161en\u00ed, je na nejvy\u0161\u0161\u00ed \u00farovni. No, lze asi bez nads\u00e1zky \u0159\u00edci, \u017ee je na vy\u0161\u0161\u00ed \u00farovni, p\u0159inejmen\u0161\u00edm u v\u0161ech jadern\u011b vyzbrojen\u00fdch st\u00e1t\u016f.<\/p>\n<p>Nyn\u00ed, co se t\u00fd\u010de prov\u00e1d\u011bn\u00e9ho cvi\u010den\u00ed, bych po\u017e\u00e1dal n\u00e1\u010deln\u00edka gener\u00e1ln\u00edho \u0161t\u00e1bu, aby informoval je\u0161t\u011b o jedn\u00e9 ud\u00e1losti.\u00a0<strong>Zm\u00ednil jsem se o n\u00ed tak kr\u00e1tce ve sv\u00fdch \u00favodn\u00edch pozn\u00e1mk\u00e1ch. Hovo\u0159\u00edme o testu k\u0159i\u017euj\u00edc\u00ed rakety neomezen\u00e9ho doletu\u00a0\u201c<em>Burevestnik<\/em>\u201c\u00a0s jadern\u00fdm pohonn\u00fdm syst\u00e9mem.<\/strong>\u00a0V\u00edm, \u017ee m\u00e1m k dispozici zpr\u00e1vu a ze strany pr\u016fmyslu, obecn\u011b zn\u00e1m hodnocen\u00ed ministerstva obrany. Jedn\u00e1 se p\u0159ece o unik\u00e1tn\u00ed v\u00fdrobek, kter\u00fd nikdo jin\u00fd na sv\u011bt\u011b nem\u00e1.<\/p>\n<p><a href=\"https:\/\/aeronet.news\/wp-content\/uploads\/Burevestnik-AssemblyHall2.jpg\"><img decoding=\"async\" loading=\"lazy\" class=\"wp-image-65123 aligncenter\" src=\"https:\/\/aeronet.news\/wp-content\/uploads\/Burevestnik-AssemblyHall2.jpg\" sizes=\"(max-width: 1080px) 100vw, 1080px\" srcset=\"https:\/\/aeronet.news\/wp-content\/uploads\/Burevestnik-AssemblyHall2.jpg 1080w, https:\/\/aeronet.news\/wp-content\/uploads\/Burevestnik-AssemblyHall2-300x169.jpg 300w, https:\/\/aeronet.news\/wp-content\/uploads\/Burevestnik-AssemblyHall2-768x432.jpg 768w, https:\/\/aeronet.news\/wp-content\/uploads\/Burevestnik-AssemblyHall2-1024x576.jpg 1024w, https:\/\/aeronet.news\/wp-content\/uploads\/Burevestnik-AssemblyHall2-700x394.jpg 700w, https:\/\/aeronet.news\/wp-content\/uploads\/Burevestnik-AssemblyHall2-634x357.jpg 634w, https:\/\/aeronet.news\/wp-content\/uploads\/Burevestnik-AssemblyHall2-858x483.jpg 858w\" alt=\"\" width=\"902\" height=\"508\" \/><\/a><\/p>\n<p><em>Mont\u00e1\u017en\u00ed hala kazetov\u00fdch souprav s Burevestniky<\/em><\/p>\n<p>Nav\u00edc si velmi dob\u0159e vzpom\u00edn\u00e1m, kdy\u017e jsme ozn\u00e1mili, \u017ee vyv\u00edj\u00edme takov\u00e9to zbran\u011b, tak mi i odborn\u00edci velmi vysok\u00e9 \u00farovn\u011b a t\u0159\u00eddy \u0159ekli, \u017ee ano, tento c\u00edl je dobr\u00fd, d\u016fstojn\u00fd, ale v historicky bl\u00edzk\u00e9m horizontu je nerealizovateln\u00fd. To byl n\u00e1zor specialist\u016f, opakuji vysok\u00e9 t\u0159\u00eddy. A nyn\u00ed byly dokon\u010deny rozhoduj\u00edc\u00ed zkou\u0161ky. K uveden\u00ed t\u00e9to zbran\u011b do bojov\u00e9 slu\u017eby zb\u00fdv\u00e1 je\u0161t\u011b hodn\u011b pr\u00e1ce. Je jasn\u00e9, \u017ee mus\u00edme implementovat v\u0161echny p\u0159edpisy, ale p\u0159esto kl\u00ed\u010dov\u00e9 \u00fakoly byly nyn\u00ed spln\u011bny, pokud tomu rozum\u00edm, a r\u00e1d bych sly\u0161el n\u00e1zor n\u00e1\u010deln\u00edka gener\u00e1ln\u00edho \u0161t\u00e1bu.<\/p>\n<p><em><strong>Gerasimov:<\/strong><\/em>\u00a0Soudruhu vrchn\u00ed veliteli, takov\u00fd test byl proveden 21. \u0159\u00edjna. Rozd\u00edl mezi n\u00edm a p\u0159edchoz\u00edmi testy je skute\u010dn\u011b v tom, \u017ee do\u0161lo k v\u00edcehodinov\u00e9mu letu rakety, b\u011bhem kter\u00e9ho p\u0159ekonala vzd\u00e1lenost 14 000 kilometr\u016f, a to nen\u00ed limit.<\/p>\n<p><em><strong>Putin:\u00a0<\/strong><\/em>Na jadern\u00fd pohon?<\/p>\n<p><em><strong>Gerasimov:\u00a0<\/strong><\/em>Na jadern\u00fd pohon, ano. A tak technick\u00e9 vlastnosti \u201cBurevestniku\u201d obecn\u011b umo\u017e\u0148uj\u00ed jeho pou\u017eit\u00ed se zaru\u010denou p\u0159esnost\u00ed na vysoce chr\u00e1n\u011bn\u00e9 objekty na jakoukoli vzd\u00e1lenost. Krom\u011b toho byly b\u011bhem letu st\u0159ely provedeny v\u0161echny stanoven\u00e9 vertik\u00e1ln\u00ed a horizont\u00e1ln\u00ed man\u00e9vry a t\u00edm prok\u00e1z\u00e1ny jej\u00ed vysok\u00e9 schopnosti obej\u00edt protiraketovou a protivzdu\u0161nou obranu.<\/p>\n<p><em><strong>Putin:\u00a0<\/strong><\/em>Kolik tis\u00edc kilometr\u016f?<\/p>\n<p><em><strong>Gerasimov:\u00a0<\/strong><\/em>14,000.<\/p>\n<p><em><strong>Putin:\u00a0<\/strong><\/em>A ve vzduchu byla jak dlouho?<\/p>\n<p><em><strong>Gerasimov:\u00a0<\/strong><\/em>Asi 15 hodin.<\/p>\n<p><em><strong>Putin:\u00a0<\/strong><\/em>A to nen\u00ed limit?<\/p>\n<p><em><strong>Gerasimov:\u00a0<\/strong><\/em>\u017d\u00e1dn\u00fd limit.<\/p>\n<p><em><strong>Putin:\u00a0<\/strong><\/em>Budeme muset ur\u010dit, o jakou zbra\u0148 se jedn\u00e1, do jak\u00e9 t\u0159\u00eddy zbran\u00ed tento nov\u00fd syst\u00e9m pat\u0159\u00ed, mus\u00edme ur\u010dit mo\u017en\u00e9 zp\u016fsoby pou\u017eit\u00ed a za\u010d\u00edt p\u0159ipravovat infrastrukturu pro nasazen\u00ed t\u00e9to zbran\u011b v na\u0161ich ozbrojen\u00fdch sil\u00e1ch.<\/p>\n<p>\u2013<em>Putin<\/em>\u2013<\/p>\n<h3>Rusk\u00fd Tomahawk na anabolik\u00e1ch<\/h3>\n<p>Burevestnik a jeho zkou\u0161ka je naprosto bez pochyby ruskou reakc\u00ed na my\u0161lenky Lond\u00fdna a Washingtonu za\u010d\u00edt st\u0159\u00edlet Tomahawky anebo podobn\u00e9 rakety zem\u00ed NATO na Rusko. Burevestnik je toti\u017e v podstat\u011b rusk\u00fd Tomahawk na anabolik\u00e1ch, kter\u00fd je poh\u00e1n\u011bn j\u00e1drem.<\/p>\n<p><strong>Ale nav\u00edc je raketa prim\u00e1rn\u011b designov\u00e1na jako strategick\u00fd nosi\u010d jadern\u00fdch hlavic dopravovan\u00fdch nad \u00fazem\u00ed nep\u0159\u00edtele a\u017e nadzvukovou rychlost\u00ed 1300 km\/h pod horizontem radar\u016f<\/strong>, co\u017e odpov\u00edd\u00e1 lehce nadzvukov\u00e9 rychlosti. Sou\u010dasn\u011b to ale znamen\u00e1, \u017ee bez ohledu na to, na jak\u00fd c\u00edl bude raketa pou\u017eita, dojde na m\u00edst\u011b \u00faderu k jadern\u00e9 kontaminaci z pohonn\u00e9ho reaktoru. Jak velk\u00e1 kontaminace to bude, to nikde nev\u00ed.<\/p>\n<figure id=\"attachment_65125\" class=\"wp-caption aligncenter\" style=\"width: 819px;\"><a href=\"https:\/\/aeronet.news\/wp-content\/uploads\/Burevestnik-Launch.jpg\"><img decoding=\"async\" loading=\"lazy\" class=\"wp-image-65125 \" src=\"https:\/\/aeronet.news\/wp-content\/uploads\/Burevestnik-Launch.jpg\" sizes=\"(max-width: 900px) 100vw, 900px\" srcset=\"https:\/\/aeronet.news\/wp-content\/uploads\/Burevestnik-Launch.jpg 900w, https:\/\/aeronet.news\/wp-content\/uploads\/Burevestnik-Launch-300x234.jpg 300w, https:\/\/aeronet.news\/wp-content\/uploads\/Burevestnik-Launch-768x598.jpg 768w, https:\/\/aeronet.news\/wp-content\/uploads\/Burevestnik-Launch-700x545.jpg 700w, https:\/\/aeronet.news\/wp-content\/uploads\/Burevestnik-Launch-458x357.jpg 458w, https:\/\/aeronet.news\/wp-content\/uploads\/Burevestnik-Launch-620x483.jpg 620w\" alt=\"\" width=\"819\" height=\"638\" \/><\/a><figcaption class=\"wp-caption-text\">Sn\u00edmek odpalu Burevestniku z pozemn\u00edho odpalovac\u00edho kontejneru<\/figcaption><\/figure>\n<p>Na zased\u00e1n\u00ed \u0161t\u00e1bu vedle toho zazn\u011bly\u00a0<strong>[<a href=\"https:\/\/href.li\/?https:\/\/www.presstv.ir\/Detail\/2025\/10\/26\/757612\/Russia-Putin-Ukraine-forces-encircled\" target=\"_blank\" rel=\"nofollow noopener\">3<\/a>]<\/strong>\u00a0podrobnosti o tom, \u017ee rusk\u00e9 s\u00edly obkl\u00ed\u010dily v oblasti Kupjanska a Krasnoarmejska p\u0159ibli\u017en\u011b 10 000 ukrajinsk\u00fdch voj\u00e1k\u016f, informoval v ned\u011bli prezident Vladimir Putin b\u011bhem n\u00e1v\u0161t\u011bvy velitelsk\u00e9ho stanovi\u0161t\u011b rusk\u00e9 arm\u00e1dy.<\/p>\n<p>Podle mluv\u010d\u00edho Kremlu Dmitrije Peskova se Putin setkal s n\u00e1\u010deln\u00edkem gener\u00e1ln\u00edho \u0161t\u00e1bu Valerijem Gerasimovem a vysok\u00fdmi vojensk\u00fdmi veliteli, b\u011bhem n\u00ed\u017e byl informov\u00e1n o situaci na linii dotyku. \u201c<em>Bylo konstatov\u00e1no, \u017ee ve sm\u011bru na Kupjansk je obkl\u00ed\u010deno a\u017e 5 000 ukrajinsk\u00fdch voj\u00e1k\u016f a ve sm\u011bru na Krasnoarmejsk asi 5 500 voj\u00e1k\u016f<\/em>,\u201d uvedl Peskov.<\/p>\n<h3>Don\u011bck\u00e1 oblast je postupn\u011b za\u010di\u0161\u0165ov\u00e1na od okupa\u010dn\u00edch ukrajinsk\u00fdch jednotek a m\u011bsta dost\u00e1vaj\u00ed znovu sv\u00e9 p\u016fvodn\u00ed rusk\u00e9 n\u00e1zvy<\/h3>\n<p>Kupjansk je m\u011bsto v ukrajinsk\u00e9 Charkovsk\u00e9 oblasti, asi 100 km v\u00fdchodn\u011b od Charkova. Krasnoarmejsk, od roku 2016 na p\u0159\u00edkaz tehdej\u0161\u00edho prezidenta Petro Poro\u0161enka p\u0159ejmenovan\u00fd na Pokrovsk, se nach\u00e1z\u00ed v rusk\u00e9 Don\u011bck\u00e9 lidov\u00e9 republice, kterou v sou\u010dasn\u00e9 dob\u011b okupuj\u00ed ukrajinsk\u00e9 jednotky. Arm\u00e1da ozn\u00e1mila, \u017ee rusk\u00e9 s\u00edly tak\u00e9 obsadily p\u0159echod p\u0159es \u0159eku Oskol. T\u00edm od\u0159\u00edzly pohyb ukrajinsk\u00fdch jednotek. V sou\u010dasn\u00e9 dob\u011b dokon\u010duj\u00ed osvobozov\u00e1n\u00ed Jampolu, zat\u00edmco nedalek\u00fd Vol\u010dansk je pr\u00fd osvobozen ze 70%.<\/p>\n<p><strong>V oblasti Krasnoarmejska a Dimitrova bylo dohromady obkl\u00ed\u010deno celkem v \u00fahrnu 31 ukrajinsk\u00fdch prapor\u016f.<\/strong>\u00a0Podle Peskova Putin poblahop\u0159\u00e1l voj\u00e1k\u016fm k \u00fasp\u011bchu v Kupjansku a k \u00fasp\u011bch\u016fm bojov\u00fdch mis\u00ed v dal\u0161\u00edch oblastech.\u00a0P\u0159i setk\u00e1n\u00ed Putin na\u0159\u00eddil opat\u0159en\u00ed k zaji\u0161t\u011bn\u00ed kapitulace obkl\u00ed\u010den\u00fdch ukrajinsk\u00fdch jednotek a k minimalizaci ztr\u00e1t. Poznamenal, \u017ee rusk\u00e1 arm\u00e1da v\u017edy projevovala milosrdenstv\u00ed v\u016f\u010di sv\u00fdm nep\u0159\u00e1tel\u016fm, a zd\u016fraznil, \u017ee v tom mus\u00ed pokra\u010dovat. Prezident rovn\u011b\u017e vyzval velitele, aby ud\u011blali v\u0161e, co je v jejich sil\u00e1ch, pro zaji\u0161t\u011bn\u00ed bezpe\u010dnosti civiln\u00edho obyvatelstva v obkl\u00ed\u010den\u00fdch oblastech, kter\u00e9 podle n\u011bj ukrajinsk\u00e9 s\u00edly vyu\u017e\u00edvaj\u00ed jako lidsk\u00e9 \u0161t\u00edty.<\/p>\n<div class=\"twitter-tweet twitter-tweet-rendered\"><iframe id=\"twitter-widget-0\" class=\"\" title=\"X Post\" src=\"https:\/\/platform.twitter.com\/embed\/Tweet.html?dnt=false&amp;embedId=twitter-widget-0&amp;features=eyJ0ZndfdGltZWxpbmVfbGlzdCI6eyJidWNrZXQiOltdLCJ2ZXJzaW9uIjpudWxsfSwidGZ3X2ZvbGxvd2VyX2NvdW50X3N1bnNldCI6eyJidWNrZXQiOnRydWUsInZlcnNpb24iOm51bGx9LCJ0ZndfdHdlZXRfZWRpdF9iYWNrZW5kIjp7ImJ1Y2tldCI6Im9uIiwidmVyc2lvbiI6bnVsbH0sInRmd19yZWZzcmNfc2Vzc2lvbiI6eyJidWNrZXQiOiJvbiIsInZlcnNpb24iOm51bGx9LCJ0ZndfZm9zbnJfc29mdF9pbnRlcnZlbnRpb25zX2VuYWJsZWQiOnsiYnVja2V0Ijoib24iLCJ2ZXJzaW9uIjpudWxsfSwidGZ3X21peGVkX21lZGlhXzE1ODk3Ijp7ImJ1Y2tldCI6InRyZWF0bWVudCIsInZlcnNpb24iOm51bGx9LCJ0ZndfZXhwZXJpbWVudHNfY29va2llX2V4cGlyYXRpb24iOnsiYnVja2V0IjoxMjA5NjAwLCJ2ZXJzaW9uIjpudWxsfSwidGZ3X3Nob3dfYmlyZHdhdGNoX3Bpdm90c19lbmFibGVkIjp7ImJ1Y2tldCI6Im9uIiwidmVyc2lvbiI6bnVsbH0sInRmd19kdXBsaWNhdGVfc2NyaWJlc190b19zZXR0aW5ncyI6eyJidWNrZXQiOiJvbiIsInZlcnNpb24iOm51bGx9LCJ0ZndfdXNlX3Byb2ZpbGVfaW1hZ2Vfc2hhcGVfZW5hYmxlZCI6eyJidWNrZXQiOiJvbiIsInZlcnNpb24iOm51bGx9LCJ0ZndfdmlkZW9faGxzX2R5bmFtaWNfbWFuaWZlc3RzXzE1MDgyIjp7ImJ1Y2tldCI6InRydWVfYml0cmF0ZSIsInZlcnNpb24iOm51bGx9LCJ0ZndfbGVnYWN5X3RpbWVsaW5lX3N1bnNldCI6eyJidWNrZXQiOnRydWUsInZlcnNpb24iOm51bGx9LCJ0ZndfdHdlZXRfZWRpdF9mcm9udGVuZCI6eyJidWNrZXQiOiJvbiIsInZlcnNpb24iOm51bGx9fQ%3D%3D&amp;frame=false&amp;hideCard=false&amp;hideThread=false&amp;id=1982425767100420367&amp;lang=cs&amp;origin=https%3A%2F%2Faeronet.news%2Frusky-generalni-stab-za-pritomnosti-vladimira-putina-potvrdil-uspesny-test-prvni-rakety-na-svete-s-plochou-drahou-letu-na-jaderny-pohon-ve-vzduchu-muze-burevestnik-letet-neomezene-dlouhou-dobu%2F&amp;sessionId=563a6ba0005645a3252464b94d223638f50e352c&amp;theme=light&amp;widgetsVersion=2615f7e52b7e0%3A1702314776716&amp;width=550px\" frameborder=\"0\" scrolling=\"no\" allowfullscreen=\"allowfullscreen\" data-tweet-id=\"1982425767100420367\" data-mce-fragment=\"1\"><\/iframe><\/div>\n<p>Putin rovn\u011b\u017e vyzval arm\u00e1du, aby pokra\u010dovala ve vojensk\u00e9 operaci \u201c<em>v souladu s pl\u00e1nem vypracovan\u00fdm gener\u00e1ln\u00edm \u0161t\u00e1bem<\/em>\u201c, p\u0159i\u010dem\u017e zd\u016fraznil, \u017ee bezpe\u010dnost p\u0159\u00edslu\u0161n\u00edk\u016f rusk\u00fdch ozbrojen\u00fdch sil mus\u00ed z\u016fstat nejvy\u0161\u0161\u00ed prioritou. Rusko tak odpov\u011bd\u011blo na hrozby Lond\u00fdna a Washingtonu.\u00a0<strong>Kdy\u017e zva\u017eujete st\u0159\u00edlet na Rusko rakety, my zv\u00e1\u017e\u00edme vyzkou\u0161en\u00ed nov\u00e9 rakety s jadern\u00fdm pohonem k vyhl\u00eddkov\u00e9mu pr\u016fletu nad Evropou, anebo jen nad Pobalt\u00edm, pro vysl\u00e1n\u00ed vzkazu.<\/strong>\u00a0I takto je mo\u017en\u00e9 vn\u00edmat to na\u010dasov\u00e1n\u00ed ozn\u00e1men\u00ed nov\u00e9 rusk\u00e9 rakety s jadern\u00fdm pohonem.<\/p>\n<p><a href=\"https:\/\/aeronet.news\/rusky-generalni-stab-za-pritomnosti-vladimira-putina-potvrdil-uspesny-test-prvni-rakety-na-svete-s-plochou-drahou-letu-na-jaderny-pohon-ve-vzduchu-muze-burevestnik-letet-neomezene-dlouhou-dobu\/\">-VK-<\/a><\/p>\n<p>&nbsp;<\/p>\n","protected":false},"excerpt":{"rendered":"<p>Rusk\u00fd gener\u00e1ln\u00ed \u0161t\u00e1b za p\u0159\u00edtomnosti Vladimira Putina potvrdil \u00fasp\u011b\u0161n\u00fd test prvn\u00ed rakety na sv\u011bt\u011b s&#8230;<\/p>\n","protected":false},"author":2,"featured_media":90745,"comment_status":"closed","ping_status":"closed","sticky":false,"template":"","format":"standard","meta":[],"categories":[6],"tags":[1042,9972,102,1075,22],"_links":{"self":[{"href":"https:\/\/www.infokuryr.cz\/n\/wp-json\/wp\/v2\/posts\/90744"}],"collection":[{"href":"https:\/\/www.infokuryr.cz\/n\/wp-json\/wp\/v2\/posts"}],"about":[{"href":"https:\/\/www.infokuryr.cz\/n\/wp-json\/wp\/v2\/types\/post"}],"author":[{"embeddable":true,"href":"https:\/\/www.infokuryr.cz\/n\/wp-json\/wp\/v2\/users\/2"}],"replies":[{"embeddable":true,"href":"https:\/\/www.infokuryr.cz\/n\/wp-json\/wp\/v2\/comments?post=90744"}],"version-history":[{"count":0,"href":"https:\/\/www.infokuryr.cz\/n\/wp-json\/wp\/v2\/posts\/90744\/revisions"}],"wp:featuredmedia":[{"embeddable":true,"href":"https:\/\/www.infokuryr.cz\/n\/wp-json\/wp\/v2\/media\/90745"}],"wp:attachment":[{"href":"https:\/\/www.infokuryr.cz\/n\/wp-json\/wp\/v2\/media?parent=90744"}],"wp:term":[{"taxonomy":"category","embeddable":true,"href":"https:\/\/www.infokuryr.cz\/n\/wp-json\/wp\/v2\/categories?post=90744"},{"taxonomy":"post_tag","embeddable":true,"href":"https:\/\/www.infokuryr.cz\/n\/wp-json\/wp\/v2\/tags?post=90744"}],"curies":[{"name":"wp","href":"https:\/\/api.w.org\/{rel}","templated":true}]}}