{"id":9074,"date":"2022-03-13T03:05:58","date_gmt":"2022-03-13T02:05:58","guid":{"rendered":"http:\/\/www.infokuryr.cz\/n\/?p=9074"},"modified":"2022-03-12T19:23:24","modified_gmt":"2022-03-12T18:23:24","slug":"lenka-prochazkova-bojovy-duch-a-cenzura","status":"publish","type":"post","link":"https:\/\/www.infokuryr.cz\/n\/2022\/03\/13\/lenka-prochazkova-bojovy-duch-a-cenzura\/","title":{"rendered":"Lenka Proch\u00e1zkov\u00e1: Bojov\u00fd duch a cenzura"},"content":{"rendered":"<div id=\"fb-root\"><\/div>\n<p><strong>Kdy\u017e \u010desk\u00fd premi\u00e9r v p\u0159\u00edm\u00e9m p\u0159enosu ob\u010dan\u016fm ozn\u00e1mil, \u017ee jsme ve v\u00e1lce, roz\u0161\u00ed\u0159il popla\u0161nou a nepravdivou zpr\u00e1vu.<\/strong>\u00a0Parlament \u010cR o vyhl\u00e1\u0161en\u00ed v\u00e1le\u010dn\u00e9ho stavu v\u016f\u010di Rusk\u00e9 federaci nehlasoval. Zat\u00edm \u201eza n\u00e1s\u201c v\u00e1l\u010d\u00ed ukrajinsk\u00e1 arm\u00e1da. Vl\u00e1da \u010cR podporovan\u00e1 chvilkov\u00fdm hlaholem na V\u00e1clav\u00e1ku jim \u201epouze\u201c pos\u00edl\u00e1 dod\u00e1vky zbran\u00ed za p\u016fl miliardy (v\u010detn\u011b protiletadlov\u00fdch raket) a informuje o tom, \u017ee k jejich u\u017e\u00edv\u00e1n\u00ed se mohou hl\u00e1sit i bojechtiv\u00ed \u010de\u0161t\u00ed dobrovoln\u00edci. Ve ve\u0159ejnopr\u00e1vn\u00edm rozhlase je sly\u0161et jejich vzru\u0161en\u00e9 hlasy, t\u011b\u0161\u00ed se do boje, i ti, co p\u0159izn\u00e1vaj\u00ed, \u017ee nemaj\u00ed vojensk\u00e9 zku\u0161enosti ani v\u00fdcvik.<\/p>\n<p><strong>M\u00e9dia s respektem hl\u00e1s\u00ed, \u017ee u\u017e se p\u0159ihl\u00e1silo n\u011bkolik set state\u010dn\u00fdch.<\/strong>\u00a0Odjezd ka\u017ed\u00e9ho z nich na boji\u0161t\u011b mus\u00ed odsouhlasit prezident, jinak by \u0161lo o trestn\u00fd \u010din. Emeritn\u00ed gener\u00e1l Petr Pavel ale douf\u00e1, \u017ee prezident dop\u0159edu vyhl\u00e1s\u00ed pro dobrovoln\u00e9 v\u00e1le\u010dn\u00edky amnestii. Ukrajinsk\u00fd prezident se na skypu vyznal, \u017ee dobrovoln\u00e9 v\u00e1le\u010dn\u00edky v\u00edt\u00e1 a ozn\u00e1mil, \u017ee pro n\u011b vznikla cizineck\u00e1 legie, jej\u00ed\u017e n\u00e1borov\u00e9 centrum je ve Lvov\u011b. U\u017e tam m\u00ed\u0159\u00ed tlupy bojovn\u00edk\u016f z Anglie, Polska, Loty\u0161ska, k\u0159es\u0165ansk\u00e9ho Chorvatska, pacifistick\u00e9ho N\u011bmecka a dal\u0161\u00edch demokratick\u00fdch zem\u00ed. A zat\u00edm z v\u00fdchodn\u00edho sm\u011bru p\u0159ich\u00e1zej\u00ed z v\u00e1le\u010dn\u00e9 z\u00f3ny ukrajin\u0161t\u00ed uprchl\u00edci vzbuzuj\u00edc\u00ed opr\u00e1vn\u011bnou l\u00edtost i odhodl\u00e1n\u00ed pomoci. Mezi nimi se p\u0159ekvapiv\u011b objevuj\u00ed i zimom\u0159iv\u00e9 skupiny neevropsk\u00e9ho p\u016fvodu.<\/p>\n<p><strong>Od p\u00e1tku vl\u00e1da \u010cR vyhl\u00e1sila nouzov\u00fd stav.<\/strong>\u00a0\u010cesk\u00e9 ob\u010dany to \u00fadajn\u011b v ni\u010dem neomez\u00ed, pouze to umo\u017en\u00ed n\u00e1kupy bez konkurz\u016f a zjednodu\u0161\u00ed vstupn\u00ed formality p\u0159i ud\u011blov\u00e1n\u00ed v\u00edz a zaopat\u0159en\u00ed ne\u0161\u0165astn\u00fdm lidem, co prchaj\u00ed p\u0159ed v\u00e1lkou, kter\u00e1 vypukla p\u0159ed pouh\u00fdmi deseti dny, ale k n\u00ed\u017e se schylovalo, provokovalo a hecovalo u\u017e dlouh\u00fdch osm let.<\/p>\n<p>D\u00e1lkov\u00fd projev rusk\u00e9ho mistra zahrani\u010d\u00ed Lavrova prom\u00edtan\u00fd na velkoplo\u0161n\u00e9 obrazovce \u017eenevsk\u00e9ho s\u00e1lu, kde se konala konference OSN, v\u0161ak sledovali jen tlumo\u010dn\u00edci. Diplomat\u00e9 opovr\u017eliv\u011b odlo\u017eili sluch\u00e1tka a naslouchaj\u00edce vnit\u0159n\u00edmu hlasu kolektivn\u00edho sv\u011bdom\u00ed ostentativn\u011b ode\u0161li na proch\u00e1zku k jezeru, aby nemuseli reagovat na argumenty zd\u016fvod\u0148uj\u00edc\u00ed ofenz\u00edvn\u00ed vojenskou operaci na Ukrajin\u011b obranou RF. Ano, Ukrajinci jsou ob\u011bt\u00ed. Ob\u011bt\u00ed Majdanu.<\/p>\n<p><strong>Nejprve osm a nyn\u00ed u\u017e t\u00e9m\u011b\u0159 t\u0159i des\u00edtky n\u00e1zorov\u00fdch a informa\u010dn\u00edch web\u016f bylo preventivn\u011b vypnuto.<\/strong>\u00a0Cenzuru, kter\u00e1 je dle \u00fastavy v \u010cR nep\u0159\u00edpustn\u00e1, nyn\u011bj\u0161\u00ed vl\u00e1da zavedla a zp\u011btn\u011b ji, a\u017e bude \u010delit \u017ealob\u00e1m, asi bude h\u00e1jit nouzov\u00fdm stavem, a\u010dkoliv ten byl vyhl\u00e1\u0161en a\u017e po uml\u010den\u00ed web\u016f. Za nouzov\u00e9ho stavu m\u016f\u017ee vl\u00e1da na\u0159\u00eddit i z\u00e1kaz shroma\u017e\u010fov\u00e1n\u00ed.<\/p>\n<p><strong>Mnoz\u00ed ob\u010dan\u00e9 to p\u0159ijmou bez rept\u00e1n\u00ed, na omezovan\u00ed sv\u00fdch pr\u00e1v jsou zvykl\u00ed, pro\u0161li tr\u00e9ninkem v obdob\u00ed pandemie a u\u017e si neuv\u011bdomuj\u00ed, \u017ee m\u00edsto informac\u00ed vst\u0159eb\u00e1vaj\u00ed vl\u00e1dn\u00ed propagandu<\/strong>. Virus nen\u00e1visti k Rusku a Rus\u016fm, kter\u00fd na n\u011b denn\u011b \u00fato\u010d\u00ed prost\u0159ednictv\u00edm m\u00e9di\u00ed z \u00fast politik\u016f, politolog\u016f a nezi\u0161tn\u00fdch (neziskov\u00fdch) odborn\u00edk\u016f na svobodu a lidsk\u00e1 pr\u00e1va, p\u0159ij\u00edmaj\u00ed jako ochotn\u00ed hostitel\u00e9. Infikov\u00e1ni virem se pak vyd\u00e1vaj\u00ed na stezku \u201espravedlnosti\u201c a \u0161ikanuj\u00ed, ur\u00e1\u017eej\u00ed nebo i fyzicky napadaj\u00ed rusky mluv\u00edc\u00ed cizince, osoby, kter\u00e9 mnohdy vid\u00ed poprv\u00e9 v \u017eivot\u011b. \u010ciny motivovan\u00e9 nen\u00e1vist\u00ed k rase, n\u00e1rodnosti, n\u00e1bo\u017eenstv\u00ed atd. jsou sice trestn\u011b st\u00edhateln\u00e9, ale nen\u00e1vist projevovan\u00e1 v\u016f\u010di Rus\u016fm m\u00e1 zd\u00e1 se v\u00fdjimku a kdo ji odm\u00edt\u00e1, je nahla\u0161ov\u00e1n policejn\u00edm slo\u017ek\u00e1m.<\/p>\n<p><strong>Stovky Bretschneider\u016f sl\u00edd\u00ed po soci\u00e1ln\u00edch s\u00edt\u00edch a lov\u00ed koment\u00e1\u0159e, jejich\u017e auto\u0159i je\u0161t\u011b disponuj\u00ed kritick\u00fdm my\u0161len\u00edm.<\/strong>\u00a0Vysv\u011btlov\u00e1n\u00ed p\u0159\u00ed\u010din, kv\u016fli kter\u00fdm se v\u00e1lka na Ukrajin\u011b rozho\u0159ela, m\u00e1 b\u00fdt (za ur\u010dit\u00fdch okolnost\u00ed) pro \u010desk\u00e9 ob\u010dany trestn\u00e9, upozornil nejvy\u0161\u0161\u00ed st\u00e1tn\u00ed z\u00e1stupce. Okolnost, pro kterou je st\u00edh\u00e1n podplukovn\u00edk v z\u00e1loze Ivan Kratochv\u00edl, spo\u010d\u00edv\u00e1 v tom, \u017ee jezdil na Donbas s vybran\u00fdmi finan\u010dn\u00edmi p\u0159\u00edsp\u011bvky a d\u00e1rky pro sirotky, jejich\u017e rodi\u010de byli zabiti nacistick\u00fdmi gangy. V minul\u00e9m re\u017eimu, kdy nyn\u011bj\u0161\u00ed nejvy\u0161\u0161\u00ed st\u00e1tn\u00ed z\u00e1stupce byl \u201esv\u011bdomit\u00fdm\u201c vojensk\u00fdm prokur\u00e1torem, rozhodoval o odn\u011bt\u00ed svobody t\u011bm, co odm\u00edtli vz\u00edt do ruky zbra\u0148 (nap\u0159\u00edklad jehovist\u00e9).<\/p>\n<p><strong>Dnes, kdy\u017e se na Ukrajin\u011b \u201ebojuje i za n\u00e1s\u201c se \u201ef\u00e9rov\u00e1\u201c \u010d\u00e1st sv\u011bta \u0161t\u00edt\u00ed nastoupit proti rusk\u00fdm sportovc\u016fm.<\/strong>\u00a0Brzy snad budou z knihoven f\u00e9rov\u011b vy\u0159azov\u00e1ny i rusky psan\u00e9 knihy a z divadel zmiz\u00ed rusk\u00fd reperto\u00e1r, proto\u017ee p\u0159ejmenovat ruskou zmrzlinu na ukrajinskou zdaleka neposta\u010d\u00ed. Bronzovou sochu mar\u0161\u00e1la Kon\u011bva pora\u017eenou udatn\u00fdm \u00fa\u0159edn\u00edkem a ne\u010dinn\u011b le\u017e\u00edc\u00ed ve skladu je t\u0159eba roztavit, p\u0159im\u00edchat do slitiny v\u00edc m\u011bdi a odl\u00edt spojeneck\u00e9 d\u011blo.<\/p>\n<p>Omlouv\u00e1m se za u\u017e\u00edv\u00e1n\u00ed humoru,\u00a0<strong>kdy\u017e plakat by se cht\u011blo.<\/strong><\/p>\n<p><em>P\u0159evzato od Lenky Proch\u00e1zkov\u00e9, state\u010dn\u00e9 \u017eeny, signat\u00e1\u0159ky Charty 77 a \u017eivotn\u00ed partnerky Ludv\u00edka Vacul\u00edka.<\/em><\/p>\n<p>&nbsp;<\/p>\n","protected":false},"excerpt":{"rendered":"<p>Kdy\u017e \u010desk\u00fd premi\u00e9r v p\u0159\u00edm\u00e9m p\u0159enosu ob\u010dan\u016fm ozn\u00e1mil, \u017ee jsme ve v\u00e1lce, roz\u0161\u00ed\u0159il popla\u0161nou a&#8230;<\/p>\n","protected":false},"author":2,"featured_media":2746,"comment_status":"closed","ping_status":"closed","sticky":false,"template":"","format":"standard","meta":[],"categories":[6],"tags":[63,29,40],"_links":{"self":[{"href":"https:\/\/www.infokuryr.cz\/n\/wp-json\/wp\/v2\/posts\/9074"}],"collection":[{"href":"https:\/\/www.infokuryr.cz\/n\/wp-json\/wp\/v2\/posts"}],"about":[{"href":"https:\/\/www.infokuryr.cz\/n\/wp-json\/wp\/v2\/types\/post"}],"author":[{"embeddable":true,"href":"https:\/\/www.infokuryr.cz\/n\/wp-json\/wp\/v2\/users\/2"}],"replies":[{"embeddable":true,"href":"https:\/\/www.infokuryr.cz\/n\/wp-json\/wp\/v2\/comments?post=9074"}],"version-history":[{"count":1,"href":"https:\/\/www.infokuryr.cz\/n\/wp-json\/wp\/v2\/posts\/9074\/revisions"}],"predecessor-version":[{"id":9075,"href":"https:\/\/www.infokuryr.cz\/n\/wp-json\/wp\/v2\/posts\/9074\/revisions\/9075"}],"wp:featuredmedia":[{"embeddable":true,"href":"https:\/\/www.infokuryr.cz\/n\/wp-json\/wp\/v2\/media\/2746"}],"wp:attachment":[{"href":"https:\/\/www.infokuryr.cz\/n\/wp-json\/wp\/v2\/media?parent=9074"}],"wp:term":[{"taxonomy":"category","embeddable":true,"href":"https:\/\/www.infokuryr.cz\/n\/wp-json\/wp\/v2\/categories?post=9074"},{"taxonomy":"post_tag","embeddable":true,"href":"https:\/\/www.infokuryr.cz\/n\/wp-json\/wp\/v2\/tags?post=9074"}],"curies":[{"name":"wp","href":"https:\/\/api.w.org\/{rel}","templated":true}]}}