{"id":90696,"date":"2025-10-27T00:19:08","date_gmt":"2025-10-26T23:19:08","guid":{"rendered":"https:\/\/www.infokuryr.cz\/n\/?p=90696"},"modified":"2025-10-26T14:41:50","modified_gmt":"2025-10-26T13:41:50","slug":"studie-varuje-5g-a-wi-fi-mohou-u-deti-zpusobovat-problemy-s-pameti","status":"publish","type":"post","link":"https:\/\/www.infokuryr.cz\/n\/2025\/10\/27\/studie-varuje-5g-a-wi-fi-mohou-u-deti-zpusobovat-problemy-s-pameti\/","title":{"rendered":"Studie varuje: 5G a Wi-Fi mohou u d\u011bt\u00ed zp\u016fsobovat probl\u00e9my s pam\u011bt\u00ed"},"content":{"rendered":"<div id=\"fb-root\"><\/div>\n<p><strong><span dir=\"auto\">Jak moc ovliv\u0148uje rostouc\u00ed z\u00e1\u0159en\u00ed z mobiln\u00edch telefon\u016f a Wi-Fi pam\u011b\u0165 d\u011bt\u00ed? Podle skandin\u00e1vsk\u00fdch v\u011bdc\u016f existuj\u00ed znepokojiv\u00e9 d\u016fkazy o p\u0159\u00edm\u00e9 souvislosti. Statistick\u00e9 \u00fadaje tak\u00e9 hovo\u0159\u00ed samy za sebe.<\/span><\/strong><\/p>\n<p><span dir=\"auto\">Kdy\u017e d\u011bti n\u00e1hle zapomenou, kde nechaly batohy, a teenage\u0159i ztrat\u00ed p\u0159ehled o tom, co cht\u011bli \u0159\u00edct uprost\u0159ed v\u011bty, nemus\u00ed to b\u00fdt n\u00e1hoda. Nov\u00e1 \u0161v\u00e9dsko-norsk\u00e1 studie publikovan\u00e1 v \u010dasopise Archives of Clinical and Biomedical Research s n\u00e1zvem \u201e\u00a0<\/span><a href=\"https:\/\/cdn.fortunejournals.com\/articles\/increasing-numbers-of-children-aged-5-19-years-with-memory-problems-in-sweden-and-norw-6333.pdf\"><span dir=\"auto\">Rostouc\u00ed po\u010det d\u011bt\u00ed ve v\u011bku 5\u201319 let s probl\u00e9my s pam\u011bt\u00ed ve \u0160v\u00e9dsku a Norsku<\/span><\/a><span dir=\"auto\"> \u201c nazna\u010duje, \u017ee bezdr\u00e1tov\u00e9 technologie \u2013 jako jsou Wi-Fi a s\u00edt\u011b mobiln\u00edch telefon\u016f \u2013 ji\u017e dlouho zanech\u00e1vaj\u00ed m\u011b\u0159iteln\u00e9 stopy v mozku na\u0161ich potomk\u016f. V\u011bdci hovo\u0159\u00ed o \u201ealarmuj\u00edc\u00edm n\u00e1r\u016fstu\u201c probl\u00e9m\u016f s pam\u011bt\u00ed u d\u011bt\u00ed a dosp\u00edvaj\u00edc\u00edch.<\/span><\/p>\n<p><span dir=\"auto\">V\u011bdci Mona Nilsson a Lennart Hardell analyzovali data ze \u0160v\u00e9dska a Norska b\u011bhem t\u00e9m\u011b\u0159 dvou desetilet\u00ed \u2013 s jasn\u00fdm v\u00fdsledkem. V Norsku se po\u010det l\u00e9ka\u0159sk\u00fdch konzultac\u00ed s poruchami pam\u011bti u d\u011bt\u00ed a dosp\u00edvaj\u00edc\u00edch ve v\u011bku 5 a\u017e 19 let zv\u00fd\u0161il ze 179,5 na 100 000 obyvatel v roce 2006 na ohromuj\u00edc\u00edch 1 522 v roce 2024 \u2013 co\u017e p\u0159edstavuje 8,5n\u00e1sobn\u00fd n\u00e1r\u016fst. Ve \u0160v\u00e9dsku je situace je\u0161t\u011b dramati\u010dt\u011bj\u0161\u00ed: diagn\u00f3zy \u201em\u00edrn\u00e9 kognitivn\u00ed poruchy\u201c prudce vzrostly z 0,86 v roce 2010 na 51,5 v roce 2024 \u2013 t\u00e9m\u011b\u0159 60n\u00e1sobn\u011b. To je varovn\u00fd sign\u00e1l.<\/span><\/p>\n<p><span dir=\"auto\">Tento v\u00fdvoj se p\u0159esn\u011b shoduje s dobou, kdy byly d\u011bti zaplaveny chytr\u00fdmi telefony, tablety a Wi-Fi. 4G, pak 5G \u2013 a najednou bylo toto z\u00e1\u0159en\u00ed v\u0161udyp\u0159\u00edtomn\u00e9: ve \u0161kol\u00e1ch, lo\u017enic\u00edch, batoz\u00edch i kaps\u00e1ch kalhot. V\u011bdci varuj\u00ed: Vystaven\u00ed mikrovlnn\u00e9mu z\u00e1\u0159en\u00ed, tj. vysokofrekven\u010dn\u00edm elektromagnetick\u00fdm vln\u00e1m z bezdr\u00e1tov\u00fdch za\u0159\u00edzen\u00ed, dos\u00e1hlo v posledn\u00edch deseti a\u017e dvaceti letech neb\u00fdval\u00e9 \u00farovn\u011b. A zat\u00edmco ofici\u00e1ln\u00ed limity jsou pova\u017eov\u00e1ny za \u201ebezpe\u010dn\u00e9\u201c, st\u00e1le v\u00edce studi\u00ed ukazuje, \u017ee i \u00farovn\u011b pod t\u011bmito limity ovliv\u0148uj\u00ed mozek \u2013 zejm\u00e9na\u00a0<\/span><a href=\"https:\/\/pubmed.ncbi.nlm.nih.gov\/23349586\/\"><span dir=\"auto\">hipokampus<\/span><\/a><span dir=\"auto\"> , \u010d\u00e1st mozku zodpov\u011bdnou za pam\u011b\u0165 a u\u010den\u00ed.<\/span><\/p>\n<p><span dir=\"auto\">\u201eD\u016fkazy jsou siln\u00e9 a p\u0159esv\u011bd\u010div\u00e9,\u201c \u0159\u00edk\u00e1 Mona Nilsson ze \u0160v\u00e9dsk\u00e9 nadace pro radia\u010dn\u00ed ochranu. \u201eU\u017e des\u00edtky let v\u00edme, \u017ee mikrovlnn\u00e9 z\u00e1\u0159en\u00ed m\u016f\u017ee zhor\u0161ovat mozkov\u00e9 funkce. Rostouc\u00ed probl\u00e9my s pam\u011bt\u00ed u d\u011bt\u00ed proto nejsou \u017e\u00e1dn\u00fdm p\u0159ekvapen\u00edm.\u201c Co je v\u0161ak v\u011bdc\u016fm z\u0159ejm\u00e9, \u00fa\u0159ady soustavn\u011b ignoruj\u00ed.<\/span><\/p>\n<p><span dir=\"auto\">Dr. Lennart Hardell, jeden z nejzku\u0161en\u011bj\u0161\u00edch skandin\u00e1vsk\u00fdch l\u00e9ka\u0159\u016f v oblasti \u017eivotn\u00edho prost\u0159ed\u00ed,\u00a0<\/span><a href=\"https:\/\/childrenshealthdefense.org\/defender\/kids-memory-problems-surge-wireless-radiation-exposure-study\/\"><span dir=\"auto\">je je\u0161t\u011b explicitn\u011bj\u0161\u00ed<\/span><\/a><span dir=\"auto\"> : \u201eDramatick\u00fd n\u00e1r\u016fst probl\u00e9m\u016f s pam\u011bt\u00ed nelze vysv\u011btlit pouze zm\u011bnami v diagnostick\u00fdch krit\u00e9ri\u00edch. Mus\u00edme br\u00e1t rostouc\u00ed radia\u010dn\u00ed expozici v\u00e1\u017en\u011b a kone\u010dn\u011b p\u0159ijmout opat\u0159en\u00ed na ochranu d\u011bt\u00ed.\u201c Hardell nen\u00ed v tomto odv\u011btv\u00ed \u017e\u00e1dn\u00fdm nov\u00e1\u010dkem \u2013 p\u0159ed lety varoval p\u0159ed souvislost\u00ed mezi z\u00e1\u0159en\u00edm z mobiln\u00edch telefon\u016f a mozkov\u00fdmi n\u00e1dory. V t\u00e9 dob\u011b byl pr\u016fmyslem hanoben jako \u0161i\u0159itel poplachu. Dnes vid\u00ed, jak se jeho n\u00e1zory potvrzuj\u00ed \u2013 a nad\u00e1le jsou ignorov\u00e1ny.<\/span><\/p>\n<p><span dir=\"auto\">Nov\u00e1 data demonstruj\u00ed soci\u00e1ln\u00ed experiment v re\u00e1ln\u00e9m \u010dase. Od roku 2019, kdy byla spu\u0161t\u011bna s\u00ed\u0165 5G, se \u00farove\u0148 radiace op\u011bt v\u00fdrazn\u011b zv\u00fd\u0161ila. Frekvence jsou vy\u0161\u0161\u00ed, vys\u00edlac\u00ed v\u00fdkon je hust\u0161\u00ed a vys\u00edlac\u00ed v\u011b\u017ee se st\u00e1le \u010dast\u011bji umis\u0165uj\u00ed v t\u011bsn\u00e9 bl\u00edzkosti \u0161kol a \u0161kolek. Podle studie nyn\u00ed v\u00edce ne\u017e 70 procent \u0161v\u00e9dsk\u00fdch patn\u00e1ctilet\u00fdch d\u011bt\u00ed pou\u017e\u00edv\u00e1 mobiln\u00ed telefony v\u00edce ne\u017e t\u0159i hodiny denn\u011b a stejn\u00fd po\u010det je u dvan\u00e1ctilet\u00fdch 40 procent. V d\u016fsledku toho jsou jejich mozky neust\u00e1le zaplavov\u00e1ny elektromagnetick\u00fdm z\u00e1\u0159en\u00edm. Je tak\u00e9 z\u0159ejm\u00e9, \u017ee to nem\u016f\u017ee z\u016fstat bez n\u00e1sledk\u016f.<\/span><\/p>\n<p><img decoding=\"async\" loading=\"lazy\" class=\"alignnone size-full wp-image-1185\" src=\"http:\/\/www.infokuryr.cz\/n\/wp-content\/uploads\/2021\/04\/kuryr-podpis.png\" alt=\"\" width=\"84\" height=\"24\" \/><\/p>\n<p>&nbsp;<\/p>\n","protected":false},"excerpt":{"rendered":"<p>Jak moc ovliv\u0148uje rostouc\u00ed z\u00e1\u0159en\u00ed z mobiln\u00edch telefon\u016f a Wi-Fi pam\u011b\u0165 d\u011bt\u00ed? Podle skandin\u00e1vsk\u00fdch v\u011bdc\u016f&#8230;<\/p>\n","protected":false},"author":2,"featured_media":90697,"comment_status":"closed","ping_status":"closed","sticky":false,"template":"","format":"standard","meta":[],"categories":[7],"tags":[245,8170,839,1805,21],"_links":{"self":[{"href":"https:\/\/www.infokuryr.cz\/n\/wp-json\/wp\/v2\/posts\/90696"}],"collection":[{"href":"https:\/\/www.infokuryr.cz\/n\/wp-json\/wp\/v2\/posts"}],"about":[{"href":"https:\/\/www.infokuryr.cz\/n\/wp-json\/wp\/v2\/types\/post"}],"author":[{"embeddable":true,"href":"https:\/\/www.infokuryr.cz\/n\/wp-json\/wp\/v2\/users\/2"}],"replies":[{"embeddable":true,"href":"https:\/\/www.infokuryr.cz\/n\/wp-json\/wp\/v2\/comments?post=90696"}],"version-history":[{"count":0,"href":"https:\/\/www.infokuryr.cz\/n\/wp-json\/wp\/v2\/posts\/90696\/revisions"}],"wp:featuredmedia":[{"embeddable":true,"href":"https:\/\/www.infokuryr.cz\/n\/wp-json\/wp\/v2\/media\/90697"}],"wp:attachment":[{"href":"https:\/\/www.infokuryr.cz\/n\/wp-json\/wp\/v2\/media?parent=90696"}],"wp:term":[{"taxonomy":"category","embeddable":true,"href":"https:\/\/www.infokuryr.cz\/n\/wp-json\/wp\/v2\/categories?post=90696"},{"taxonomy":"post_tag","embeddable":true,"href":"https:\/\/www.infokuryr.cz\/n\/wp-json\/wp\/v2\/tags?post=90696"}],"curies":[{"name":"wp","href":"https:\/\/api.w.org\/{rel}","templated":true}]}}