{"id":90692,"date":"2025-10-27T00:17:25","date_gmt":"2025-10-26T23:17:25","guid":{"rendered":"https:\/\/www.infokuryr.cz\/n\/?p=90692"},"modified":"2025-10-26T14:37:01","modified_gmt":"2025-10-26T13:37:01","slug":"kvuli-obrazku-vanocniho-trhu-za-betonem-a-policii-levicaci-se-uplne-zblaznili","status":"publish","type":"post","link":"https:\/\/www.infokuryr.cz\/n\/2025\/10\/27\/kvuli-obrazku-vanocniho-trhu-za-betonem-a-policii-levicaci-se-uplne-zblaznili\/","title":{"rendered":"Kv\u016fli obr\u00e1zku v\u00e1no\u010dn\u00edho trhu za betonem a polici\u00ed: Levi\u010d\u00e1ci se \u00fapln\u011b zbl\u00e1znili"},"content":{"rendered":"<div id=\"fb-root\"><\/div>\n<p><strong><span dir=\"auto\">T\u011b\u017eko se najde lep\u0161\u00ed symbol ne\u00fasp\u011b\u0161n\u00e9 migra\u010dn\u00ed politiky ne\u017e stav k\u0159es\u0165ansk\u00fdch v\u00e1no\u010dn\u00edch trh\u016f v z\u00e1padn\u00ed Evrop\u011b. Rok co rok se stav\u00ed dal\u0161\u00ed betonov\u00e9 bari\u00e9ry, trhy obklopuj\u00ed policejn\u00ed auta a policist\u00e9 hl\u00eddkuj\u00ed s t\u011b\u017ek\u00fdm ochrann\u00fdm vybaven\u00edm a automatick\u00fdmi zbran\u011bmi. Nezn\u00e1m\u00fd um\u011blec s um\u011blou inteligenc\u00ed shrnul tuto realitu do v\u00fdsti\u017en\u00e9ho obrazu. Kdy\u017e to levi\u010d\u00e1ci vid\u00ed, te\u010de jim z o\u010d\u00ed krev a z \u00fast jim kape nen\u00e1vist \u2013 odm\u00edtaj\u00ed uznat v\u00fdsledky sv\u00e9 myln\u00e9 a nelidsk\u00e9 politiky.<\/span><\/strong><\/p>\n<p><span dir=\"auto\">Obr\u00e1zek od nezn\u00e1m\u00e9ho um\u011blce s um\u011blou inteligenc\u00ed je dokonal\u00fdm p\u0159\u00edkladem v\u00e1no\u010dn\u00edho trhu v z\u00e1padn\u00ed Evrop\u011b v roce 2025. Trh je sice o n\u011bco men\u0161\u00ed ne\u017e obvykle \u2013 ale to podtrhuje jeho dramatickou povahu. Pro\u010d v\u00e1no\u010dn\u00ed trhy vy\u017eaduj\u00ed ka\u017ed\u00fd rok zv\u00fd\u0161enou bezpe\u010dnost? Dlouh\u00e1 s\u00e9rie teroristick\u00fdch \u00fatok\u016f, n\u011bkter\u00e9 islamistick\u00e9, n\u011bkter\u00e9 sp\u00e1chan\u00fdch pachateli s jinou motivac\u00ed. V\u011bt\u0161ina \u00fato\u010dn\u00edk\u016f m\u011bla migrantn\u00ed z\u00e1zem\u00ed.<\/span><\/p>\n<ul>\n<li><span dir=\"auto\">Jedn\u00edm z nejzn\u00e1m\u011bj\u0161\u00edch \u00fatok\u016f byl ten z 19. prosince 2016 na berl\u00ednsk\u00e9m n\u00e1m\u011bst\u00ed Breitscheidplatz. Tunisk\u00fd muslim Anis Amri zavra\u017edil 12 lid\u00ed a 56 dal\u0161\u00edch zranil. Inspiroval se teroristickou organizac\u00ed Isl\u00e1msk\u00fd st\u00e1t.<\/span><\/li>\n<li><span dir=\"auto\">11. prosince 2018 zabil \u201efrancouzsk\u00fd\u201c islamista Cherif Chekatt na v\u00e1no\u010dn\u00edm trhu ve \u0160trasburku 5 lid\u00ed a 11 dal\u0161\u00edch zranil.<\/span><\/li>\n<li><span dir=\"auto\">20. prosince 2024 zavra\u017edil na v\u00e1no\u010dn\u00edm trhu v Magdeburgu 50let\u00fd sa\u00fadskoarabsk\u00fd muslim Taleb Al-Abulmohsen \u2013 zabil 6 lid\u00ed a nejm\u00e9n\u011b 200 dal\u0161\u00edch zranil.<\/span><\/li>\n<li><span dir=\"auto\">Islamistick\u00e9 \u00fatoky v Ludwigshafenu (2016), V\u00eddni (2019) a Frankfurtu (2024) byly v\u010das zma\u0159eny.<\/span><\/li>\n<\/ul>\n<p><span dir=\"auto\">Tyto a dal\u0161\u00ed n\u00e1siln\u00e9 \u010diny vedly k pot\u0159eb\u011b propracovan\u00fdch bezpe\u010dnostn\u00edch opat\u0159en\u00ed pro masov\u00e9 akce v z\u00e1padn\u00ed Evrop\u011b. Toho je dosa\u017eeno na jedn\u00e9 stran\u011b betonov\u00fdmi bloky, lidov\u011b zn\u00e1m\u00fdmi jako \u201eMerkelsk\u00e9 sloupky\u201c, a na stran\u011b druh\u00e9 masivn\u00ed policejn\u00ed p\u0159\u00edtomnost\u00ed. V\u0161echny tyto islamistick\u00e9 teroristick\u00e9 \u00fatoky m\u011bly p\u016fvod v nelidsk\u00e9 a podle litery z\u00e1kona neleg\u00e1ln\u00ed masov\u00e9 migraci, kterou umo\u017enila p\u0159edev\u0161\u00edm b\u00fdval\u00e1 n\u011bmeck\u00e1 kancl\u00e9\u0159ka Angela Merkelov\u00e1.<\/span><\/p>\n<p><span dir=\"auto\">\u0160\u00e9fredaktor Report24 Florian Machl uvid\u011bl symbolick\u00fd obr\u00e1zek a zve\u0159ejnil ho na sv\u00e9m soukrom\u00e9m profilu na platform\u011b X \u2013 s posm\u011b\u0161n\u00fdm koment\u00e1\u0159em: \u201eV\u00e1no\u010dn\u00ed idylka. Ur\u010dit\u011b to bude zase kr\u00e1sn\u00e9.\u201c V dob\u011b publikace si obr\u00e1zek prohl\u00e9dlo ji\u017e p\u0159es 370 000 lid\u00ed. Krom\u011b smutn\u00e9ho souhlasu mnoha lid\u00ed, kte\u0159\u00ed na\u0159\u00edkaj\u00ed nad ztr\u00e1tou bezpe\u010d\u00ed, identity a n\u00e1bo\u017eenstv\u00ed na Z\u00e1pad\u011b, to vyvolalo takzvanou bou\u0159i pobou\u0159en\u00ed prakticky od ka\u017ed\u00e9ho levicov\u00e9ho extremisty, kter\u00e9ho se v n\u011bmecky mluv\u00edc\u00edm sv\u011bt\u011b m\u016f\u017ee z\u00fa\u010dastnit. Toto je ta \u010dist\u00e1 \u201enen\u00e1vist na internetu\u201c, o kter\u00e9 levi\u010d\u00e1ci tolik mluv\u00ed, proto\u017ee ji \u017eij\u00ed den co den a proto\u017ee nen\u00e1vist je jejich jedin\u00fdm referen\u010dn\u00edm syst\u00e9mem na tomto sv\u011bt\u011b.<\/span><\/p>\n<figure class=\"wp-block-embed is-type-rich is-provider-twitter wp-block-embed-twitter\">\n<div class=\"wp-block-embed__wrapper\">\n<div class=\"twitter-tweet twitter-tweet-rendered\"><iframe id=\"twitter-widget-0\" class=\"\" title=\"X P\u0159\u00edsp\u011bvek\" src=\"https:\/\/platform.twitter.com\/embed\/Tweet.html?dnt=true&amp;embedId=twitter-widget-0&amp;features=eyJ0ZndfdGltZWxpbmVfbGlzdCI6eyJidWNrZXQiOltdLCJ2ZXJzaW9uIjpudWxsfSwidGZ3X2ZvbGxvd2VyX2NvdW50X3N1bnNldCI6eyJidWNrZXQiOnRydWUsInZlcnNpb24iOm51bGx9LCJ0ZndfdHdlZXRfZWRpdF9iYWNrZW5kIjp7ImJ1Y2tldCI6Im9uIiwidmVyc2lvbiI6bnVsbH0sInRmd19yZWZzcmNfc2Vzc2lvbiI6eyJidWNrZXQiOiJvbiIsInZlcnNpb24iOm51bGx9LCJ0ZndfZm9zbnJfc29mdF9pbnRlcnZlbnRpb25zX2VuYWJsZWQiOnsiYnVja2V0Ijoib24iLCJ2ZXJzaW9uIjpudWxsfSwidGZ3X21peGVkX21lZGlhXzE1ODk3Ijp7ImJ1Y2tldCI6InRyZWF0bWVudCIsInZlcnNpb24iOm51bGx9LCJ0ZndfZXhwZXJpbWVudHNfY29va2llX2V4cGlyYXRpb24iOnsiYnVja2V0IjoxMjA5NjAwLCJ2ZXJzaW9uIjpudWxsfSwidGZ3X3Nob3dfYmlyZHdhdGNoX3Bpdm90c19lbmFibGVkIjp7ImJ1Y2tldCI6Im9uIiwidmVyc2lvbiI6bnVsbH0sInRmd19kdXBsaWNhdGVfc2NyaWJlc190b19zZXR0aW5ncyI6eyJidWNrZXQiOiJvbiIsInZlcnNpb24iOm51bGx9LCJ0ZndfdXNlX3Byb2ZpbGVfaW1hZ2Vfc2hhcGVfZW5hYmxlZCI6eyJidWNrZXQiOiJvbiIsInZlcnNpb24iOm51bGx9LCJ0ZndfdmlkZW9faGxzX2R5bmFtaWNfbWFuaWZlc3RzXzE1MDgyIjp7ImJ1Y2tldCI6InRydWVfYml0cmF0ZSIsInZlcnNpb24iOm51bGx9LCJ0ZndfbGVnYWN5X3RpbWVsaW5lX3N1bnNldCI6eyJidWNrZXQiOnRydWUsInZlcnNpb24iOm51bGx9LCJ0ZndfdHdlZXRfZWRpdF9mcm9udGVuZCI6eyJidWNrZXQiOiJvbiIsInZlcnNpb24iOm51bGx9fQ%3D%3D&amp;frame=false&amp;hideCard=false&amp;hideThread=false&amp;id=1981648603648036931&amp;lang=cs&amp;origin=https%3A%2F%2Freport24.news%2Fwegen-bild-eines-weihnachtsmarktes-hinter-beton-und-polizei-linke-drehen-komplett-durch%2F&amp;sessionId=47b41f525709081ba92d07411faaef33e87a6e95&amp;theme=light&amp;widgetsVersion=2615f7e52b7e0%3A1702314776716&amp;width=550px\" frameborder=\"0\" scrolling=\"no\" allowfullscreen=\"allowfullscreen\" data-tweet-id=\"1981648603648036931\" data-mce-fragment=\"1\"><\/iframe><\/div>\n<\/div>\n<\/figure>\n<p><span dir=\"auto\">Obr\u00e1zek se poprv\u00e9 objevil na Facebooku, kde si ho v\u0161iml Machl. Tam byl sd\u00edlen s tvrzen\u00edm, \u017ee zobrazuje skute\u010dn\u00fd trh v Bruselu \u2013 tvrzen\u00ed, kter\u00e9 se uk\u00e1zalo jako nepravdiv\u00e9. Ani pozd\u011bj\u0161\u00ed tvrzen\u00ed na X, \u017ee zobrazuje st\u00e1tn\u00ed n\u00e1v\u0161t\u011bvu Obamy u Merkelov\u00e9, se nepoda\u0159ilo potvrdit. Detaily na obr\u00e1zku sp\u00ed\u0161e nazna\u010duj\u00ed, \u017ee se mus\u00ed jednat o sc\u00e9nu generovanou um\u011blou inteligenc\u00ed.<\/span><\/p>\n<p><span dir=\"auto\">Levice m\u00e1 zjevn\u011b obrovsk\u00fd probl\u00e9m s t\u00edm, \u017ee j\u00ed jsou ukazov\u00e1ny hrozn\u00e9 d\u016fsledky jej\u00edch \u010din\u016f. Sv\u00e9 pop\u00edr\u00e1n\u00ed reality si op\u011bt kompenzuj\u00ed hn\u011bvem, ur\u00e1\u017ekami a hrozbami n\u00e1sil\u00edm. Kdyby m\u011bl Florian Machl stejn\u00fd charakter jako Sebastian Bohrn Mena a dal\u0161\u00ed profesion\u00e1ln\u00ed \u017ealobci, mohl by pravd\u011bpodobn\u011b financovat sv\u00e9 projekty po cel\u00e1 l\u00e9ta prost\u0159ednictv\u00edm \u017ealob o pomluvu. Ale o to nem\u00e1 z\u00e1jem (Report24 v\u017edy r\u00e1d\u00a0<\/span><a href=\"https:\/\/report24.news\/unterstuetzen\"><span dir=\"auto\">p\u0159ij\u00edm\u00e1 dobrovoln\u00e9 dary\u00a0<\/span><\/a><a href=\"https:\/\/report24.news\/unterstuetzen\" target=\"_blank\" rel=\"noreferrer noopener\"><span dir=\"auto\">https:\/\/report24.news\/unterstuetzen<\/span><\/a><span dir=\"auto\"> ).<\/span><\/p>\n<p><span dir=\"auto\">Poukazuje na to, \u017ee tou\u017e\u00ed po \u201estar\u00e9m norm\u00e1lu\u201c, bezpe\u010dn\u00fdch zem\u00edch v Evrop\u011b, kde by se nikdo nemusel b\u00e1t n\u00e1hodn\u00e9 vra\u017edy teroristy \u2013 ale kde by pod\u00edl cizinc\u016f byl z\u00e1rove\u0148 v rozmez\u00ed, kter\u00e9 by spole\u010dnost st\u00e1le dok\u00e1zala zvl\u00e1dnout. Vzestup isl\u00e1mu nepochybn\u011b vedl tak\u00e9 k z\u00e1plav\u011b n\u00e1siln\u00fdch islamist\u016f, kte\u0159\u00ed se sna\u017e\u00ed v Evrop\u011b napl\u0148ovat svou teroristickou ideologii.<\/span><\/p>\n<p><span dir=\"auto\">Pot\u00e9, co Machl prok\u00e1zal, \u017ee ho levicov\u00e1 nen\u00e1vist neovliv\u0148uje, zve\u0159ejnil obr\u00e1zek se stejn\u00fdm popiskem na Facebooku jako soci\u00e1ln\u00ed experiment. Tam jej aktu\u00e1ln\u011b vid\u011blo p\u0159es 200 000 lid\u00ed \u2013 zaj\u00edmav\u00e9 je, \u017ee zat\u00edm bez levicov\u011b extremistick\u00e9 \u201estormstormu\u201c. Levice v\u0161ak chce opustit X a kolektivn\u011b p\u0159ej\u00edt na \u201eBluesky\u201c, proto\u017ee na X se \u0161\u00ed\u0159\u00ed p\u0159\u00edli\u0161 mnoho nen\u00e1visti a dezinformac\u00ed. Jak u\u017e to tak \u010dasto b\u00fdv\u00e1, kdy\u017e jsou do toho zapojeni levi\u010d\u00e1ci, realita je zcela jin\u00e1.<\/span><\/p>\n<p><span dir=\"auto\">Krom\u011b hrozby islamismu se v posledn\u00edch letech odehr\u00e1lo dal\u0161\u00ed spiknut\u00ed, kter\u00e9 vedlo k ozbrojen\u00fdm bezpe\u010dnostn\u00edm slo\u017ek\u00e1m na v\u00e1no\u010dn\u00edch trz\u00edch. Obzvl\u00e1\u0161t\u011b odpudiv\u00e9 to bylo na v\u00edde\u0148sk\u00e9m n\u00e1m\u011bst\u00ed Rathausplatz. V r\u00e1mci koronavirov\u00e9ho cirkusu byly v\u00e1no\u010dn\u00ed trhy obehn\u00e1ny betonem a ploty a \u201echr\u00e1n\u011bny\u201c ve\u0159ejn\u00fdmi i soukrom\u00fdmi bezpe\u010dnostn\u00edmi pracovn\u00edky ozbrojen\u00fdmi st\u0159eln\u00fdmi zbran\u011bmi. Lid\u00e9 se b\u00e1li \u201eneo\u010dkovan\u00fdch\u201c \u2013 a spiknut\u00ed, jeho\u017e c\u00edlem bylo p\u0159im\u011bt co nejv\u00edce lid\u00ed k o\u010dkov\u00e1n\u00ed mRNA, bylo provedeno se v\u0161\u00ed vervou.<\/span><\/p>\n<p><img decoding=\"async\" loading=\"lazy\" class=\"alignnone size-full wp-image-1185\" src=\"http:\/\/www.infokuryr.cz\/n\/wp-content\/uploads\/2021\/04\/kuryr-podpis.png\" alt=\"\" width=\"84\" height=\"24\" \/><\/p>\n<p>&nbsp;<\/p>\n","protected":false},"excerpt":{"rendered":"<p>T\u011b\u017eko se najde lep\u0161\u00ed symbol ne\u00fasp\u011b\u0161n\u00e9 migra\u010dn\u00ed politiky ne\u017e stav k\u0159es\u0165ansk\u00fdch v\u00e1no\u010dn\u00edch trh\u016f v z\u00e1padn\u00ed&#8230;<\/p>\n","protected":false},"author":2,"featured_media":90693,"comment_status":"closed","ping_status":"closed","sticky":false,"template":"","format":"standard","meta":[],"categories":[7],"tags":[119,84,8345],"_links":{"self":[{"href":"https:\/\/www.infokuryr.cz\/n\/wp-json\/wp\/v2\/posts\/90692"}],"collection":[{"href":"https:\/\/www.infokuryr.cz\/n\/wp-json\/wp\/v2\/posts"}],"about":[{"href":"https:\/\/www.infokuryr.cz\/n\/wp-json\/wp\/v2\/types\/post"}],"author":[{"embeddable":true,"href":"https:\/\/www.infokuryr.cz\/n\/wp-json\/wp\/v2\/users\/2"}],"replies":[{"embeddable":true,"href":"https:\/\/www.infokuryr.cz\/n\/wp-json\/wp\/v2\/comments?post=90692"}],"version-history":[{"count":0,"href":"https:\/\/www.infokuryr.cz\/n\/wp-json\/wp\/v2\/posts\/90692\/revisions"}],"wp:featuredmedia":[{"embeddable":true,"href":"https:\/\/www.infokuryr.cz\/n\/wp-json\/wp\/v2\/media\/90693"}],"wp:attachment":[{"href":"https:\/\/www.infokuryr.cz\/n\/wp-json\/wp\/v2\/media?parent=90692"}],"wp:term":[{"taxonomy":"category","embeddable":true,"href":"https:\/\/www.infokuryr.cz\/n\/wp-json\/wp\/v2\/categories?post=90692"},{"taxonomy":"post_tag","embeddable":true,"href":"https:\/\/www.infokuryr.cz\/n\/wp-json\/wp\/v2\/tags?post=90692"}],"curies":[{"name":"wp","href":"https:\/\/api.w.org\/{rel}","templated":true}]}}