{"id":90688,"date":"2025-10-27T00:15:12","date_gmt":"2025-10-26T23:15:12","guid":{"rendered":"https:\/\/www.infokuryr.cz\/n\/?p=90688"},"modified":"2025-10-26T14:31:54","modified_gmt":"2025-10-26T13:31:54","slug":"nova-studie-zjistila-ze-co2-jako-hlavni-pricinou-globalniho-oteplovani-je-fyzicky-nemozne","status":"publish","type":"post","link":"https:\/\/www.infokuryr.cz\/n\/2025\/10\/27\/nova-studie-zjistila-ze-co2-jako-hlavni-pricinou-globalniho-oteplovani-je-fyzicky-nemozne\/","title":{"rendered":"Nov\u00e1 studie zjistila, \u017ee CO2 jako hlavn\u00ed p\u0159\u00ed\u010dinou glob\u00e1ln\u00edho oteplov\u00e1n\u00ed je \u201efyzicky nemo\u017en\u00e9\u201c"},"content":{"rendered":"<div id=\"fb-root\"><\/div>\n<p><strong><span dir=\"auto\">Abychom si uv\u011bdomili, \u017ee stopov\u00fd plyn CO2 jednodu\u0161e nem\u016f\u017ee b\u00fdt hlavn\u00edm hybatelem klimatick\u00fdch zm\u011bn, sta\u010d\u00ed se pod\u00edvat na fyziku. Nov\u00e1 studie vyu\u017e\u00edv\u00e1 st\u0159\u00edzliv\u00e1 data k demonstraci, pro\u010d se fanatici nulov\u00fdch \u010dist\u00fdch emis\u00ed tak z\u00e1sadn\u011b m\u00fdl\u00ed.<\/span><\/strong><\/p>\n<p><span dir=\"auto\">Politici, klimati\u010dt\u00ed fanatici a televizn\u00ed v\u00fdzkumn\u00edci n\u00e1m po cel\u00e1 desetilet\u00ed \u0159\u00edkaj\u00ed, \u017ee klima z\u00e1vis\u00ed na CO2. Stopov\u00fd plyn, kter\u00fd tvo\u0159\u00ed pouh\u00fdch 0,04 procenta atmosf\u00e9ry, n\u00e1hle zah\u0159\u00edv\u00e1 celou Zemi, va\u0159\u00ed oce\u00e1ny a naru\u0161uje po\u010das\u00ed. Je to m\u00fdtus, kter\u00fd p\u0159etrv\u00e1v\u00e1 jen proto, \u017ee na n\u011bm z\u00e1vis\u00ed miliardy financ\u00ed a cel\u00e9 politick\u00e9 kari\u00e9ry. Nov\u00e1 studie fyzika Ada Huijsera, publikovan\u00e1 v \u010dasopise Science of Climate Change, s n\u00e1zvem \u201e\u00a0<\/span><a href=\"https:\/\/scienceofclimatechange.org\/wp-content\/uploads\/SCC-Vol5.3-Huijser-Balancing-Act.pdf\"><span dir=\"auto\">Glob\u00e1ln\u00ed oteplov\u00e1n\u00ed a \u201enemo\u017en\u00e1\u201c radia\u010dn\u00ed nerovnov\u00e1ha<\/span><\/a><span dir=\"auto\"> \u201c, v\u0161ak bo\u0159\u00ed ve\u0161ker\u00e1 klimatick\u00e1 dogma o oxidu uhli\u010dit\u00e9m \u2013 a d\u011bl\u00e1 to pomoc\u00ed chladn\u00e9 fyziky a nepohodln\u00fdch \u010d\u00edsel.<\/span><\/p>\n<p><span dir=\"auto\">Huijser ukazuje, \u017ee je prost\u011b nemo\u017en\u00e9, aby byl CO2 prim\u00e1rn\u00edm faktorem glob\u00e1ln\u00edho oteplov\u00e1n\u00ed. K \u00fadajn\u00e9mu oteplov\u00e1n\u00ed planety stejn\u011b doch\u00e1z\u00ed t\u00e9m\u011b\u0159 v\u00fdhradn\u011b v oce\u00e1nech \u2013 93 procent pozorovan\u00e9ho n\u00e1r\u016fstu energie je ve vod\u011b, nikoli ve vzduchu nebo na zemsk\u00e9m povrchu (\u00a0<\/span><a href=\"https:\/\/report24.news\/warum-kontinentale-temperaturen-das-narrativ-der-globalen-erwaermung-infrage-stellen\/\"><span dir=\"auto\">viz tak\u00e9 na\u0161i zpr\u00e1vu zde<\/span><\/a><span dir=\"auto\">\u00a0). \u201eGlob\u00e1ln\u00ed oteplov\u00e1n\u00ed\u201c, kter\u00e9 je hystericky prezentov\u00e1no v meteorologick\u00fdch zpr\u00e1v\u00e1ch, je tedy v podstat\u011b oce\u00e1nsk\u00fd jev. A pr\u00e1v\u011b zde se jasn\u011b ukazuje, \u017ee teplotn\u00ed trendy nijak nesleduj\u00ed line\u00e1rn\u00ed n\u00e1r\u016fst CO2, ale prudce vyskakuj\u00ed \u2013 n\u011bkdy nahoru, n\u011bkdy dol\u016f, n\u011bkdy v\u016fbec ne.<\/span><\/p>\n<p><span dir=\"auto\">Nap\u0159\u00edklad mezi lety 1963 a 1970 se syst\u00e9m znateln\u011b ochladil; mezi lety 1970 a 1980 se v\u00fdrazn\u011b oteplil; pot\u00e9 byl t\u00e9m\u011b\u0159 v dokonal\u00e9 rovnov\u00e1ze. Oce\u00e1ny tedy nereaguj\u00ed na neust\u00e1le rostouc\u00ed hladiny CO2, ale sp\u00ed\u0161e na p\u0159irozen\u00e9 v\u00fdkyvy v radia\u010dn\u00ed bilanci. Huijser je naz\u00fdv\u00e1 jejich jm\u00e9ny: zm\u011bny slune\u010dn\u00edho z\u00e1\u0159en\u00ed zp\u016fsoben\u00e9 obla\u010dnost\u00ed a hladinou aerosol\u016f. V\u00edce slunce, m\u00e9n\u011b mrak\u016f \u2013 v\u00edce energie. M\u00e9n\u011b slunce, v\u00edce mrak\u016f \u2013 ochlazov\u00e1n\u00ed. \u017d\u00e1dn\u00e1 magie, \u017e\u00e1dn\u00fd \u201ebod zlomu\u201c, jen jednoduch\u00e1 termodynamika.<\/span><\/p>\n<p><span dir=\"auto\">N\u011bkolik dal\u0161\u00edch molekul CO2 v atmosf\u00e9\u0159e nem\u016f\u017ee spustit n\u00e1hl\u00e9 f\u00e1ze oteplov\u00e1n\u00ed a ochlazov\u00e1n\u00ed. Skute\u010dnou hnac\u00ed silou je dynamika oblak\u016f a z\u00e1\u0159en\u00ed, nikoli dodate\u010dn\u00fd oxid uhli\u010dit\u00fd. A p\u0159esn\u011b to ukazuje Huijserova anal\u00fdza satelitn\u00edch dat od roku 2000 a m\u011b\u0159en\u00ed oce\u00e1n\u016f z programu ARGO od roku 2004: Zem\u011b se otepluje, kdy\u017e p\u0159ij\u00edm\u00e1 v\u00edce slune\u010dn\u00edho z\u00e1\u0159en\u00ed \u2013 te\u010dka.<\/span><\/p>\n<p><span dir=\"auto\">Podle toho jsou asi t\u0159i \u010dtvrtiny n\u00e1r\u016fstu teploty oce\u00e1n\u016f od 50. let 20. stolet\u00ed p\u0159irozen\u00e9. Zb\u00fdvaj\u00edc\u00ed \u010dtvrtina by se dala velkoryse p\u0159ipsat sklen\u00edkov\u00fdm plyn\u016fm \u2013 pokud si to \u010dlov\u011bk p\u0159eje. Ale i to je nejist\u00e9.\u00a0<\/span><a href=\"https:\/\/report24.news\/weitere-studie-bestaetigt-fehlende-wolkenbildung-als-erwaermungsgrund\/\"><span dir=\"auto\">\u010cist\u0161\u00ed vzduch tak\u00e9 vede k men\u0161\u00edmu mno\u017estv\u00ed aerosol\u016f, a tedy k men\u0161\u00ed tvorb\u011b mrak\u016f<\/span><\/a><span dir=\"auto\"> . \u010casto citovan\u00e9 klimatick\u00e9 modely, na nich\u017e se Mezivl\u00e1dn\u00ed panel pro zm\u011bnu klimatu (IPCC) spol\u00e9h\u00e1, \u200b\u200bmasivn\u011b zveli\u010duj\u00ed vliv CO2 a systematicky ignoruj\u00ed p\u0159\u00edrodn\u00ed vlivy. Chovaj\u00ed se, jako by slunce bylo statick\u00fdm faktorem pozad\u00ed \u2013 co\u017e nen\u00ed pravda.<\/span><\/p>\n<p><span dir=\"auto\">Energie Zem\u011b zna\u010dn\u011b kol\u00eds\u00e1 \u2013 n\u011bkdy s kladnou, n\u011bkdy s z\u00e1pornou radia\u010dn\u00ed bilanc\u00ed. Takzvan\u00e9 antropogenn\u00ed ovliv\u0148ov\u00e1n\u00ed CO2 se naproti tomu t\u00e9m\u011b\u0159 rovnom\u011brn\u011b zvy\u0161uje. Tyto dv\u011b v\u011bci do sebe prost\u011b nezapadaj\u00ed. Pokud toky energie kol\u00edsaj\u00ed tak prudce, nemohou b\u00fdt spu\u0161t\u011bny rovnom\u011brn\u011b rostouc\u00edm stopov\u00fdm plynem. M\u00edsto toho, aby klimatick\u00e9 instituty a m\u00e9dia tyto skute\u010dnosti uznaly, lp\u00ed na sv\u00e9m narativu jako tonouc\u00ed na z\u00e1chrann\u00e9m kruhu. Jejich osobn\u00ed z\u00e1jmy jsou p\u0159\u00edli\u0161 velk\u00e9 a jejich politick\u00e1 investice do m\u00fdtu o \u201eklimatick\u00fdch zm\u011bn\u00e1ch zp\u016fsoben\u00fdch \u010dlov\u011bkem\u201c je p\u0159\u00edli\u0161 hlubok\u00e1. Cel\u00e1 odv\u011btv\u00ed nyn\u00ed na tomto narativu vzkv\u00e9taj\u00ed \u2013 od obchodu s certifik\u00e1ty CO2 a\u017e po dota\u010dn\u00ed bublinu \u201eobnoviteln\u00fdch energi\u00ed\u201c zombie spole\u010dnost\u00ed.<\/span><\/p>\n<p><span dir=\"auto\">Huijser z toho vyvozuje logick\u00fd z\u00e1v\u011br: Pokud je v\u011bt\u0161ina oteplov\u00e1n\u00ed zp\u016fsobena p\u0159\u00edrodn\u00edmi procesy, pak je citlivost klimatu \u2013 tedy zm\u011bna teploty na zdvojn\u00e1soben\u00ed CO2 \u2013 tak\u00e9 mnohem ni\u017e\u0161\u00ed, ne\u017e se tvrd\u00ed. To znamen\u00e1 \u017e\u00e1dnou katastrofu, \u017e\u00e1dn\u00e9 body zlomu, \u017e\u00e1dnou apokalypsu. Pouze m\u00edrn\u011b kol\u00edsav\u00fd klimatick\u00fd syst\u00e9m, kter\u00fd reaguje na slune\u010dn\u00ed cykly, tvorbu mrak\u016f a zm\u011bny aerosol\u016f \u2013 jak je norm\u00e1ln\u00ed po des\u00edtky milion\u016f let. Huijser to \u0159\u00edk\u00e1 st\u0159\u00edzliv\u011b: P\u0159irozen\u00e9 v\u00fdkyvy slune\u010dn\u00edho z\u00e1\u0159en\u00ed vysv\u011btluj\u00ed oteplov\u00e1n\u00ed mnohem l\u00e9pe ne\u017e jak\u00fdkoli model CO2. Zbytek je propaganda.<\/span><\/p>\n<p><img decoding=\"async\" loading=\"lazy\" class=\"alignnone size-full wp-image-1185\" src=\"http:\/\/www.infokuryr.cz\/n\/wp-content\/uploads\/2021\/04\/kuryr-podpis.png\" alt=\"\" width=\"84\" height=\"24\" \/><\/p>\n<p>&nbsp;<\/p>\n","protected":false},"excerpt":{"rendered":"<p>Abychom si uv\u011bdomili, \u017ee stopov\u00fd plyn CO2 jednodu\u0161e nem\u016f\u017ee b\u00fdt hlavn\u00edm hybatelem klimatick\u00fdch zm\u011bn, sta\u010d\u00ed&#8230;<\/p>\n","protected":false},"author":2,"featured_media":90689,"comment_status":"closed","ping_status":"closed","sticky":false,"template":"","format":"standard","meta":[],"categories":[7],"tags":[2692,1100,497,839],"_links":{"self":[{"href":"https:\/\/www.infokuryr.cz\/n\/wp-json\/wp\/v2\/posts\/90688"}],"collection":[{"href":"https:\/\/www.infokuryr.cz\/n\/wp-json\/wp\/v2\/posts"}],"about":[{"href":"https:\/\/www.infokuryr.cz\/n\/wp-json\/wp\/v2\/types\/post"}],"author":[{"embeddable":true,"href":"https:\/\/www.infokuryr.cz\/n\/wp-json\/wp\/v2\/users\/2"}],"replies":[{"embeddable":true,"href":"https:\/\/www.infokuryr.cz\/n\/wp-json\/wp\/v2\/comments?post=90688"}],"version-history":[{"count":0,"href":"https:\/\/www.infokuryr.cz\/n\/wp-json\/wp\/v2\/posts\/90688\/revisions"}],"wp:featuredmedia":[{"embeddable":true,"href":"https:\/\/www.infokuryr.cz\/n\/wp-json\/wp\/v2\/media\/90689"}],"wp:attachment":[{"href":"https:\/\/www.infokuryr.cz\/n\/wp-json\/wp\/v2\/media?parent=90688"}],"wp:term":[{"taxonomy":"category","embeddable":true,"href":"https:\/\/www.infokuryr.cz\/n\/wp-json\/wp\/v2\/categories?post=90688"},{"taxonomy":"post_tag","embeddable":true,"href":"https:\/\/www.infokuryr.cz\/n\/wp-json\/wp\/v2\/tags?post=90688"}],"curies":[{"name":"wp","href":"https:\/\/api.w.org\/{rel}","templated":true}]}}