{"id":90687,"date":"2025-10-27T00:14:57","date_gmt":"2025-10-26T23:14:57","guid":{"rendered":"https:\/\/www.infokuryr.cz\/n\/?p=90687"},"modified":"2025-10-26T14:29:27","modified_gmt":"2025-10-26T13:29:27","slug":"svedsko-znasilneni-bylo-prilis-kratke-pro-deportaci-spravedlnost-chrani-pachatele-nikoli-obeti","status":"publish","type":"post","link":"https:\/\/www.infokuryr.cz\/n\/2025\/10\/27\/svedsko-znasilneni-bylo-prilis-kratke-pro-deportaci-spravedlnost-chrani-pachatele-nikoli-obeti\/","title":{"rendered":"\u0160v\u00e9dsko: Zn\u00e1siln\u011bn\u00ed bylo \u201ep\u0159\u00edli\u0161 kr\u00e1tk\u00e9\u201c pro deportaci \u2013 Spravedlnost chr\u00e1n\u00ed pachatele, nikoli ob\u011bti"},"content":{"rendered":"<div id=\"fb-root\"><\/div>\n<p><strong><span dir=\"auto\">Jak dlouho mus\u00ed b\u00fdt \u0161estn\u00e1ctilet\u00e1 \u0161v\u00e9dsk\u00e1 d\u00edvka zn\u00e1siln\u011bna \u017eadatelem o azyl z Eritreje, ne\u017e je shled\u00e1n hodn\u00fdm deportace? P\u011bt minut, p\u011bt hodin, mo\u017en\u00e1 p\u011bt dn\u00ed? \u0160v\u00e9dsk\u00fd syst\u00e9m spravedlnosti u\u017e s pr\u00e1vn\u00edm st\u00e1tem moc spole\u010dn\u00e9ho nem\u00e1.<\/span><\/strong><\/p>\n<p><span dir=\"auto\">Zem\u011b, kter\u00e1 se ozna\u010duje za \u201ehumanistickou\u201c, si zjevn\u011b vyhrazuje svou lidskost pouze pro importovan\u00e9 n\u00e1siln\u00e9 zlo\u010dince.\u00a0<\/span><a href=\"https:\/\/www.norran.se\/story-nyheter\/skelleftea\/artikel\/meya-17-om-valdtakten-vid-gangtunneln-kommer-alltid-paverkas\/r24y1kxj\"><span dir=\"auto\">P\u0159\u00edpad \u0161estn\u00e1ctilet\u00e9 Meyi \u00c5bergov\u00e9<\/span><\/a><span dir=\"auto\"> ze Skellefte\u00e5 je fackou v\u0161em, kte\u0159\u00ed v t\u00e9to skandin\u00e1vsk\u00e9 zemi, prostoupen\u00e9 levicov\u00fdm, probuzen\u00fdm duchem, st\u00e1le v\u011b\u0159\u00ed v pr\u00e1vo a spravedlnost. Cestou z pr\u00e1ce dom\u016f byla brut\u00e1ln\u011b zn\u00e1siln\u011bna \u2013 takzvan\u00fdm \u201euprchl\u00edkem\u201c z Eritreje. \u0160v\u00e9dsk\u00e1 justice v\u0161ak rozhodla, \u017ee sexu\u00e1ln\u00ed napaden\u00ed \u201enetrvalo dostate\u010dn\u011b dlouho\u201c, aby ospravedlnilo deportaci.<\/span><\/p>\n<figure class=\"wp-block-embed is-type-rich is-provider-twitter wp-block-embed-twitter\">\n<div class=\"wp-block-embed__wrapper\">\n<div class=\"twitter-tweet twitter-tweet-rendered\"><iframe id=\"twitter-widget-0\" class=\"\" title=\"X P\u0159\u00edsp\u011bvek\" src=\"https:\/\/platform.twitter.com\/embed\/Tweet.html?dnt=true&amp;embedId=twitter-widget-0&amp;features=eyJ0ZndfdGltZWxpbmVfbGlzdCI6eyJidWNrZXQiOltdLCJ2ZXJzaW9uIjpudWxsfSwidGZ3X2ZvbGxvd2VyX2NvdW50X3N1bnNldCI6eyJidWNrZXQiOnRydWUsInZlcnNpb24iOm51bGx9LCJ0ZndfdHdlZXRfZWRpdF9iYWNrZW5kIjp7ImJ1Y2tldCI6Im9uIiwidmVyc2lvbiI6bnVsbH0sInRmd19yZWZzcmNfc2Vzc2lvbiI6eyJidWNrZXQiOiJvbiIsInZlcnNpb24iOm51bGx9LCJ0ZndfZm9zbnJfc29mdF9pbnRlcnZlbnRpb25zX2VuYWJsZWQiOnsiYnVja2V0Ijoib24iLCJ2ZXJzaW9uIjpudWxsfSwidGZ3X21peGVkX21lZGlhXzE1ODk3Ijp7ImJ1Y2tldCI6InRyZWF0bWVudCIsInZlcnNpb24iOm51bGx9LCJ0ZndfZXhwZXJpbWVudHNfY29va2llX2V4cGlyYXRpb24iOnsiYnVja2V0IjoxMjA5NjAwLCJ2ZXJzaW9uIjpudWxsfSwidGZ3X3Nob3dfYmlyZHdhdGNoX3Bpdm90c19lbmFibGVkIjp7ImJ1Y2tldCI6Im9uIiwidmVyc2lvbiI6bnVsbH0sInRmd19kdXBsaWNhdGVfc2NyaWJlc190b19zZXR0aW5ncyI6eyJidWNrZXQiOiJvbiIsInZlcnNpb24iOm51bGx9LCJ0ZndfdXNlX3Byb2ZpbGVfaW1hZ2Vfc2hhcGVfZW5hYmxlZCI6eyJidWNrZXQiOiJvbiIsInZlcnNpb24iOm51bGx9LCJ0ZndfdmlkZW9faGxzX2R5bmFtaWNfbWFuaWZlc3RzXzE1MDgyIjp7ImJ1Y2tldCI6InRydWVfYml0cmF0ZSIsInZlcnNpb24iOm51bGx9LCJ0ZndfbGVnYWN5X3RpbWVsaW5lX3N1bnNldCI6eyJidWNrZXQiOnRydWUsInZlcnNpb24iOm51bGx9LCJ0ZndfdHdlZXRfZWRpdF9mcm9udGVuZCI6eyJidWNrZXQiOiJvbiIsInZlcnNpb24iOm51bGx9fQ%3D%3D&amp;frame=false&amp;hideCard=false&amp;hideThread=false&amp;id=1981410112678805911&amp;lang=cs&amp;origin=https%3A%2F%2Freport24.news%2Fschweden-vergewaltigung-war-zu-kurz-fuer-abschiebung-justiz-schuetzt-taeter-nicht-opfer%2F&amp;sessionId=b32ce09344e7ba61b9b3fb10295366bfe9051722&amp;theme=light&amp;widgetsVersion=2615f7e52b7e0%3A1702314776716&amp;width=550px\" frameborder=\"0\" scrolling=\"no\" allowfullscreen=\"allowfullscreen\" data-tweet-id=\"1981410112678805911\" data-mce-fragment=\"1\"><\/iframe><\/div>\n<\/div>\n<\/figure>\n<p><span dir=\"auto\">Meya, teenagerka, kter\u00e1 se po pozdn\u00ed sm\u011bn\u011b v McDonald&#8217;s cht\u011bla jen vr\u00e1tit dom\u016f, byla v z\u00e1\u0159\u00ed 2024 napadena Yaziedem Mohamedem. Mlad\u00fd Afri\u010dan j\u00ed vytrhl mobiln\u00ed telefon, dr\u017eel ji na zemi, zn\u00e1silnil ji \u2013 a zanechal ji traumatizovanou. \u201eNen\u00e1vid\u00edm ho. Zni\u010dil m\u011b,\u201c \u0159ekla pozd\u011bji v rozhovoru. Jej\u00ed slova popisuj\u00ed to, na co \u0161v\u00e9dsk\u00fd justi\u010dn\u00ed syst\u00e9m u\u017e d\u00e1vno zapomn\u011bl: soucit s ob\u011b\u0165mi takov\u00fdch brut\u00e1ln\u00edch sexu\u00e1ln\u00edch delikvent\u016f.<\/span><\/p>\n<p><span dir=\"auto\">Zat\u00edmco Meya se d\u011bsila dal\u0161\u00edho setk\u00e1n\u00ed se sv\u00fdm tr\u00fdznitelem, st\u00e1t neud\u011blal nic pro jej\u00ed ochranu. Naopak: Po \u010dinu se s n\u00edm musela setkat n\u011bkolikr\u00e1t \u2013 ve \u0161kole, na ulici, dokonce i v pr\u00e1ci. On, n\u00e1siln\u00edk, se mohl voln\u011b pohybovat. Ona, ob\u011b\u0165, se ze strachu schov\u00e1vala na toalet\u00e1ch, nakonec \u0161kolu opustila a ztratila pocit bezpe\u010d\u00ed.<\/span><\/p>\n<figure class=\"wp-block-embed is-type-rich is-provider-twitter wp-block-embed-twitter\">\n<div class=\"wp-block-embed__wrapper\">\n<div class=\"twitter-tweet twitter-tweet-rendered\"><iframe id=\"twitter-widget-1\" class=\"\" title=\"X P\u0159\u00edsp\u011bvek\" src=\"https:\/\/platform.twitter.com\/embed\/Tweet.html?dnt=true&amp;embedId=twitter-widget-1&amp;features=eyJ0ZndfdGltZWxpbmVfbGlzdCI6eyJidWNrZXQiOltdLCJ2ZXJzaW9uIjpudWxsfSwidGZ3X2ZvbGxvd2VyX2NvdW50X3N1bnNldCI6eyJidWNrZXQiOnRydWUsInZlcnNpb24iOm51bGx9LCJ0ZndfdHdlZXRfZWRpdF9iYWNrZW5kIjp7ImJ1Y2tldCI6Im9uIiwidmVyc2lvbiI6bnVsbH0sInRmd19yZWZzcmNfc2Vzc2lvbiI6eyJidWNrZXQiOiJvbiIsInZlcnNpb24iOm51bGx9LCJ0ZndfZm9zbnJfc29mdF9pbnRlcnZlbnRpb25zX2VuYWJsZWQiOnsiYnVja2V0Ijoib24iLCJ2ZXJzaW9uIjpudWxsfSwidGZ3X21peGVkX21lZGlhXzE1ODk3Ijp7ImJ1Y2tldCI6InRyZWF0bWVudCIsInZlcnNpb24iOm51bGx9LCJ0ZndfZXhwZXJpbWVudHNfY29va2llX2V4cGlyYXRpb24iOnsiYnVja2V0IjoxMjA5NjAwLCJ2ZXJzaW9uIjpudWxsfSwidGZ3X3Nob3dfYmlyZHdhdGNoX3Bpdm90c19lbmFibGVkIjp7ImJ1Y2tldCI6Im9uIiwidmVyc2lvbiI6bnVsbH0sInRmd19kdXBsaWNhdGVfc2NyaWJlc190b19zZXR0aW5ncyI6eyJidWNrZXQiOiJvbiIsInZlcnNpb24iOm51bGx9LCJ0ZndfdXNlX3Byb2ZpbGVfaW1hZ2Vfc2hhcGVfZW5hYmxlZCI6eyJidWNrZXQiOiJvbiIsInZlcnNpb24iOm51bGx9LCJ0ZndfdmlkZW9faGxzX2R5bmFtaWNfbWFuaWZlc3RzXzE1MDgyIjp7ImJ1Y2tldCI6InRydWVfYml0cmF0ZSIsInZlcnNpb24iOm51bGx9LCJ0ZndfbGVnYWN5X3RpbWVsaW5lX3N1bnNldCI6eyJidWNrZXQiOnRydWUsInZlcnNpb24iOm51bGx9LCJ0ZndfdHdlZXRfZWRpdF9mcm9udGVuZCI6eyJidWNrZXQiOiJvbiIsInZlcnNpb24iOm51bGx9fQ%3D%3D&amp;frame=false&amp;hideCard=false&amp;hideThread=false&amp;id=1981413897107026394&amp;lang=cs&amp;origin=https%3A%2F%2Freport24.news%2Fschweden-vergewaltigung-war-zu-kurz-fuer-abschiebung-justiz-schuetzt-taeter-nicht-opfer%2F&amp;sessionId=b32ce09344e7ba61b9b3fb10295366bfe9051722&amp;theme=light&amp;widgetsVersion=2615f7e52b7e0%3A1702314776716&amp;width=550px\" frameborder=\"0\" scrolling=\"no\" allowfullscreen=\"allowfullscreen\" data-tweet-id=\"1981413897107026394\" data-mce-fragment=\"1\"><\/iframe><\/div>\n<\/div>\n<\/figure>\n<p><span dir=\"auto\">\u010clov\u011bk by si mohl myslet, \u017ee zem\u011b, kter\u00e1 je st\u00e1le p\u0159i smyslech, by pachatele po odpyk\u00e1n\u00ed trestu alespo\u0148 deportovala. Ale ne v postmodern\u00edm \u0160v\u00e9dsku, kde jsou pachatel\u00e9 p\u0159ehodnoceni jako ob\u011bti, jakmile jim je ud\u011blen \u201estatus uprchl\u00edka\u201c. Soudci Odvolac\u00edho soudu v Horn\u00edm Norrlandu (v\u010detn\u011b p\u0159\u00edsed\u00edc\u00ed Leny Berggrenov\u00e9, \u010dlenky levicov\u011b extremistick\u00e9 strany) ve skute\u010dnosti prohl\u00e1sili, \u017ee trestn\u00fd \u010din byl \u201ez\u00e1va\u017en\u00fd, ale ne dostate\u010dn\u011b z\u00e1va\u017en\u00fd\u201c pro deportaci. Jejich zd\u016fvodn\u011bn\u00ed: Zn\u00e1siln\u011bn\u00ed \u201enetrvalo dostate\u010dn\u011b dlouho\u201c. Jako by d\u00e9lka zn\u00e1siln\u011bn\u00ed ur\u010dovala jeho z\u00e1va\u017enost. Jako by vte\u0159iny ur\u010dovaly trauma, strach a celo\u017eivotn\u00ed emocion\u00e1ln\u00ed jizvy.<\/span><\/p>\n<p><span dir=\"auto\">Tento nepochopiteln\u00fd argument ilustruje mor\u00e1ln\u00ed ba\u017einu, v n\u00ed\u017e se nach\u00e1z\u00ed \u0161v\u00e9dsk\u00fd syst\u00e9m soudnictv\u00ed. Ochrann\u00fd status pachatele p\u0159ev\u00e1\u017eil zni\u010den\u00fd \u017eivot \u0161estn\u00e1ctilet\u00e9 \u0161v\u00e9dsk\u00e9 d\u00edvky. Soudci hovo\u0159ili o \u201eindividu\u00e1ln\u00edm zv\u00e1\u017een\u00ed\u201c a \u201euprchlick\u00e9m pr\u00e1vu\u201c, jako by se jednalo o spr\u00e1vn\u00ed delikt, a nikoli o zn\u00e1siln\u011bn\u00ed nezletil\u00e9 osoby. Pouze jeden soudce, p\u0159\u00edsed\u00edc\u00ed Sammy Lie, projevil p\u00e1te\u0159. Prohl\u00e1sil to, co by si myslel ka\u017ed\u00fd rozumn\u00fd \u010dlov\u011bk: tento trestn\u00fd \u010din byl mimo\u0159\u00e1dn\u011b z\u00e1va\u017en\u00fd, pachatel p\u0159edstavoval hrozbu pro ve\u0159ejnou bezpe\u010dnost a mus\u00ed b\u00fdt deportov\u00e1n. V\u011bt\u0161ina soudc\u016f v\u0161ak rozhodla jinak.<\/span><\/p>\n<p><span dir=\"auto\">Meya byla zn\u00e1siln\u011bna nejen fyzicky, ale i institucion\u00e1ln\u011b \u2013 syst\u00e9mem, kter\u00fd rad\u011bji unik\u00e1 do pr\u00e1vn\u00ed akrobacie, ne\u017e aby \u010delil d\u016fsledk\u016fm sv\u00e9 vlastn\u00ed politiky. Verdikt vys\u00edl\u00e1 vzkaz v\u0161em pachatel\u016fm na cel\u00e9m sv\u011bt\u011b: Ve \u0160v\u00e9dsku m\u016f\u017eete d\u011blat t\u00e9m\u011b\u0159 cokoli \u2013 pokud m\u00e1te spr\u00e1vn\u00e9 z\u00e1zem\u00ed. To, \u017ee byl Mohamed v\u016fbec odsouzen, bylo mo\u017en\u00e9 jen d\u00edky odvolac\u00edmu \u0159\u00edzen\u00ed. Soud prvn\u00edho stupn\u011b ho osvobodil pro nedostatek \u201edostate\u010dn\u00fdch d\u016fkaz\u016f\u201c. Meya naopak musela vyhledat psychiatrickou p\u00e9\u010di a bojuje s panick\u00fdmi atakami, poruchami sp\u00e1nku a depresemi. M\u00edsto ochrany a uzn\u00e1n\u00ed se j\u00ed v\u0161ak dost\u00e1v\u00e1 chladn\u00e9 lhostejnosti syst\u00e9mu ut\u00e1p\u011bj\u00edc\u00edho se ve sv\u00e9m mor\u00e1ln\u00edm uspokojen\u00ed se sou\u010dasn\u00fdm stavem.<\/span><\/p>\n<p><img decoding=\"async\" loading=\"lazy\" class=\"alignnone size-full wp-image-1185\" src=\"http:\/\/www.infokuryr.cz\/n\/wp-content\/uploads\/2021\/04\/kuryr-podpis.png\" alt=\"\" width=\"84\" height=\"24\" \/><\/p>\n<p>&nbsp;<\/p>\n","protected":false},"excerpt":{"rendered":"<p>Jak dlouho mus\u00ed b\u00fdt \u0161estn\u00e1ctilet\u00e1 \u0161v\u00e9dsk\u00e1 d\u00edvka zn\u00e1siln\u011bna \u017eadatelem o azyl z Eritreje, ne\u017e je&#8230;<\/p>\n","protected":false},"author":2,"featured_media":43799,"comment_status":"closed","ping_status":"closed","sticky":false,"template":"","format":"standard","meta":[],"categories":[7],"tags":[7507,1307,9965,366],"_links":{"self":[{"href":"https:\/\/www.infokuryr.cz\/n\/wp-json\/wp\/v2\/posts\/90687"}],"collection":[{"href":"https:\/\/www.infokuryr.cz\/n\/wp-json\/wp\/v2\/posts"}],"about":[{"href":"https:\/\/www.infokuryr.cz\/n\/wp-json\/wp\/v2\/types\/post"}],"author":[{"embeddable":true,"href":"https:\/\/www.infokuryr.cz\/n\/wp-json\/wp\/v2\/users\/2"}],"replies":[{"embeddable":true,"href":"https:\/\/www.infokuryr.cz\/n\/wp-json\/wp\/v2\/comments?post=90687"}],"version-history":[{"count":0,"href":"https:\/\/www.infokuryr.cz\/n\/wp-json\/wp\/v2\/posts\/90687\/revisions"}],"wp:featuredmedia":[{"embeddable":true,"href":"https:\/\/www.infokuryr.cz\/n\/wp-json\/wp\/v2\/media\/43799"}],"wp:attachment":[{"href":"https:\/\/www.infokuryr.cz\/n\/wp-json\/wp\/v2\/media?parent=90687"}],"wp:term":[{"taxonomy":"category","embeddable":true,"href":"https:\/\/www.infokuryr.cz\/n\/wp-json\/wp\/v2\/categories?post=90687"},{"taxonomy":"post_tag","embeddable":true,"href":"https:\/\/www.infokuryr.cz\/n\/wp-json\/wp\/v2\/tags?post=90687"}],"curies":[{"name":"wp","href":"https:\/\/api.w.org\/{rel}","templated":true}]}}