{"id":90679,"date":"2025-10-26T07:08:54","date_gmt":"2025-10-26T06:08:54","guid":{"rendered":"https:\/\/www.infokuryr.cz\/n\/?p=90679"},"modified":"2025-10-26T07:08:54","modified_gmt":"2025-10-26T06:08:54","slug":"kriticka-eu-a-nato-vyhrala-irske-prezidentske-volby","status":"publish","type":"post","link":"https:\/\/www.infokuryr.cz\/n\/2025\/10\/26\/kriticka-eu-a-nato-vyhrala-irske-prezidentske-volby\/","title":{"rendered":"Kriti\u010dka EU a NATO vyhr\u00e1la irsk\u00e9 prezidentsk\u00e9 volby"},"content":{"rendered":"<div id=\"fb-root\"><\/div>\n<h3>Nez\u00e1visl\u00e1 kandid\u00e1tka Catherine Connollyov\u00e1 dlouhodob\u011b odsuzovala snahu Bruselu o navy\u0161ov\u00e1n\u00ed vojensk\u00e9 kapacity<\/h3>\n<p><span dir=\"auto\">Nez\u00e1visl\u00e1 kandid\u00e1tka Catherine Connollyov\u00e1, dlouholet\u00e1 zast\u00e1nkyn\u011b irsk\u00e9 vojensk\u00e9 neutrality a kriti\u010dka roz\u0161i\u0159ov\u00e1n\u00ed NATO a militarizace EU, drtiv\u011b vyhr\u00e1la irsk\u00e9 prezidentsk\u00e9 volby.<\/span><\/p>\n<p><span dir=\"auto\">S\u010d\u00edt\u00e1n\u00ed hlas\u016f st\u00e1le prob\u00edhalo, kdy\u017e Connollyov\u00e9 hlavn\u00ed rivalka Heather Humphreysov\u00e1 uznala por\u00e1\u017eku pot\u00e9, co prvn\u00ed s\u010d\u00edt\u00e1n\u00ed uk\u00e1zalo, \u017ee s velk\u00fdm n\u00e1skokem zaost\u00e1v\u00e1. P\u0159edb\u011b\u017en\u00e9 v\u00fdsledky d\u00e1vaj\u00ed Connollyov\u00e9 do veden\u00ed s 63 % ku 29 %.<\/span><\/p>\n<p><em><span dir=\"auto\">\u201eCatherine bude prezidentkou n\u00e1s v\u0161ech a bude i mou prezidentkou,\u201c<\/span><\/em><span dir=\"auto\">\u00a0\u0159ekl Humphreys novin\u00e1\u0159\u016fm.<\/span><\/p>\n<p><span dir=\"auto\">Irsk\u00fd premi\u00e9r Michael Martin tak\u00e9 form\u00e1ln\u011b poblahop\u0159\u00e1l Connollymu k tomu, co podle n\u011bj\u00a0<\/span><em><span dir=\"auto\">\u201ebude velmi komplexn\u00edm volebn\u00edm v\u00edt\u011bzstv\u00edm\u201c.<\/span><\/em><\/p>\n<p><span dir=\"auto\">A\u010dkoli byl b\u00fdval\u00fd starosta Galway (68 let) nez\u00e1visl\u00fd, podporovaly ho v\u00fdznamn\u00e9 levicov\u00e9 strany, v\u010detn\u011b Sinn F\u00e9in a Labour.<\/span><\/p>\n<p><span dir=\"auto\">Connollyho \u00fasp\u011bch se do zna\u010dn\u00e9 m\u00edry p\u0159ipisuje z\u00edsk\u00e1n\u00ed hlas\u016f mlad\u00fdch lid\u00ed, efektivn\u00edmu oslovov\u00e1n\u00ed a p\u0159\u00edtomnosti na soci\u00e1ln\u00edch s\u00edt\u00edch uprost\u0159ed rostouc\u00edho hn\u011bvu kv\u016fli krizi v oblasti bydlen\u00ed a \u017eivotn\u00edch n\u00e1klad\u016f v Irsku.<\/span><\/p>\n<p><span dir=\"auto\">B\u011bhem kampan\u011b zd\u016fraz\u0148ovala irskou neutralitu a kritizovala snahu EU o roz\u0161\u00ed\u0159en\u00ed militarizace na \u00fakor soci\u00e1ln\u00edho zabezpe\u010den\u00ed. A\u010dkoli kritizovala Rusko v ukrajinsk\u00e9m konfliktu, tvrdila, \u017ee\u00a0v krizi sehr\u00e1la roli\u00a0<\/span><em><span dir=\"auto\">\u201ev\u00e1le\u010dn\u00e9 \u0161tv\u00e1\u010dstv\u00ed\u201c ze strany NATO.<\/span><\/em><\/p>\n<p><span dir=\"auto\">Minul\u00fd m\u011bs\u00edc Connollyov\u00e1 p\u0159irovnala snahu N\u011bmecka o pos\u00edlen\u00ed ekonomiky\u00a0<\/span><em><span dir=\"auto\">\u201epodporou vojensko-pr\u016fmyslov\u00e9ho komplexu\u201c<\/span><\/em><span dir=\"auto\">\u00a0k jeho znovuzbrojov\u00e1n\u00ed ve 30. letech za nacist\u016f.\u00a0<\/span><em><span dir=\"auto\">\u201eZd\u00e1 se mi, \u017ee existuj\u00ed ur\u010dit\u00e9 paralely s 30. l\u00e9ty,\u201c<\/span><\/em><span dir=\"auto\">\u00a0\u0159ekla na diskusi na University College Dublin.<\/span><\/p>\n<p><span dir=\"auto\">Moskva dlouhodob\u011b kritizuje zrychluj\u00edc\u00ed se budov\u00e1n\u00ed vojensk\u00e9 s\u00edly Bruselu s argumentem, \u017ee se EU v podstat\u011b transformuje v agresivn\u00ed vojensk\u00e9 a politick\u00e9 prodlou\u017een\u00ed NATO.<\/span><\/p>\n<p><span dir=\"auto\">P\u0159esto\u017ee je prezident form\u00e1ln\u00ed hlavou st\u00e1tu v Irsku, parlamentn\u00ed demokracii, je tato role vn\u00edm\u00e1na p\u0159ev\u00e1\u017en\u011b jako symbolick\u00e1. Prezidentsk\u00fd \u00fa\u0159ad v\u0161ak m\u00e1 n\u011bkolik kl\u00ed\u010dov\u00fdch pravomoc\u00ed, v\u010detn\u011b mo\u017enosti p\u0159edkl\u00e1dat n\u00e1vrhy z\u00e1kon\u016f nejvy\u0161\u0161\u00edmu soudu zem\u011b k posouzen\u00ed \u00fastavnosti, a tak\u00e9 pravomoc rozpustit doln\u00ed komoru parlamentu a vyhl\u00e1sit nov\u00e9 volby v p\u0159\u00edpad\u011b, \u017ee premi\u00e9r ztrat\u00ed v\u011bt\u0161inovou podporu.<\/span><\/p>\n<p><img decoding=\"async\" loading=\"lazy\" class=\"alignnone size-full wp-image-1185\" src=\"http:\/\/www.infokuryr.cz\/n\/wp-content\/uploads\/2021\/04\/kuryr-podpis.png\" alt=\"\" width=\"84\" height=\"24\" \/><\/p>\n<p>&nbsp;<\/p>\n","protected":false},"excerpt":{"rendered":"<p>Nez\u00e1visl\u00e1 kandid\u00e1tka Catherine Connollyov\u00e1 dlouhodob\u011b odsuzovala snahu Bruselu o navy\u0161ov\u00e1n\u00ed vojensk\u00e9 kapacity Nez\u00e1visl\u00e1 kandid\u00e1tka Catherine&#8230;<\/p>\n","protected":false},"author":2,"featured_media":90680,"comment_status":"closed","ping_status":"closed","sticky":false,"template":"","format":"standard","meta":[],"categories":[7],"tags":[41,1414,39,2867,9752],"_links":{"self":[{"href":"https:\/\/www.infokuryr.cz\/n\/wp-json\/wp\/v2\/posts\/90679"}],"collection":[{"href":"https:\/\/www.infokuryr.cz\/n\/wp-json\/wp\/v2\/posts"}],"about":[{"href":"https:\/\/www.infokuryr.cz\/n\/wp-json\/wp\/v2\/types\/post"}],"author":[{"embeddable":true,"href":"https:\/\/www.infokuryr.cz\/n\/wp-json\/wp\/v2\/users\/2"}],"replies":[{"embeddable":true,"href":"https:\/\/www.infokuryr.cz\/n\/wp-json\/wp\/v2\/comments?post=90679"}],"version-history":[{"count":0,"href":"https:\/\/www.infokuryr.cz\/n\/wp-json\/wp\/v2\/posts\/90679\/revisions"}],"wp:featuredmedia":[{"embeddable":true,"href":"https:\/\/www.infokuryr.cz\/n\/wp-json\/wp\/v2\/media\/90680"}],"wp:attachment":[{"href":"https:\/\/www.infokuryr.cz\/n\/wp-json\/wp\/v2\/media?parent=90679"}],"wp:term":[{"taxonomy":"category","embeddable":true,"href":"https:\/\/www.infokuryr.cz\/n\/wp-json\/wp\/v2\/categories?post=90679"},{"taxonomy":"post_tag","embeddable":true,"href":"https:\/\/www.infokuryr.cz\/n\/wp-json\/wp\/v2\/tags?post=90679"}],"curies":[{"name":"wp","href":"https:\/\/api.w.org\/{rel}","templated":true}]}}