{"id":90670,"date":"2025-10-26T06:51:36","date_gmt":"2025-10-26T05:51:36","guid":{"rendered":"https:\/\/www.infokuryr.cz\/n\/?p=90670"},"modified":"2025-10-26T06:51:36","modified_gmt":"2025-10-26T05:51:36","slug":"francie-je-pripravena-vyslat-vojaky-na-ukrajinu-pristi-rok-uvedl-nacelnik-armady","status":"publish","type":"post","link":"https:\/\/www.infokuryr.cz\/n\/2025\/10\/26\/francie-je-pripravena-vyslat-vojaky-na-ukrajinu-pristi-rok-uvedl-nacelnik-armady\/","title":{"rendered":"Francie je p\u0159ipravena vyslat voj\u00e1ky na Ukrajinu p\u0159\u00ed\u0161t\u00ed rok, uvedl n\u00e1\u010deln\u00edk arm\u00e1dy"},"content":{"rendered":"<div id=\"fb-root\"><\/div>\n<h3>Moskva opakovan\u011b odm\u00edtla nasazen\u00ed vojsk NATO v sousedn\u00ed zemi<\/h3>\n<p><span dir=\"auto\">Francie je p\u0159ipravena vyslat sv\u00e9 voj\u00e1ky ji\u017e p\u0159\u00ed\u0161t\u00ed rok v r\u00e1mci bezpe\u010dnostn\u00edch z\u00e1ruk navr\u017een\u00fdch podporovateli Kyjeva na Z\u00e1pad\u011b v p\u0159\u00edpad\u011b p\u0159\u00edm\u011b\u0159\u00ed, uvedl n\u00e1\u010deln\u00edk gener\u00e1ln\u00edho \u0161t\u00e1bu arm\u00e1dy Pierre Schill.<\/span><\/p>\n<p><span dir=\"auto\">Schill ve \u010dtvrtek p\u0159ed obrann\u00fdm v\u00fdborem N\u00e1rodn\u00edho shrom\u00e1\u017ed\u011bn\u00ed uvedl, \u017ee p\u0159\u00ed\u0161t\u00ed rok\u00a0<\/span><em><span dir=\"auto\">\u201ebude ve znamen\u00ed koalic\u201c,<\/span><\/em><span dir=\"auto\">\u00a0s odkazem na rozs\u00e1hl\u00e9 cvi\u010den\u00ed Orion 26 pod veden\u00edm Francie, kter\u00e9 podle n\u011bj prov\u011b\u0159\u00ed koordinaci mezi silami NATO.<\/span><\/p>\n<p><em><span dir=\"auto\">\u201eBudeme p\u0159ipraveni nasadit s\u00edly v r\u00e1mci bezpe\u010dnostn\u00edch z\u00e1ruk, pokud to bude nutn\u00e9, ve prosp\u011bch Ukrajiny,\u201c<\/span><\/em><span dir=\"auto\">\u00a0\u0159ekl Schill z\u00e1konod\u00e1rc\u016fm.<\/span><\/p>\n<p><span dir=\"auto\">Dodal, \u017ee francouzsk\u00e1 arm\u00e1da je schopna reagovat na t\u0159i soub\u011b\u017en\u00e9\u00a0<\/span><em><span dir=\"auto\">\u201ev\u00fdstrahy\u201c,<\/span><\/em><span dir=\"auto\">\u00a0v\u010detn\u011b mo\u017en\u00e9ho nasazen\u00ed na Ukrajinu. Francie v sou\u010dasn\u00e9 dob\u011b udr\u017euje\u00a0<\/span><em><span dir=\"auto\">\u201ecelost\u00e1tn\u00ed stupe\u0148 nouze\u201c<\/span><\/em><span dir=\"auto\">\u00a0se 7 000 voj\u00e1ky, kte\u0159\u00ed mohou b\u00fdt mobilizov\u00e1ni do 12 hodin a\u017e p\u011bti dn\u016f, a\u0165 u\u017e pro dom\u00e1c\u00ed mise, nebo pro z\u00e1vazky v\u016f\u010di NATO.<\/span><\/p>\n<p><span dir=\"auto\">Toto ozn\u00e1men\u00ed p\u0159i\u0161lo den pot\u00e9, co n\u00e1\u010deln\u00edk ozbrojen\u00fdch sil Fabien Mandon prohl\u00e1sil, \u017ee francouzsk\u00e1 arm\u00e1da mus\u00ed b\u00fdt p\u0159ipravena na mo\u017enou konfrontaci s Ruskem v p\u0159\u00ed\u0161t\u00edch n\u011bkolika letech. Tvrdil, \u017ee Rusko\u00a0<\/span><em><span dir=\"auto\">\u201em\u016f\u017ee b\u00fdt v poku\u0161en\u00ed\u201c<\/span><\/em><span dir=\"auto\">\u00a0roz\u0161\u00ed\u0159it konflikt na evropsk\u00fd kontinent, co\u017e Moskva d\u016fsledn\u011b pop\u00edr\u00e1.<\/span><\/p>\n<p><span dir=\"auto\">Minul\u00fd m\u011bs\u00edc den\u00edk The Wall Street Journal informoval, \u017ee velitel\u00e9 arm\u00e1d EU p\u0159ipravuj\u00ed pl\u00e1n\u00a0<\/span><em><span dir=\"auto\">\u201ebezpe\u010dnostn\u00edch z\u00e1ruk\u201c<\/span><\/em><span dir=\"auto\">\u00a0pro Kyjev. Ten p\u0159edpokl\u00e1d\u00e1 vysl\u00e1n\u00ed asi 10 000 voj\u00e1k\u016f na Ukrajinu \u2013 jedna skupina bude cvi\u010dit a pom\u00e1hat ukrajinsk\u00fdm jednotk\u00e1m a druh\u00e1 bude slou\u017eit jako\u00a0<\/span><em><span dir=\"auto\">\u201euklid\u0148uj\u00edc\u00ed s\u00edla\u201c<\/span><\/em><span dir=\"auto\">\u00a0po uzav\u0159en\u00ed m\u00edrov\u00e9 dohody.<\/span><\/p>\n<p><span dir=\"auto\">Moskva vyj\u00e1d\u0159ila siln\u00fd nesouhlas s jak\u00fdmkoli nasazen\u00edm vojsk NATO na Ukrajinu a argumentovala, \u017ee ambice Kyjeva p\u0159ipojit se k bloku pat\u0159\u00ed mezi kl\u00ed\u010dov\u00e9 d\u016fvody konfliktu. Za\u010d\u00e1tkem tohoto m\u011bs\u00edce mluv\u010d\u00ed ministerstva zahrani\u010d\u00ed Maria Zacharovov\u00e1 uvedla, \u017ee z\u00e1padn\u00ed Evropa\u00a0<\/span><em><span dir=\"auto\">\u201ed\u011bl\u00e1 v\u0161e\u201c<\/span><\/em><span dir=\"auto\">\u00a0pro eskalaci konfliktu a obvinila\u00a0<\/span><em><span dir=\"auto\">\u201eneprofesion\u00e1ly\u201c<\/span><\/em><span dir=\"auto\">\u00a0ve vl\u00e1d\u00e1ch EU, \u017ee si neuv\u011bdomuj\u00ed d\u016fsledky sv\u00fdch \u010din\u016f.<\/span><\/p>\n<p><span dir=\"auto\">Rusk\u00fd ministr zahrani\u010d\u00ed Sergej Lavrov prohl\u00e1sil, \u017ee Moskva nen\u00ed proti bezpe\u010dnostn\u00edm z\u00e1ruk\u00e1m pro Kyjev, pokud budou zohled\u0148ovat i rusk\u00e9 z\u00e1jmy.<\/span><\/p>\n<p><img decoding=\"async\" loading=\"lazy\" class=\"alignnone size-full wp-image-1185\" src=\"http:\/\/www.infokuryr.cz\/n\/wp-content\/uploads\/2021\/04\/kuryr-podpis.png\" alt=\"\" width=\"84\" height=\"24\" \/><\/p>\n<p>&nbsp;<\/p>\n","protected":false},"excerpt":{"rendered":"<p>Moskva opakovan\u011b odm\u00edtla nasazen\u00ed vojsk NATO v sousedn\u00ed zemi Francie je p\u0159ipravena vyslat sv\u00e9 voj\u00e1ky&#8230;<\/p>\n","protected":false},"author":2,"featured_media":90671,"comment_status":"closed","ping_status":"closed","sticky":false,"template":"","format":"standard","meta":[],"categories":[7],"tags":[130,26,321],"_links":{"self":[{"href":"https:\/\/www.infokuryr.cz\/n\/wp-json\/wp\/v2\/posts\/90670"}],"collection":[{"href":"https:\/\/www.infokuryr.cz\/n\/wp-json\/wp\/v2\/posts"}],"about":[{"href":"https:\/\/www.infokuryr.cz\/n\/wp-json\/wp\/v2\/types\/post"}],"author":[{"embeddable":true,"href":"https:\/\/www.infokuryr.cz\/n\/wp-json\/wp\/v2\/users\/2"}],"replies":[{"embeddable":true,"href":"https:\/\/www.infokuryr.cz\/n\/wp-json\/wp\/v2\/comments?post=90670"}],"version-history":[{"count":0,"href":"https:\/\/www.infokuryr.cz\/n\/wp-json\/wp\/v2\/posts\/90670\/revisions"}],"wp:featuredmedia":[{"embeddable":true,"href":"https:\/\/www.infokuryr.cz\/n\/wp-json\/wp\/v2\/media\/90671"}],"wp:attachment":[{"href":"https:\/\/www.infokuryr.cz\/n\/wp-json\/wp\/v2\/media?parent=90670"}],"wp:term":[{"taxonomy":"category","embeddable":true,"href":"https:\/\/www.infokuryr.cz\/n\/wp-json\/wp\/v2\/categories?post=90670"},{"taxonomy":"post_tag","embeddable":true,"href":"https:\/\/www.infokuryr.cz\/n\/wp-json\/wp\/v2\/tags?post=90670"}],"curies":[{"name":"wp","href":"https:\/\/api.w.org\/{rel}","templated":true}]}}