{"id":90668,"date":"2025-10-26T06:46:16","date_gmt":"2025-10-26T05:46:16","guid":{"rendered":"https:\/\/www.infokuryr.cz\/n\/?p=90668"},"modified":"2025-10-26T06:46:16","modified_gmt":"2025-10-26T05:46:16","slug":"vaclav-prokupek-irsko-ma-novou-prezidentku-ktera-otevrene-kritizuje-eu-nato-a-usa","status":"publish","type":"post","link":"https:\/\/www.infokuryr.cz\/n\/2025\/10\/26\/vaclav-prokupek-irsko-ma-novou-prezidentku-ktera-otevrene-kritizuje-eu-nato-a-usa\/","title":{"rendered":"V\u00e1clav Prok\u016fpek: Irsko m\u00e1 novou prezidentku, kter\u00e1 otev\u0159en\u011b kritizuje EU, NATO a USA"},"content":{"rendered":"<div id=\"fb-root\"><\/div>\n<p>Kdo by se toho p\u0159ed \u010dasem nad\u00e1l. Irsko byl v\u011brn\u00fd spojenec politiky Donalda Trumpa. Americk\u00fd prezident jezdil do zdej\u0161\u00edch sportovn\u00edch resort\u016f hr\u00e1t golf a v\u0161e sm\u011b\u0159ovalo k\u00a0tomu, \u017ee Irsko se brzy stane plnohodnotn\u00fdm a p\u0159\u00edmo uk\u00e1zkov\u00fdm \u010dlenem EU a NATO. Nov\u011b zvolen\u00e1 irsk\u00e1 prezidentka ale tyto pl\u00e1ny liber\u00e1l\u016f a globalist\u016f zhatila.<\/p>\n<h3>Socialistick\u00e1 odp\u016frkyn\u011b EU a NATO porazila jednozna\u010dn\u011b kandid\u00e1tku vl\u00e1dn\u00ed strany<\/h3>\n<p>Novou irskou prezidentkou bude Catherine Connollyov\u00e1, levicov\u00e1 poslankyn\u011b, kter\u00e1 kandidovala jako nez\u00e1visl\u00e1. Je\u0161t\u011b p\u0159ed kone\u010dn\u00fdm v\u00fdsledkem p\u00e1te\u010dn\u00edch voleb k\u00a0v\u00edt\u011bzstv\u00ed Connollyov\u00e9 pogratulovala jej\u00ed soupe\u0159ka Heather Humphreysov\u00e1 i\u00a0premi\u00e9r Miche\u00e1l Martin.<\/p>\n<p>Osma\u0161edes\u00e1tilet\u00e1 Catherine Connollyov\u00e1 je levicov\u00e1 politi\u010dka, kter\u00e1 se otev\u0159en\u011b hl\u00e1s\u00ed k\u00a0socialismu a\u00a0dlouhodob\u00e1 kriti\u010dka Evropsk\u00e9 unie a\u00a0tak\u00e9 sou\u010dasn\u00e9 izraelsk\u00e9 vl\u00e1dy. Role irsk\u00e9ho prezidenta je ale v\u00edcem\u00e9n\u011b ceremoni\u00e1ln\u00ed, zastupuje st\u00e1t na mezin\u00e1rodn\u00ed sc\u00e9n\u011b, jmenuje premi\u00e9ra \u010di podepisuje z\u00e1kony p\u0159ijat\u00e9 parlamentem.<\/p>\n<p>\u201eCht\u011bl bych Catherine Connollyov\u00e9 pogratulovat k\u00a0tomu, co bude velmi p\u0159esv\u011bd\u010div\u00e9 volebn\u00ed v\u00edt\u011bzstv\u00ed. Je jasn\u00e9, \u017ee bude p\u0159\u00ed\u0161t\u00ed prezidentkou Irska,\u201c uvedl premi\u00e9r Martin s\u00a0t\u00edm, \u017ee ob\u010dan\u00e9 rozhodli a\u00a0\u017ee nepochybuje o\u00a0tom, \u017ee Connollyov\u00e1 bude dob\u0159e slou\u017eit Irsku.<\/p>\n<p>Connollyov\u00e9 pogratulovala i\u00a0jej\u00ed soupe\u0159ka. \u201eCatherine bude prezidentkou n\u00e1s v\u0161ech a\u00a0bude mou prezidentkou a\u00a0skute\u010dn\u011b j\u00ed p\u0159eji jen to nejlep\u0161\u00ed,\u201c uvedla Humphreysov\u00e1, kter\u00e1 kandidovala za vl\u00e1dn\u00ed stranu Fine Gael a\u00a0kter\u00e1 byla do leto\u0161n\u00edho ledna skoro p\u011bt let ministryn\u00ed soci\u00e1ln\u00edch v\u011bc\u00ed a\u00a0rozvoje venkova.<\/p>\n<p>\u201eZd\u00e1 se, \u017ee Catherine Connollyov\u00e1 byla zvolena prezidentkou a\u00a0my jako vl\u00e1da s\u00a0n\u00ed brzy budeme spolupracovat,\u201c \u0159ekl podle agentury Reuters irsk\u00fd ministr pro v\u011bdu a\u00a0v\u00fdzkum James Lawless, kter\u00fd je \u010dlenem jedn\u00e9 ze stran vl\u00e1dn\u00ed koalice Fianna F\u00e1il.<\/p>\n<p>Tato strana, jej\u00edm\u017e l\u00eddrem je premi\u00e9r Martin, nominovala do voleb b\u00fdval\u00e9ho tren\u00e9ra galsk\u00e9ho fotbalu Jima Gavina, kter\u00fd ale na za\u010d\u00e1tku \u0159\u00edjna kandidaturu st\u00e1hl kv\u016fli finan\u010dn\u00edmu skand\u00e1lu.<\/p>\n<h3>Novou irskou prezidentku podpo\u0159ili nacionalist\u00e9 ze Sin F\u00e9in i premi\u00e9rka severn\u00edho Irska<\/h3>\n<p>Connollyov\u00e1, vzd\u011bl\u00e1n\u00edm klinick\u00e1 psycholo\u017eka a\u00a0advok\u00e1tka, m\u011bla ve volb\u00e1ch podporu velk\u00e9 \u010d\u00e1sti opozice, k\u00a0n\u00ed\u017e pat\u0159\u00ed i\u00a0Labouristick\u00e1 strana \u2013 Strana pr\u00e1ce.<\/p>\n<p>Connollyov\u00e1 se stane des\u00e1tou hlavou Irska a\u00a0t\u0159et\u00ed \u017eenou v\u00a0tomto \u00fa\u0159ad\u011b. Vyst\u0159\u00edd\u00e1 v\u00a0n\u011bm Michaela D. Higginse, kter\u00fd je prezidentem od roku 2011\u00a0a\u00a0pot\u0159et\u00ed u\u017e se o\u00a0tento sedmilet\u00fd mand\u00e1t uch\u00e1zet nemohl.<\/p>\n<p>Socialistick\u00e1 kriti\u010dka NATO a EU chce b\u00fdt silnou irskou prezidentkou. Chladn\u00fd postoj nez\u00e1visl\u00e9 socialistky Catherine Connollyov\u00e9 k Bruselu a jej\u00ed nep\u0159\u00e1telstv\u00ed k Donaldu Trumpovi ji stav\u00ed do rozporu se sou\u010dasnou irskou vl\u00e1dou.<\/p>\n<p>Nov\u00e1 prezidentka Irska kritizovala NATO,\u00a0byla obvin\u011bna z podpory Putinova Ruska a Asadovi S\u00fdrie.<\/p>\n<p>Catherine Connollyov\u00e1, b\u00fdval\u00e1 starostka z\u00e1padoirsk\u00e9ho m\u011bsta Galway, kter\u00e1 str\u00e1vila posledn\u00edch dev\u011bt let jako opozi\u010dn\u00ed socialistick\u00e1 poslankyn\u011b v irsk\u00e9m parlamentu, si p\u0159ed p\u00e1te\u010dn\u00edmi volbami vybudovala\u00a0obrovsk\u00fd volebn\u00ed n\u00e1skok oproti sv\u00e9 jedin\u00e9 vyzyvatelce, b\u00fdval\u00e9 ministryni vl\u00e1dy Heather Humphreysov\u00e9 ze st\u0159edoevropsk\u00e9 strany Fine Gael.<\/p>\n<h3>Vyhr\u00e1la irsk\u00e9 prezidentsk\u00e9 volby, ale m\u00e1 rad\u0161i Rusko, ne\u017e Ukrajinu<\/h3>\n<p>Connollyov\u00e1 nahrad\u00ed dal\u0161\u00edho galwaysk\u00e9ho socialistu, Michaela D. Higginse, kter\u00fd str\u00e1vil posledn\u00ed dv\u011b funk\u010dn\u00ed obdob\u00ed a 14 let roz\u0161i\u0159ov\u00e1n\u00edm toho, co prezident sm\u00ed \u0159\u00edkat a d\u011blat.<\/p>\n<p>Stejn\u011b jako Higgins, i Connollyov\u00e1 otev\u0159en\u011b odsoudila Izrael za jeho dvouletou v\u00e1lku v Gaze \u2013 co\u017e ji zajistilo podporu strany Sinn F\u00e9in, kter\u00e1 prosazuje sjednocen\u00ed Irska.<\/p>\n<p>Nov\u00e1 irsk\u00e1 prezidentka Connollyov\u00e1 otev\u0159en\u011b sympatizuje s Palestinci a m\u00e1 velmi kritick\u00e9 vztahy s\u00a0vl\u00e1dou v\u00a0Tel Avivu. Jej\u00ed kritick\u00fd postoj k\u00a0NATO a k\u00a0podpo\u0159e Ukrajin\u011b by mohly brzy generovat rozkol mezi prezidentskou kancel\u00e1\u0159\u00ed a irskou vl\u00e1du, kter\u00e1 se ocitne v pasti mezi ofici\u00e1ln\u00ed neutralitou st\u00e1tu a podporou \u00fasil\u00ed EU o pos\u00edlen\u00ed Ukrajiny.<\/p>\n<h3>Trumpovi po\u0161kodila nov\u00e1 irsk\u00e1 prezidentka v\u011bhlasn\u00fd golfov\u00fd turnaj Irish Open<\/h3>\n<p>Connollyov\u00e9 se na z\u00e1v\u011bre\u010dn\u00e9 televizn\u00ed prezidentsk\u00e9 debat\u011b ptali, jak by se chovala k americk\u00e9mu prezidentovi Donaldu Trumpovi, kter\u00fd by u n\u00ed byl na n\u00e1v\u0161t\u011bv\u011b, a zda by ho osobn\u011b zpochybnila ohledn\u011b americk\u00e9 podpory Izraele a jeho v\u00e1lky v Gaze.<\/p>\n<p>\u201eGenocidu umo\u017enily a financovaly americk\u00e9 pen\u00edze,\u201c tvrdila Connollyov\u00e1, ne\u017e se j\u00ed znovu zeptali, zda by to \u0159ekla Trumpovi, kter\u00fd m\u00e1 v Irsku golfov\u00fd resort a\u00a0a\u017e se bude p\u0159\u00ed\u0161t\u00ed rok konat v\u011bhlasn\u00fd golfov\u00fd turnaj Irish Open, ur\u010dit\u011b Irsko nav\u0161t\u00edv\u00ed.<\/p>\n<p>Connollyov\u00e9 dominance v kampani byla \u010d\u00e1ste\u010dn\u011b zaji\u0161t\u011bna jej\u00ed schopnost\u00ed z\u00edskat podporu v\u0161ech opozi\u010dn\u00edch stran na obvykle rozt\u0159\u00ed\u0161t\u011bn\u00e9 irsk\u00e9 levici \u2013 p\u0159edev\u0161\u00edm nacionalistick\u00e9 strany Sinn F\u00e9in, kter\u00e1 odm\u00edtla kandidovat s vlastn\u00edm kandid\u00e1tem. M\u00edsto toho se k\u00a0n\u00ed v kampani p\u0159ipojila \u0161\u00e9fka Sinn F\u00e9in a p\u0159edsedkyn\u011b vl\u00e1dy strany v sousedn\u00edm Severn\u00edm Irsku.<\/p>\n<h3>Socialistick\u00e1 prezidentka vad\u00ed \u201ekapitalist\u016fm cel\u00e9ho sv\u011bta\u201c<\/h3>\n<p>Veter\u00e1ni irsk\u00e9 diplomatick\u00e9 slu\u017eby \u201eoddan\u00ed \u010di poddan\u00ed britsk\u00e9ho imp\u00e9ria\u201c vyj\u00e1d\u0159ili obavy, \u017ee prezidentka Connollyov\u00e1 by mohla sv\u011bt zm\u00e1st ohledn\u011b skute\u010dn\u00fdch postoj\u016f irsk\u00e9 vl\u00e1dy. Zd\u016fraz\u0148uj\u00ed ekonomickou z\u00e1vislost Irska na stovk\u00e1ch americk\u00fdch nadn\u00e1rodn\u00edch spole\u010dnost\u00ed a silnou podporu EU Irsku po ru\u0161iv\u00e9m odchodu Spojen\u00e9ho kr\u00e1lovstv\u00ed z EU.<\/p>\n<p>B\u00fdval\u00fd irsk\u00fd velvyslanec ve Spojen\u00e9m kr\u00e1lovstv\u00ed Bobby McDonagh a EU, \u0159\u00edk\u00e1, \u017ee Connollyov\u00e1 \u201ezaujala postoje, kter\u00e9 jsou podle nejen jeho n\u00e1zoru, ale i mnoh\u00fdch vlivn\u00fdch proti EU, NATO, USA a Izraeli.\u201c<\/p>\n<p>Connollyov\u00e9 kritiku zv\u00fd\u0161en\u00fdch n\u011bmeck\u00fdch v\u00fddaj\u016f na obranu tv\u00e1\u0159\u00ed v tv\u00e1\u0159 rostouc\u00edm rusk\u00fdm bezpe\u010dnostn\u00edm hrozb\u00e1m ozna\u010dila nov\u00e1 irsk\u00e1 prezidentka za \u201ebl\u00e1hovou\u201c a jej\u00ed koment\u00e1\u0159e nazna\u010duj\u00edc\u00ed paralelu s militarizac\u00ed z nacistick\u00e9 \u00e9ry za \u201eabsurdn\u00ed\u201c.<\/p>\n<p>McDonagh uvedl, \u017ee zat\u00edmco \u201eproevrop\u0161t\u00ed obyvatel\u00e9 v t\u00e9to zemi a vl\u00e1da ji mohou jednodu\u0161e ignorovat\u201c, postoje prezidentky Connollyov\u00e9 by \u201emohly po\u0161kodit reputaci a z\u00e1jmy Irska v\u00a0o\u010d\u00edch EU, NATO, USA a Izraele\u201c.<\/p>\n<p>Nov\u00e1 irsk\u00e1 prezidentka ale nechce ustupovat od sv\u00fdch n\u00e1zor\u016f a chce si to rozdat t\u0159eba s\u00a0cel\u00fdm \u201ekapitalistick\u00fdm\u201c sv\u011btem.<\/p>\n<p><em><strong>V\u00e1clav Prok\u016fpek<\/strong><\/em><\/p>\n<p>&nbsp;<\/p>\n","protected":false},"excerpt":{"rendered":"<p>Kdo by se toho p\u0159ed \u010dasem nad\u00e1l. Irsko byl v\u011brn\u00fd spojenec politiky Donalda Trumpa. Americk\u00fd&#8230;<\/p>\n","protected":false},"author":2,"featured_media":90669,"comment_status":"closed","ping_status":"closed","sticky":false,"template":"","format":"standard","meta":[],"categories":[6],"tags":[41,1414,1503,2867],"_links":{"self":[{"href":"https:\/\/www.infokuryr.cz\/n\/wp-json\/wp\/v2\/posts\/90668"}],"collection":[{"href":"https:\/\/www.infokuryr.cz\/n\/wp-json\/wp\/v2\/posts"}],"about":[{"href":"https:\/\/www.infokuryr.cz\/n\/wp-json\/wp\/v2\/types\/post"}],"author":[{"embeddable":true,"href":"https:\/\/www.infokuryr.cz\/n\/wp-json\/wp\/v2\/users\/2"}],"replies":[{"embeddable":true,"href":"https:\/\/www.infokuryr.cz\/n\/wp-json\/wp\/v2\/comments?post=90668"}],"version-history":[{"count":0,"href":"https:\/\/www.infokuryr.cz\/n\/wp-json\/wp\/v2\/posts\/90668\/revisions"}],"wp:featuredmedia":[{"embeddable":true,"href":"https:\/\/www.infokuryr.cz\/n\/wp-json\/wp\/v2\/media\/90669"}],"wp:attachment":[{"href":"https:\/\/www.infokuryr.cz\/n\/wp-json\/wp\/v2\/media?parent=90668"}],"wp:term":[{"taxonomy":"category","embeddable":true,"href":"https:\/\/www.infokuryr.cz\/n\/wp-json\/wp\/v2\/categories?post=90668"},{"taxonomy":"post_tag","embeddable":true,"href":"https:\/\/www.infokuryr.cz\/n\/wp-json\/wp\/v2\/tags?post=90668"}],"curies":[{"name":"wp","href":"https:\/\/api.w.org\/{rel}","templated":true}]}}