{"id":90654,"date":"2025-10-26T00:16:20","date_gmt":"2025-10-25T22:16:20","guid":{"rendered":"https:\/\/www.infokuryr.cz\/n\/?p=90654"},"modified":"2025-10-25T12:43:12","modified_gmt":"2025-10-25T10:43:12","slug":"jindrich-kulhavy-chteli-byste-byt-zase-mladi","status":"publish","type":"post","link":"https:\/\/www.infokuryr.cz\/n\/2025\/10\/26\/jindrich-kulhavy-chteli-byste-byt-zase-mladi\/","title":{"rendered":"Jind\u0159ich Kulhav\u00fd: Cht\u011bli byste b\u00fdt zase mlad\u00ed?"},"content":{"rendered":"<div id=\"fb-root\"><\/div>\n<p><span class=\"anotation\">Tuto ot\u00e1zku si mo\u017en\u00e1 pokl\u00e1d\u00e1te sami. Jen\u017ee\u2026 Rozklad spole\u010dnosti dos\u00e1hl ji\u017e takov\u00e9 m\u00edry, \u017ee se i bl\u00edzc\u00ed lid\u00e9 rad\u0161i o z\u00e1va\u017en\u00fdch t\u00e9matech nebav\u00ed a i p\u0159i rodinn\u00fdch setk\u00e1n\u00edch se prob\u00edr\u00e1 sp\u00ed\u0161e po\u010das\u00ed a mo\u017en\u00e1 je\u0161t\u011b to, co vyrostlo na zahrad\u011b. Mu\u017ei se p\u0159est\u00e1vaj\u00ed bavit o \u017een\u00e1ch a autech, \u017eeny o m\u00f3d\u011b a d\u011bti vyr\u016fstaj\u00ed do tak slo\u017eit\u00e9 doby, \u017ee ani nev\u00edme, nebudou-li na prahu dosp\u011blosti st\u00e1t se samopalem v hlubok\u00e9m z\u00e1kopu a p\u0159em\u00fd\u0161let o tom, jak zkr\u00e1tit \u017eivot toho, kdo o p\u00e1r des\u00edtek metr\u016f d\u00e1le stoj\u00ed v podobn\u00e9 pozici proti nim.<\/span><\/p>\n<div id=\"pagetext\">\n<p>\u00a0 Kdy\u017e se mne n\u011bkdo zept\u00e1, cht\u011bl li bych b\u00fdt nyn\u00ed mlad\u00fd, po kr\u00e1tk\u00e9m zamy\u0161len\u00ed si uv\u011bdom\u00edm, \u017ee jedin\u00fdm d\u016fvodem k takov\u00e9mu p\u0159\u00e1n\u00ed mohou b\u00fdt p\u0159edstavy o tom, jak bych r\u00e1d je\u0161t\u011b p\u00e1rkr\u00e1t obejmul hezkou mladou vo\u0148avou holku. Jen\u017ee p\u0159edstava, \u017ee ji bal\u00edm n\u011bkde na soci\u00e1ln\u00edch s\u00edt\u00edch s nejist\u00fdm v\u00fdsledkem, ani\u017e bych riskoval na\u0159\u010den\u00ed z nedostate\u010dn\u00e9ho genderov\u00e9ho uv\u011bdom\u011bn\u00ed, mne nijak nevzru\u0161uje. A dal\u0161\u00ed d\u016fvody neshled\u00e1v\u00e1m. Vezmu-li to re\u00e1ln\u011b, tak \u017eivot kolem aut, kter\u00e1 m\u00e1m r\u00e1d, byl mnohem lep\u0161\u00ed v devades\u00e1tk\u00e1ch a mlad\u00edci nyn\u00ed se mus\u00ed sakra sna\u017eit, aby si zachovali \u0159idi\u010d\u00e1k. Nav\u00edc jelit za volantem z\u00e1sadn\u011b p\u0159ibylo a neskute\u010dn\u00e9 mno\u017estv\u00ed aut p\u0159edev\u0161\u00edm v dob\u011b SVO na Ukrajin\u011b je na silnic\u00edch a\u017e otravn\u00e9. V Praze je\u0161t\u011b v\u00edce. Organizace, kter\u00e1 m\u00e1 Pom\u00e1hat a chr\u00e1nit, po\u0159\u00e1d\u00e1 s modern\u00ed radarovou technikou hony na \u0159idi\u010de maj\u00edc\u00ed radost ze svi\u017en\u00e9ho pohybu a nov\u00e1 auta p\u0159et\u00e9kaj\u00ed asistenty \u0159idi\u010de vytv\u00e1\u0159ej\u00edc\u00edmi prost\u0159ed\u00ed nesvobody spojen\u00e9 s demenc\u00ed. A motorky? Jezdit na nich u\u017e je skoro sebevra\u017eda, proto\u017ee v tom mno\u017estv\u00ed aut u\u017e V\u00e1s mus\u00ed n\u011bkdo z\u00e1konit\u011b trefit. Tak\u017ee kv\u016fli v\u011bcem, kter\u00e9 m\u00e1m r\u00e1d, bych u\u017e mlad\u00fd b\u00fdt necht\u011bl, proto\u017ee zdaleka nejsou takov\u00e9, jak\u00fdmi b\u00fdvaly kdysi.<\/p>\n<p>Plno \u010dinnost\u00ed d\u0159\u00edve b\u011b\u017en\u00fdch u\u017e neexistuje nebo se zvrhnulo v\u00a0naprostou komerci. Kultura je zpolitizovan\u00e1, tak\u017ee nem\u00e1te \u010dasto ani chu\u0165 koukat na herce, kte\u0159\u00ed si vyb\u00edraj\u00ed sv\u00e9ho ministra. Kin je tolik, \u017ee se v\u00a0nich p\u0159i n\u00e1v\u0161t\u011bv\u011b po sta\u017een\u00ed k\u016f\u017ee u pokladny a p\u0159i n\u00e1kupu ob\u010derstven\u00ed skoro boj\u00edte, proto\u017ee v\u00a0nich t\u00e9m\u011b\u0159 nikdo nen\u00ed. Pust\u00edte li si televizi, douf\u00e1te, \u017ee v\u00a0n\u00ed neb\u011b\u017e\u00ed diskuzn\u00ed \u010di zpravodajsk\u00fd po\u0159ad, proto\u017ee l\u017e\u00ed m\u00e1te za ten den dost. Nedej bo\u017ee, abyste se trefili do po\u0159adu s\u00a0J\u00edlkovou, to pak hroz\u00ed, \u017ee V\u00e1s jej\u00ed u\u0159van\u00fd primitivismus je\u0161t\u011b po\u0159\u00e1dn\u011b na\u0161tve. Nav\u00edc, sledujete li d\u011bn\u00ed, zji\u0161\u0165ujete, \u017ee informovanost m\u00e1 n\u011bkolik z\u00e1sadn\u00edch poloh a rozd\u00edl\u016f. V\u00a0podstat\u011b si m\u016f\u017eete vybrat, co V\u00e1m vyhovuje, nesm\u00edte se v\u0161ak sna\u017eit p\u0159ij\u00edt na to, co je pravda. Naprosto protich\u016fdn\u00e9 informace V\u00e1m toti\u017e mohou natolik zamotat hlavu, \u017ee upadnete a\u017e do deprese.<\/p>\n<p>Ani komunist\u00e9 si nedovolili tak lh\u00e1t, jako to dok\u00e1\u017eou Fiala s\u00a0Raku\u0161anem \u010di Seznam s\u00a0\u010cT a dal\u0161\u00edm mainstreamem. A Forum24 je \u00fapln\u00fd unik\u00e1t. Te\u010f bych mohl p\u0159idat dlouh\u00fd soupis jmen unik\u00e1tn\u00edch stolh\u00e1\u0159\u016f, jmenovat k\u00a0nim zmanipulovan\u00e9 fanatiky. Z\u00e1rove\u0148 by mne plno jin\u00fdch lid\u00ed v\u00a0klidu nazvalo \u00fapln\u011b stejn\u011b jen proto, \u017ee se nach\u00e1z\u00edm na jin\u00e9m b\u0159ehu ne\u017e oni. Rozvr\u00e1cenost spole\u010dnosti dos\u00e1hnula nev\u00eddan\u00fdch rozm\u011br\u016f a pod\u011bkovat za to m\u016f\u017eeme sami sob\u011b, ale i politik\u016fm a m\u00e9di\u00edm. Nen\u00ed tu u\u017e v\u016fbec nikdo, kdo by dok\u00e1zal sm\u011b\u0159ovat k\u00a0sjednocen\u00ed a soun\u00e1le\u017eitosti. Kdysi jsme vyhr\u00e1li v\u00a0hokeji olympi\u00e1du v\u00a0Naganu a \u010ce\u0161i byli hrd\u00ed. Te\u010f by podobn\u00e9 v\u00edt\u011bzstv\u00ed nic na rozkladu hodnot vych\u00e1zej\u00edc\u00edch z\u00a0n\u00e1rodn\u00ed hrdosti spojuj\u00edc\u00ed n\u00e1s nezm\u011bnilo. Kdy\u017e u\u017e to nedok\u00e1\u017ee ani sport, kter\u00fd nav\u00edc str\u00e1d\u00e1 na \u00fabyt\u011b i z\u00a0d\u016fvod\u016f ekonomick\u00fdch a mor\u00e1ln\u00edch (necht\u011bjte zn\u00e1t pozad\u00ed vrcholov\u00e9ho sportu, nap\u0159\u00edklad fotbalu \u010di hokeje, je to pro siln\u00e9 \u017ealudky), co by n\u00e1s pot\u00e9 mohlo vr\u00e1tit k\u00a0soudr\u017enosti? Nen\u00ed to ani l\u00e1ska k\u00a0\u010desk\u00e9 kuchyni \u010di k\u00a0pivu, proto\u017ee toho \u010desk\u00e9ho tu z\u016fstalo pram\u00e1lo, kvalita je mizern\u00e1 a v\u0161e se plat\u00ed zlatem. Nebo se to tv\u00e1\u0159\u00ed, \u017ee to tak m\u00e1 b\u00fdt.<\/p>\n<p>Tak\u017ee zp\u011bt k\u00a0p\u016fvodn\u00ed ot\u00e1zce. Je tu dost d\u016fvod\u016f k\u00a0tomu, abychom na ot\u00e1zku, zda li bychom cht\u011bli b\u00fdt op\u011bt mlad\u00ed, odpov\u011bd\u011bli my vyr\u016fstaj\u00edc\u00ed za socialismu ano? Vynech\u00e1me li jist\u00e9 dopady fyziologick\u00e9ho st\u00e1rnut\u00ed, kdy se r\u016fzn\u00e9 bolesti a zdravotn\u00ed probl\u00e9my zp\u016fsoben\u00e9 \u010dasto mladistvou nerozv\u00e1\u017enost\u00ed probouzej\u00ed a\u017e nyn\u00ed, pak asi rozumn\u00e9 p\u0159\u00ed\u010diny nenalezneme. L\u00e9pe u\u017e bylo. Bez internetu, mobil\u016f, Green Dealu, liber\u00e1l\u016f, mainstreamu a vylhan\u00e9 reklamy na to, jak se m\u00edt l\u00e9pe. Myslete si, co chcete. To je Va\u0161e pr\u00e1vo. Ale ne\u0159\u00edkejte to nahlas, nebo budete n\u011bk\u00fdm lyn\u010dov\u00e1ni. V\u017edy se n\u011bkdo takov\u00fd najde. A v\u00edte co? \u010cert vezmi ban\u00e1ny, kter\u00e9 nebyly, barevn\u00e9 televize a mraz\u00e1ky, za kter\u00e9 se d\u00e1valy \u00faplatky. Dokonce i ty komunisty, kte\u0159\u00ed n\u00e1m st\u00e1li na krku. Celkov\u011b b\u00fdvala n\u00e1lada lep\u0161\u00ed, prost\u0159ed\u00ed sice zelektrizovan\u00e9, ale pozitivn\u011b. Humor byl b\u0159itk\u00fd a na hran\u011b, mo\u017en\u00e1 jsme necestovali, ale nakonec tvrdit, \u017ee te\u010f se m\u00e1me proti socialismu neskute\u010dn\u011b b\u00e1je\u010dn\u011b, je prost\u011b le\u017e. Opravdu jsem to napsal? No, abych nekecal, devades\u00e1tky byly je\u0161t\u011b lep\u0161\u00ed. A pak se to \u00fapln\u011b cel\u00e9 po\u2026.. V\u0161ak v\u00edte.<\/p>\n<p><a href=\"https:\/\/www.inadhled.live\/uvaha-dne\/chteli-byste-byt-zase-mladi-\/\">Jind\u0159ich Kulhav\u00fd<\/a><\/p>\n<p><img decoding=\"async\" loading=\"lazy\" class=\"alignnone size-full wp-image-48136\" src=\"http:\/\/www.infokuryr.cz\/n\/wp-content\/uploads\/2024\/02\/kulhavy-jindrich.jpg\" alt=\"\" width=\"219\" height=\"221\" srcset=\"https:\/\/www.infokuryr.cz\/n\/wp-content\/uploads\/2024\/02\/kulhavy-jindrich.jpg 219w, https:\/\/www.infokuryr.cz\/n\/wp-content\/uploads\/2024\/02\/kulhavy-jindrich-150x150.jpg 150w\" sizes=\"(max-width: 219px) 100vw, 219px\" \/><\/p>\n<p>&nbsp;<\/p>\n<\/div>\n","protected":false},"excerpt":{"rendered":"<p>Tuto ot\u00e1zku si mo\u017en\u00e1 pokl\u00e1d\u00e1te sami. Jen\u017ee\u2026 Rozklad spole\u010dnosti dos\u00e1hl ji\u017e takov\u00e9 m\u00edry, \u017ee se&#8230;<\/p>\n","protected":false},"author":2,"featured_media":90655,"comment_status":"closed","ping_status":"closed","sticky":false,"template":"","format":"standard","meta":[],"categories":[6],"tags":[229,1503,122,2385],"_links":{"self":[{"href":"https:\/\/www.infokuryr.cz\/n\/wp-json\/wp\/v2\/posts\/90654"}],"collection":[{"href":"https:\/\/www.infokuryr.cz\/n\/wp-json\/wp\/v2\/posts"}],"about":[{"href":"https:\/\/www.infokuryr.cz\/n\/wp-json\/wp\/v2\/types\/post"}],"author":[{"embeddable":true,"href":"https:\/\/www.infokuryr.cz\/n\/wp-json\/wp\/v2\/users\/2"}],"replies":[{"embeddable":true,"href":"https:\/\/www.infokuryr.cz\/n\/wp-json\/wp\/v2\/comments?post=90654"}],"version-history":[{"count":0,"href":"https:\/\/www.infokuryr.cz\/n\/wp-json\/wp\/v2\/posts\/90654\/revisions"}],"wp:featuredmedia":[{"embeddable":true,"href":"https:\/\/www.infokuryr.cz\/n\/wp-json\/wp\/v2\/media\/90655"}],"wp:attachment":[{"href":"https:\/\/www.infokuryr.cz\/n\/wp-json\/wp\/v2\/media?parent=90654"}],"wp:term":[{"taxonomy":"category","embeddable":true,"href":"https:\/\/www.infokuryr.cz\/n\/wp-json\/wp\/v2\/categories?post=90654"},{"taxonomy":"post_tag","embeddable":true,"href":"https:\/\/www.infokuryr.cz\/n\/wp-json\/wp\/v2\/tags?post=90654"}],"curies":[{"name":"wp","href":"https:\/\/api.w.org\/{rel}","templated":true}]}}