{"id":90650,"date":"2025-10-26T00:24:26","date_gmt":"2025-10-25T22:24:26","guid":{"rendered":"https:\/\/www.infokuryr.cz\/n\/?p=90650"},"modified":"2025-10-25T09:29:02","modified_gmt":"2025-10-25T07:29:02","slug":"nikdy-jsi-nevystrelil-a-presto-volas-po-valce-zmlkni","status":"publish","type":"post","link":"https:\/\/www.infokuryr.cz\/n\/2025\/10\/26\/nikdy-jsi-nevystrelil-a-presto-volas-po-valce-zmlkni\/","title":{"rendered":"Nikdy jsi nevyst\u0159elil, a p\u0159esto vol\u00e1\u0161 po v\u00e1lce? Zmlkni!"},"content":{"rendered":"<div id=\"fb-root\"><\/div>\n<p><strong><span dir=\"auto\">Nikdy neslou\u017eili, ale v pop\u0159ed\u00ed, pokud jde o po\u017eadavky na bojovou pohotovost: Takov\u00ed jsou, na\u0161i politici, mainstreamov\u00ed lid\u00e9 a ti, kte\u0159\u00ed z nich profituj\u00ed. To je nep\u0159ijateln\u00e9, zejm\u00e9na pro ty, kte\u0159\u00ed absolvovali vojenskou slu\u017ebu a vid\u011bli boji\u0161t\u011b na vlastn\u00ed o\u010di. B\u00fdval\u00fd novin\u00e1\u0159 Andreas K\u00fchn m\u00e1 n\u00e1vrh na zlep\u0161en\u00ed: Podd\u016fstojn\u00edci by ji\u017e nem\u011bli m\u00edt k t\u00e9to ot\u00e1zce slovo.<\/span><\/strong><\/p>\n<p><span dir=\"auto\">Dodatek na dobrou noc: V\u017edycky osciluji mezi hn\u011bvem a l\u00edtost\u00ed, kdy\u017e sly\u0161\u00edm du\u0161evn\u011b nemocn\u00e9 bl\u00e1bolit o \u201ekompetentnosti pro v\u00e1lku\u201c. Prvn\u00edm krokem ke zlep\u0161en\u00ed by bylo, kdyby v\u0161ichni podd\u016fstojn\u00edci u\u017e nemohli m\u00edt slovo. V\u011bt\u0161ina idiot\u016f nikdy nesly\u0161ela v\u00fdst\u0159el, nato\u017e aby ho vyst\u0159elila. Zaslou\u017e\u00ed si ho, ale pros\u00edm, dr\u017ete hubu!<\/span><\/p>\n<p><span dir=\"auto\">Rychl\u00e1 vzpom\u00ednka: Severovietnamsk\u00e1 arm\u00e1da, vojensk\u00fd v\u00fdcvikov\u00fd prostor Klietz, za\u010d\u00e1tek podzimu 1979. Nejjednodu\u0161\u0161\u00ed cvi\u010den\u00ed: vykopat z\u00e1kop, nechat tank p\u0159ejet a pak na n\u011bj hodit ru\u010dn\u00ed gran\u00e1t. To je teorie. Pozorn\u00ed a zku\u0161en\u00ed tankist\u00e9 by si v\u00e1s v\u0161imli, jednou nebo dvakr\u00e1t prudce zato\u010dili nad va\u0161\u00edm z\u00e1kopem \u2013 a za\u017eiva by v\u00e1s poh\u0159bili. To by v p\u0159\u00edpad\u011b nouze nikdo necht\u011bl!<\/span><\/p>\n<p><span dir=\"auto\">Obrn\u011bn\u00fd transport\u00e9r 60 PB, kter\u00fd byl v t\u00e9 dob\u011b b\u011b\u017en\u00fd, m\u011bl mimo jin\u00e9 jako palubn\u00ed v\u00fdzbroj 14,5mm kulomet KPWT. Bylo hrozn\u00e9, co se s n\u00edm dalo d\u011blat! Nikdy jsem nevid\u011bl \u00fato\u010dn\u00e9 vrtuln\u00edky st\u0159\u00edlet ostrou palbu. Ale pouh\u00e9 p\u0159ibl\u00ed\u017een\u00ed t\u011bsn\u011b nad zem\u00ed sta\u010dilo. V roce 1996 jsem str\u00e1vil dv\u011b hodiny s b\u00fdval\u00fdm pilotem \u00fato\u010dn\u00e9ho vrtuln\u00edku NVA z Berl\u00edna-Tempelhofu. Cestou dom\u016f mi dal p\u00e1r \u201eochutn\u00e1vek\u201c sv\u00fdch dovednost\u00ed. Byl jsem r\u00e1d, \u017ee jsem se udr\u017eel v \u00fastran\u00ed. A neodva\u017euji se p\u0159edstavit si, co by ten \u010f\u00e1bel mohl ud\u011blat v p\u0159\u00edpad\u011b nouze.<\/span><\/p>\n<p><span dir=\"auto\">Zamyslel se n\u011bkdy n\u011bkter\u00fd z t\u011bchto v\u00e1le\u010dn\u00fdch v\u0159\u00edskot\u016f nad o\u0161kliv\u00fdm zvukem, kter\u00fd vyd\u00e1v\u00e1, kdy\u017e bojov\u00fd n\u016f\u017e nebo kulka pronikne t\u011blem v boji zbl\u00edzka? M\u00e1 n\u011bkdo z t\u011bchto lid\u00ed by\u0165 jen mlhavou p\u0159edstavu o tom, jak to zn\u00ed, kdy\u017e p\u00e1sy tank\u016f p\u0159ej\u00ed\u017ed\u011bj\u00ed po lidsk\u00fdch kon\u010detin\u00e1ch?<\/span><\/p>\n<p><span dir=\"auto\">Od roku 1999 nev\u00edm, jak vypadaj\u00ed boji\u0161t\u011b. D\u00edky bohu! Nem\u00e1m nejmen\u0161\u00ed tu\u0161en\u00ed, \u010deho dnes dok\u00e1\u017eou drony a \u201echytr\u00e1\u201c munice. Ale jsem velmi pro to, aby se ti, kte\u0159\u00ed jsou moment\u00e1ln\u011b nejhlasit\u011bj\u0161\u00ed, p\u0159ipravili na v\u00e1lku jako prvn\u00ed a byli posl\u00e1ni na n\u011bjakou frontu.<\/span><\/p>\n<p><span dir=\"auto\">Nic pro m\u011b te\u010f nen\u00ed d\u016fle\u017eit\u011bj\u0161\u00ed ne\u017e rok m\u00e9ho narozen\u00ed. Ale i kdybych byl mlad\u0161\u00ed, nezvedl bych zbra\u0148 za N\u011bmecko Larse a Fritze.<\/span><\/p>\n<p><em><span dir=\"auto\">Koment\u00e1\u0159<a href=\"https:\/\/report24.news\/noch-nie-einen-schuss-abgefeuert-aber-krieg-fordern-schnauze-halten\/\"> Andrease K\u00fchna<\/a><\/span><\/em><\/p>\n<p>&nbsp;<\/p>\n","protected":false},"excerpt":{"rendered":"<p>Nikdy neslou\u017eili, ale v pop\u0159ed\u00ed, pokud jde o po\u017eadavky na bojovou pohotovost: Takov\u00ed jsou, na\u0161i&#8230;<\/p>\n","protected":false},"author":2,"featured_media":90651,"comment_status":"closed","ping_status":"closed","sticky":false,"template":"","format":"standard","meta":[],"categories":[7],"tags":[1503,9961,429,40],"_links":{"self":[{"href":"https:\/\/www.infokuryr.cz\/n\/wp-json\/wp\/v2\/posts\/90650"}],"collection":[{"href":"https:\/\/www.infokuryr.cz\/n\/wp-json\/wp\/v2\/posts"}],"about":[{"href":"https:\/\/www.infokuryr.cz\/n\/wp-json\/wp\/v2\/types\/post"}],"author":[{"embeddable":true,"href":"https:\/\/www.infokuryr.cz\/n\/wp-json\/wp\/v2\/users\/2"}],"replies":[{"embeddable":true,"href":"https:\/\/www.infokuryr.cz\/n\/wp-json\/wp\/v2\/comments?post=90650"}],"version-history":[{"count":0,"href":"https:\/\/www.infokuryr.cz\/n\/wp-json\/wp\/v2\/posts\/90650\/revisions"}],"wp:featuredmedia":[{"embeddable":true,"href":"https:\/\/www.infokuryr.cz\/n\/wp-json\/wp\/v2\/media\/90651"}],"wp:attachment":[{"href":"https:\/\/www.infokuryr.cz\/n\/wp-json\/wp\/v2\/media?parent=90650"}],"wp:term":[{"taxonomy":"category","embeddable":true,"href":"https:\/\/www.infokuryr.cz\/n\/wp-json\/wp\/v2\/categories?post=90650"},{"taxonomy":"post_tag","embeddable":true,"href":"https:\/\/www.infokuryr.cz\/n\/wp-json\/wp\/v2\/tags?post=90650"}],"curies":[{"name":"wp","href":"https:\/\/api.w.org\/{rel}","templated":true}]}}