{"id":90646,"date":"2025-10-26T00:23:24","date_gmt":"2025-10-25T22:23:24","guid":{"rendered":"https:\/\/www.infokuryr.cz\/n\/?p=90646"},"modified":"2025-10-25T09:23:00","modified_gmt":"2025-10-25T07:23:00","slug":"eu-od-prislibu-svobody-k-vezeni-pod-sirym-nebem","status":"publish","type":"post","link":"https:\/\/www.infokuryr.cz\/n\/2025\/10\/26\/eu-od-prislibu-svobody-k-vezeni-pod-sirym-nebem\/","title":{"rendered":"EU: Od p\u0159\u00edslibu svobody k v\u011bzen\u00ed pod \u0161ir\u00fdm nebem"},"content":{"rendered":"<div id=\"fb-root\"><\/div>\n<p><strong><span dir=\"auto\">EU, kdysi prezentovan\u00e1 jako ba\u0161ta svobody a m\u00edru, se st\u00e1le v\u00edce odhaluje jako v\u0161ezahrnuj\u00edc\u00ed apar\u00e1t sledov\u00e1n\u00ed a kontroly. V N\u011bmecku, po ve\u0159ejn\u00e9m protestu proti kontrole chatu v EU, se CDU n\u00e1hle ofici\u00e1ln\u011b stav\u00ed proti masov\u00e9mu sledov\u00e1n\u00ed. M\u00edsto toho Merz prosazuje \u201epreventivn\u00ed sledov\u00e1n\u00ed telekomunikac\u00ed\u201c. Brambor, brambor, jak by \u0159ekl filozof. N\u00e1\u0161 kontinent se m\u011bn\u00ed v gigantick\u00e9 v\u011bzen\u00ed pod \u0161ir\u00fdm nebem. Ob\u010dan\u00e9 maj\u00ed b\u00fdt kontrolov\u00e1ni prost\u0159ednictv\u00edm digit\u00e1ln\u00ed identity, pen\u011bz centr\u00e1ln\u00ed banky a cenzury. Svoboda u\u017e nen\u00ed mo\u017enost.<\/span><\/strong><\/p>\n<p><span dir=\"auto\">Spou\u0161t\u011b\u010dem Merzova posledn\u00edho obratu byla debata EU o kontrole chatu. \u00dast\u0159edn\u00ed v\u00fdbor EU cht\u011bl donutit aplikace pro zas\u00edl\u00e1n\u00ed zpr\u00e1v, jako je WhatsApp, aby bezd\u016fvodn\u011b skenovaly v\u0161echny zpr\u00e1vy ob\u010dan\u016f \u2013 to v\u0161e zd\u00e1nliv\u011b ve jm\u00e9nu ochrany d\u011bt\u00ed. Probl\u00e9m se v\u0161ak stal nadm\u011brn\u011b ve\u0159ejn\u00fdm a odpor ve\u0159ejnosti rostl. Parlamentn\u00ed skupina CDU\/CSU se p\u0159idala k trendu svobody projevu. Nebo se alespo\u0148 tv\u00e1\u0159ila, \u017ee to d\u011bl\u00e1. Odm\u00edtla hromadn\u00e9 sledov\u00e1n\u00ed bezd\u016fvodn\u011b \u2013 co\u017e je v pr\u00e1vn\u00edm st\u00e1t\u011b tabu, jak se \u0159\u00edkalo. Friedrich Merz na tiskov\u00e9 konferenci zd\u016fraznil hodnotu ochrany z\u00e1kladn\u00edch pr\u00e1v. Zrovna Merz, jeho\u017e CDU po l\u00e9ta poru\u0161ovala v\u0161echna z\u00e1kladn\u00ed pr\u00e1va. Pandemie, pamatujete si? \u200b\u200bProto\u017ee jako v\u017edy je tu h\u00e1\u010dek. Merzova modernizace z\u00e1kona o feder\u00e1ln\u00ed policii stanov\u00ed \u201epreventivn\u00ed telekomunika\u010dn\u00ed dohled\u201c.<\/span><\/p>\n<figure class=\"wp-block-embed is-type-rich is-provider-twitter wp-block-embed-twitter\">\n<div class=\"wp-block-embed__wrapper\">\n<div class=\"twitter-tweet twitter-tweet-rendered\"><iframe id=\"twitter-widget-0\" class=\"\" title=\"X P\u0159\u00edsp\u011bvek\" src=\"https:\/\/platform.twitter.com\/embed\/Tweet.html?dnt=true&amp;embedId=twitter-widget-0&amp;features=eyJ0ZndfdGltZWxpbmVfbGlzdCI6eyJidWNrZXQiOltdLCJ2ZXJzaW9uIjpudWxsfSwidGZ3X2ZvbGxvd2VyX2NvdW50X3N1bnNldCI6eyJidWNrZXQiOnRydWUsInZlcnNpb24iOm51bGx9LCJ0ZndfdHdlZXRfZWRpdF9iYWNrZW5kIjp7ImJ1Y2tldCI6Im9uIiwidmVyc2lvbiI6bnVsbH0sInRmd19yZWZzcmNfc2Vzc2lvbiI6eyJidWNrZXQiOiJvbiIsInZlcnNpb24iOm51bGx9LCJ0ZndfZm9zbnJfc29mdF9pbnRlcnZlbnRpb25zX2VuYWJsZWQiOnsiYnVja2V0Ijoib24iLCJ2ZXJzaW9uIjpudWxsfSwidGZ3X21peGVkX21lZGlhXzE1ODk3Ijp7ImJ1Y2tldCI6InRyZWF0bWVudCIsInZlcnNpb24iOm51bGx9LCJ0ZndfZXhwZXJpbWVudHNfY29va2llX2V4cGlyYXRpb24iOnsiYnVja2V0IjoxMjA5NjAwLCJ2ZXJzaW9uIjpudWxsfSwidGZ3X3Nob3dfYmlyZHdhdGNoX3Bpdm90c19lbmFibGVkIjp7ImJ1Y2tldCI6Im9uIiwidmVyc2lvbiI6bnVsbH0sInRmd19kdXBsaWNhdGVfc2NyaWJlc190b19zZXR0aW5ncyI6eyJidWNrZXQiOiJvbiIsInZlcnNpb24iOm51bGx9LCJ0ZndfdXNlX3Byb2ZpbGVfaW1hZ2Vfc2hhcGVfZW5hYmxlZCI6eyJidWNrZXQiOiJvbiIsInZlcnNpb24iOm51bGx9LCJ0ZndfdmlkZW9faGxzX2R5bmFtaWNfbWFuaWZlc3RzXzE1MDgyIjp7ImJ1Y2tldCI6InRydWVfYml0cmF0ZSIsInZlcnNpb24iOm51bGx9LCJ0ZndfbGVnYWN5X3RpbWVsaW5lX3N1bnNldCI6eyJidWNrZXQiOnRydWUsInZlcnNpb24iOm51bGx9LCJ0ZndfdHdlZXRfZWRpdF9mcm9udGVuZCI6eyJidWNrZXQiOiJvbiIsInZlcnNpb24iOm51bGx9fQ%3D%3D&amp;frame=false&amp;hideCard=false&amp;hideThread=false&amp;id=1975878278838968488&amp;lang=cs&amp;origin=https%3A%2F%2Freport24.news%2Feu-vom-freiheitsversprechen-zum-freiluftknast%2F&amp;sessionId=df044c8d65276fdef4ae61d76a96c9793e6d1f74&amp;theme=light&amp;widgetsVersion=2615f7e52b7e0%3A1702314776716&amp;width=550px\" frameborder=\"0\" scrolling=\"no\" allowfullscreen=\"allowfullscreen\" data-tweet-id=\"1975878278838968488\" data-mce-fragment=\"1\"><\/iframe><\/div>\n<\/div>\n<\/figure>\n<p><span dir=\"auto\">Kontrola chatu se st\u00e1v\u00e1 preventivn\u00edm dohledem nad komunikac\u00ed. Star\u00e9 v\u00edno do nov\u00fdch lahv\u00ed \u2013 v nad\u011bji, \u017ee si ob\u010dan\u00e9 triku nev\u0161imnou.<\/span><\/p>\n<p><span dir=\"auto\">Ale nemysl\u00edm si, \u017ee je to v\u016fbec \u0161patn\u00e1 v\u011bc. Vl\u00e1dnouc\u00ed t\u0159\u00edda je odd\u00e1na sv\u00fdm z\u00e1m\u011br\u016fm. Pro\u010d by \u00fa\u0159ady nem\u011bly \u010d\u00edst ka\u017ed\u00fd dopis od ka\u017ed\u00e9ho ob\u010dana, ne\u017e ho ode\u0161lou? Koneckonc\u016f, to je standardn\u00ed praxe ve v\u011bznic\u00edch \u2013 a p\u0159esn\u011b tam EU sm\u011b\u0159uje. Z\u00e1kon o digit\u00e1ln\u00edch slu\u017eb\u00e1ch (DSA), platn\u00fd od roku 2022, nut\u00ed platformy k \u201emoderov\u00e1n\u00ed obsahu\u201c. Je t\u0159eba bojovat proti neleg\u00e1ln\u00edmu obsahu, nen\u00e1vistn\u00fdm projev\u016fm a dezinformac\u00edm. Ale co to znamen\u00e1, ur\u010duj\u00ed \u00fa\u0159edn\u00edci \u00dast\u0159edn\u00edho v\u00fdboru EU. Ka\u017ed\u00fd, kdo tvrd\u00ed, \u017ee politika vl\u00e1dnouc\u00ed t\u0159\u00eddy n\u00e1s vede do zk\u00e1zy (Rusov\u00e9! Klima! Virus!), nebo \u2013 nedej bo\u017ee \u2013 trv\u00e1 na tom, \u017ee existuj\u00ed pouze dv\u011b biologick\u00e1 pohlav\u00ed, bude pron\u00e1sledov\u00e1n jako \u0161i\u0159itel dezinformac\u00ed, nen\u00e1visti a podn\u011bcov\u00e1n\u00ed. A\u0165 \u017eije orwellovsk\u00e9 Ministerstvo pravdy.<\/span><\/p>\n<p><span dir=\"auto\">Krom\u011b hromadn\u00e9ho sledov\u00e1n\u00ed a cenzury se zav\u00e1d\u00ed i digit\u00e1ln\u00ed pen\u011b\u017eenka EU (EU Digital Identity Wallet). Do roku 2026 bude m\u00edt ka\u017ed\u00fd ob\u010dan digit\u00e1ln\u00ed pen\u011b\u017eenku, kter\u00e1 bude uchov\u00e1vat jeho identitu, dokumenty a v\u0161echny platby. Podle Bruselu je to dokonal\u00fd n\u00e1stroj kontroly, ale zcela bez jak\u00fdchkoli nedemokratick\u00fdch postrann\u00edch \u00famysl\u016f. Posledn\u00edm h\u0159eb\u00ed\u010dkem do rakve svobody je digit\u00e1ln\u00ed euro, tedy\u00a0<\/span><a href=\"https:\/\/www.ecb.europa.eu\/euro\/digital_euro\/html\/index.en.html\" target=\"_blank\" rel=\"noreferrer noopener\"><span dir=\"auto\">CBDC EU<\/span><\/a><span dir=\"auto\"> . ECB ho pl\u00e1nuje spustit nejpozd\u011bji do roku 2029. Pou\u017e\u00edv\u00e1n\u00ed hotovosti je nesledovateln\u00e9 a nekontrolovateln\u00e9. Pen\u00edze centr\u00e1ln\u00ed banky v\u0161ak umo\u017e\u0148uj\u00ed absolutn\u00ed kontrolu nad v\u0161emi transakcemi.<\/span><\/p>\n<p><span dir=\"auto\">Vznik\u00e1 s\u00ed\u0165 digit\u00e1ln\u00edho dohledu a kontroly, kter\u00e1 monitoruje a kontroluje ka\u017ed\u00fd krok ob\u010dan\u016f. V\u00e1\u0161 rozpo\u010det svobody (tuto fr\u00e1zi jsem ukradl od n\u011bmeck\u00e9ho Spolkov\u00e9ho \u00fastavn\u00edho soudu) na tento m\u011bs\u00edc byl vy\u010derp\u00e1n? \u0160koda, \u017ee va\u0161e pen\u011b\u017eenka u\u017e neumo\u017e\u0148uje n\u00e1kupy. U\u017e \u017e\u00e1dn\u00e1 dovolen\u00e1 ani \u0159\u00edzek. \u0160\u00ed\u0159\u00edte nen\u00e1vist, podn\u011bcov\u00e1n\u00ed nebo dezinformace? Podporujete dokonce \u0161patnou stranu? Va\u0161e pen\u011b\u017eenka blokuje p\u0159\u00edstup ke v\u0161em platb\u00e1m.<\/span><\/p>\n<p><span dir=\"auto\">Je to dokonal\u00e1 diktatura. EU, zalo\u017een\u00e1 k zaji\u0161t\u011bn\u00ed prosperity a m\u00edru, mutuje v totalitn\u00ed dohledovou byrokracii. Budoucnost, jak si ji p\u0159edstavuj\u00ed na\u0161e vl\u00e1dnouc\u00ed elity, p\u0159inese ob\u010dan\u016fm obrovsk\u00e9 v\u011bzen\u00ed pod \u0161ir\u00fdm nebem. Pro elity zru\u0161en\u00ed ve\u0161ker\u00e9 kontroly a odpov\u011bdnosti. A samoz\u0159ejm\u011b mo\u017enost obohatit se na \u00fakor ob\u010dan\u016f. Jachta se mus\u00ed n\u011bjak financovat. Pan\u00ed von der Leyenov\u00e1 a jej\u00ed spolupracovn\u00edci \u010detli Orwella. A pravd\u011bpodobn\u011b ho ch\u00e1pali jako vod\u00edtko.<\/span><\/p>\n<p><em><span dir=\"auto\">Koment\u00e1\u0159 <a href=\"https:\/\/report24.news\/eu-vom-freiheitsversprechen-zum-freiluftknast\/\">Chrise Vebera<\/a><\/span><\/em><\/p>\n<p>&nbsp;<\/p>\n","protected":false},"excerpt":{"rendered":"<p>EU, kdysi prezentovan\u00e1 jako ba\u0161ta svobody a m\u00edru, se st\u00e1le v\u00edce odhaluje jako v\u0161ezahrnuj\u00edc\u00ed apar\u00e1t&#8230;<\/p>\n","protected":false},"author":2,"featured_media":90647,"comment_status":"closed","ping_status":"closed","sticky":false,"template":"","format":"standard","meta":[],"categories":[7],"tags":[41,1503,5187,847],"_links":{"self":[{"href":"https:\/\/www.infokuryr.cz\/n\/wp-json\/wp\/v2\/posts\/90646"}],"collection":[{"href":"https:\/\/www.infokuryr.cz\/n\/wp-json\/wp\/v2\/posts"}],"about":[{"href":"https:\/\/www.infokuryr.cz\/n\/wp-json\/wp\/v2\/types\/post"}],"author":[{"embeddable":true,"href":"https:\/\/www.infokuryr.cz\/n\/wp-json\/wp\/v2\/users\/2"}],"replies":[{"embeddable":true,"href":"https:\/\/www.infokuryr.cz\/n\/wp-json\/wp\/v2\/comments?post=90646"}],"version-history":[{"count":0,"href":"https:\/\/www.infokuryr.cz\/n\/wp-json\/wp\/v2\/posts\/90646\/revisions"}],"wp:featuredmedia":[{"embeddable":true,"href":"https:\/\/www.infokuryr.cz\/n\/wp-json\/wp\/v2\/media\/90647"}],"wp:attachment":[{"href":"https:\/\/www.infokuryr.cz\/n\/wp-json\/wp\/v2\/media?parent=90646"}],"wp:term":[{"taxonomy":"category","embeddable":true,"href":"https:\/\/www.infokuryr.cz\/n\/wp-json\/wp\/v2\/categories?post=90646"},{"taxonomy":"post_tag","embeddable":true,"href":"https:\/\/www.infokuryr.cz\/n\/wp-json\/wp\/v2\/tags?post=90646"}],"curies":[{"name":"wp","href":"https:\/\/api.w.org\/{rel}","templated":true}]}}