{"id":90640,"date":"2025-10-26T00:20:06","date_gmt":"2025-10-25T22:20:06","guid":{"rendered":"https:\/\/www.infokuryr.cz\/n\/?p=90640"},"modified":"2025-10-25T09:10:21","modified_gmt":"2025-10-25T07:10:21","slug":"leo-hohmann-velka-nahrada-je-v-plnem-proudu-a-neni-to-ta-na-kterou-myslite","status":"publish","type":"post","link":"https:\/\/www.infokuryr.cz\/n\/2025\/10\/26\/leo-hohmann-velka-nahrada-je-v-plnem-proudu-a-neni-to-ta-na-kterou-myslite\/","title":{"rendered":"Leo Hohmann: Velk\u00e1 n\u00e1hrada je v pln\u00e9m proudu a nen\u00ed to ta, na kterou mysl\u00edte"},"content":{"rendered":"<div id=\"fb-root\"><\/div>\n<div class=\"elementor-element elementor-element-1fb4c2c elementor-widget elementor-widget-theme-post-content\" data-id=\"1fb4c2c\" data-element_type=\"widget\" data-widget_type=\"theme-post-content.default\">\n<div class=\"elementor-widget-container\">\n<p><strong><span dir=\"auto\">V Amazonu je v\u0161e v po\u0159\u00e1dku, ale kolik dal\u0161\u00edch velk\u00fdch zam\u011bstnavatel\u016f m\u00e1 podobn\u00e9 pl\u00e1ny? Co se stane, kdy\u017e miliony lid\u00ed nahrad\u00ed roboti a um\u011bl\u00e1 inteligence? Pro\u010d o tom nikdo nemluv\u00ed?<\/span><\/strong><\/p>\n<p><span dir=\"auto\">Nov\u00e1 zpr\u00e1va z tohoto t\u00fddne ukazuje, \u017ee Amazon zrychluje automatizaci a drasticky sni\u017euje svou z\u00e1vislost na lidech. To spole\u010dnosti umo\u017en\u00ed do roku 2027 obsadit v\u00edce ne\u017e 160 000 pracovn\u00edch m\u00edst bez skute\u010dn\u00fdch lidsk\u00fdch zam\u011bstnanc\u016f.<\/span><\/p>\n<p><span dir=\"auto\">To je za necel\u00e9 dva roky. Pokud ale \u010d\u00edsla extrapolujete do roku 2033, vypad\u00e1 to je\u0161t\u011b h\u016f\u0159: Amazon ru\u0161\u00ed 600 000 pracovn\u00edch m\u00edst, kter\u00e1 by jinak musela b\u00fdt obsazena. Vypl\u00fdv\u00e1 to z intern\u00edch dokument\u016f, na kter\u00e9 citoval New York Times.<\/span><\/p>\n<p><span dir=\"auto\">Vyu\u017eit\u00ed robot\u016f s um\u011blou inteligenc\u00ed k nahrazen\u00ed lidsk\u00fdch pracovn\u00edk\u016f je sou\u010d\u00e1st\u00ed strategie, jej\u00edm\u017e c\u00edlem je zdvojn\u00e1sobit tr\u017eby spole\u010dnosti a z\u00e1rove\u0148 v\u00fdrazn\u011b sn\u00ed\u017eit n\u00e1klady na pracovn\u00ed s\u00edlu. Stru\u010dn\u011b \u0159e\u010deno, roboti s um\u011blou inteligenc\u00ed jsou kl\u00ed\u010dem k neb\u00fdval\u00e9mu zv\u00fd\u0161en\u00ed zisk\u016f Amazonu.<\/span><\/p>\n<p><span dir=\"auto\">Spole\u010dnost si klade za c\u00edl automatizovat 75 % sv\u00fdch pracovn\u00edch postup\u016f a sv\u00e9 robotick\u00e9 \u00fasil\u00ed popisuje jako \u201epokro\u010dil\u00e9 technologie\u201c a \u201ekoboty\u201c. Zn\u00ed to dob\u0159e, \u017ee?<\/span><\/p>\n<p><span dir=\"auto\">Kdyby tohle d\u011blal jen Amazon, bylo by to znepokojiv\u00e9. Amazon je t\u0159et\u00edm nejv\u011bt\u0161\u00edm zam\u011bstnavatelem v zemi, hned za feder\u00e1ln\u00ed vl\u00e1dou a Walmartem.<\/span><\/p>\n<p><span dir=\"auto\">Ale co kdyby v\u0161ichni nebo v\u011bt\u0161ina nejv\u011bt\u0161\u00edch americk\u00fdch zam\u011bstnavatel\u016f pracovala na podobn\u00fdch strategi\u00edch s podobn\u00fdm \u010dasov\u00fdm harmonogramem? Co kdyby ve v\u011bku um\u011bl\u00e9 inteligence a robot\u016f v\u0161ichni pl\u00e1novali vyu\u017e\u00edt tuto technologii naplno v p\u0159\u00ed\u0161t\u00edch t\u0159ech a\u017e sedmi letech? Mluv\u00edme o kolosu, kter\u00fd ni\u010d\u00ed pracovn\u00ed m\u00edsta a m\u00e1 obrovsk\u00e9 d\u016fsledky pro americkou spole\u010dnost. Nejen pro Ameriku, ale pro cel\u00fd sv\u011bt. Co ud\u011bl\u00e1me s miliony lidsk\u00fdch pracovn\u00edk\u016f, kter\u00e9 nahradily stroje a algoritmy poh\u00e1n\u011bn\u00e9 um\u011blou inteligenc\u00ed?<\/span><\/p>\n<p><span dir=\"auto\">Je to dilema, o kter\u00e9m chce jen velmi m\u00e1lo na\u0161ich volen\u00fdch z\u00e1stupc\u016f mluvit. Rad\u011bji vychvaluj\u00ed z\u00e1zraky um\u011bl\u00e9 inteligence a pop\u00edraj\u00ed jej\u00ed temnou str\u00e1nku. Ale lhan\u00ed o skute\u010dn\u00fdch motivech spole\u010dnost\u00ed pro p\u0159ijet\u00ed um\u011bl\u00e9 inteligence a vyh\u00fdb\u00e1n\u00ed se konverzaci probl\u00e9m ne\u0159e\u0161\u00ed, \u017ee?<\/span><\/p>\n<p><span dir=\"auto\">Kde si v\u0161ichni nahrazen\u00ed a propu\u0161t\u011bn\u00ed pracovn\u00edci vyd\u011blaj\u00ed na \u017eivobyt\u00ed? Ne ka\u017ed\u00fd se m\u016f\u017ee st\u00e1t tesa\u0159em, instalat\u00e9rem nebo elektrik\u00e1\u0159em \u2013 tedy \u0159emesly, kter\u00e1 se st\u00e1le zdaj\u00ed b\u00fdt relativn\u011b bezpe\u010dn\u00e1 p\u0159ed velkolepou strategi\u00ed nahrazov\u00e1n\u00ed um\u011blou inteligenc\u00ed. Ne ka\u017ed\u00fd si m\u016f\u017ee zalo\u017eit vlastn\u00ed podnik, proto\u017ee to tak\u00e9 vy\u017eaduje ur\u010dit\u00e9 jedine\u010dn\u00e9 talenty.<\/span><\/p>\n<p><span dir=\"auto\">Proto Sam Altman, Elon Musk, Larry Ellison a mnoho dal\u0161\u00edch technologick\u00fdch gigant\u016f tak \u010dasto mluv\u00ed o univerz\u00e1ln\u00edm z\u00e1kladn\u00edm p\u0159\u00edjmu (UBI), kdy jsou lid\u00e9 pat\u0159\u00edc\u00ed do nov\u00e9 t\u0159\u00eddy zbyte\u010dn\u00fdch lid\u00ed placeni za to, aby sed\u011bli doma a nic ned\u011blali.<\/span><\/p>\n<p><span dir=\"auto\">Izraelsk\u00fd historik a futurista Juval Harari p\u00ed\u0161e:<\/span><\/p>\n<p><span dir=\"auto\">\u201eNejd\u016fle\u017eit\u011bj\u0161\u00ed ot\u00e1zkou v ekonomice 21. stolet\u00ed by mohlo b\u00fdt: Co bychom m\u011bli d\u011blat se v\u0161emi nadbyte\u010dn\u00fdmi lidmi, kdy\u017e m\u00e1me vysoce inteligentn\u00ed, nev\u011bdom\u00e9 algoritmy, kter\u00e9 dok\u00e1\u017eou t\u00e9m\u011b\u0159 v\u0161echno l\u00e9pe ne\u017e lid\u00e9?\u201c<\/span><\/p>\n<p><span dir=\"auto\">Harari dod\u00e1v\u00e1: \u201eV\u011bt\u0161ina toho, co se dnes d\u011bti u\u010d\u00ed ve \u0161kole, bude pravd\u011bpodobn\u011b irelevantn\u00ed, a\u017e jim bude 40.\u201c A to \u0159ekl v roce 2017. Technologie se od t\u00e9 doby zna\u010dn\u011b zrychlily.<\/span><\/p>\n<p><span dir=\"auto\">Harari nazna\u010duje, \u017ee nejlep\u0161\u00edm sc\u00e9n\u00e1\u0159em, v jak\u00fd m\u016f\u017eeme ohledn\u011b t\u011bchto vys\u00eddlen\u00fdch a \u201eneu\u017eite\u010dn\u00fdch\u201c pracovn\u00edk\u016f doufat, by mohlo b\u00fdt to, \u017ee budou z\u00e1bavn\u00ed videohrami a otup\u011bl\u00ed jakousi modern\u00ed s\u00f3mou. P\u0159ipou\u0161t\u00ed, \u017ee pocit naprost\u00e9 neu\u017eite\u010dnosti a nadbyte\u010dnosti je pro lidskou psychiku jen hor\u0161\u00ed ne\u017e utla\u010dov\u00e1n\u00ed.<\/span><\/p>\n<p><span dir=\"auto\">Tak\u017ee \u010del\u00edme mor\u00e1ln\u00edmu dilematu, kter\u00e9 vytvo\u0159ila um\u011bl\u00e1 inteligence a pokro\u010dil\u00e1 robotika, o kter\u00e9m politici necht\u011bj\u00ed mluvit. Sly\u0161\u00edme od nich jen to, jak \u00fa\u017easn\u00e1 um\u011bl\u00e1 inteligence je a jak ji mus\u00edme zvl\u00e1dnout a vyu\u017e\u00edt naplno, jinak v z\u00e1vod\u011b o jej\u00ed nahrazen\u00ed zaostaneme. Proto\u017ee pokud to neud\u011bl\u00e1me my, ud\u011blaj\u00ed to \u010c\u00ed\u0148an\u00e9, \u0159\u00edkaj\u00ed, a doufaj\u00ed, \u017ee uml\u010d\u00ed konverzaci pouhou zm\u00ednkou o \u010d\u00ednsk\u00e9m stra\u0161\u00e1kovi.<\/span><\/p>\n<p><span dir=\"auto\">To nesta\u010d\u00ed, kdy\u017e miliony Ameri\u010dan\u016f p\u0159ijdou o pr\u00e1ci a vyjdou do ulic, proto\u017ee nemaj\u00ed jak u\u017eivit sv\u00e9 rodiny a nemaj\u00ed nad\u011bji do budoucna.<\/span><\/p>\n<p><span dir=\"auto\">Mo\u017en\u00e1 to vysv\u011btluje, pro\u010d globalist\u00e9 a technokrat\u00e9 tak r\u00e1di ozna\u010duj\u00ed a ozna\u010duj\u00ed ka\u017ed\u00e9ho biometrick\u00fdm digit\u00e1ln\u00edm identifika\u010dn\u00edm \u010d\u00edslem, aby mohli zv\u00fd\u0161it sv\u00e1 sledovac\u00ed opat\u0159en\u00ed v r\u00e1mci prevence kriminality, kter\u00e1 jim pom\u016f\u017ee udr\u017eet v\u0161echny na uzd\u011b.<\/span><\/p>\n<p><span dir=\"auto\">Nebo snad globalistick\u00e9 mocensk\u00e9 elity pl\u00e1nuj\u00ed vy\u0159e\u0161it dilema spole\u010dnosti s um\u011blou inteligenc\u00ed, kter\u00e1 ni\u010d\u00ed pracovn\u00ed m\u00edsta, prost\u0159ednictv\u00edm sv\u00fdch dlouhodob\u00fdch a sofistikovan\u00fdch pl\u00e1n\u016f na vylid\u0148ov\u00e1n\u00ed. To by jist\u011b vysv\u011btlovalo, pro\u010d se tyto mocensk\u00e9 elity zdaj\u00ed b\u00fdt tak dychtiv\u00e9 za\u010d\u00edt t\u0159et\u00ed sv\u011btovou v\u00e1lku s Ruskem.<\/span><\/p>\n<p><span dir=\"auto\">Mezit\u00edm se korpor\u00e1tn\u00ed m\u00e9dia budou sna\u017eit co nejd\u00e9le odv\u00e1d\u011bt na\u0161i pozornost od toho, co se skute\u010dn\u011b d\u011bje. Bude se tu to\u010dit kolem chleba a cirkus\u016f, s po\u0159\u00e1dnou d\u00e1vkou politick\u00e9ho dramatu, kter\u00e9 bude vm\u00edchat \u0161\u00e9fredaktor. Hele, vid\u011bli jste jeho nejnov\u011bj\u0161\u00ed video s um\u011blou inteligenc\u00ed, kde ze st\u00edha\u010dky F-16 h\u00e1z\u00ed na sv\u00e9 politick\u00e9 oponenty hov\u00ednka? To bylo fakt super, \u017ee? LOL.<\/span><\/p>\n<p><span dir=\"auto\">Je na\u010dase se ment\u00e1ln\u011b, fyzicky i duchovn\u011b p\u0159ipravit na z\u00e1sadn\u00ed zm\u011bny v na\u0161\u00ed spole\u010dnosti, kter\u00e9 se d\u011bj\u00ed z\u00e1vratnou rychlost\u00ed.<\/span><\/p>\n<p><span dir=\"auto\">Velk\u00e1 burza, poh\u00e1n\u011bn\u00e1 digit\u00e1ln\u00edm syst\u00e9mem ozna\u010dov\u00e1n\u00ed s um\u011blou inteligenc\u00ed, se buduje p\u0159\u00edmo p\u0159ed na\u0161ima o\u010dima. Ti, kte\u0159\u00ed distribuuj\u00ed vstupn\u00ed kl\u00ed\u010de, ji pop\u00ed\u0161\u00ed jako bezpe\u010dnou, pohodln\u011bj\u0161\u00ed a inkluzivn\u011bj\u0161\u00ed, skute\u010dnou digit\u00e1ln\u00ed \u0159\u00ed\u0161i div\u016f navr\u017eenou tak, aby v\u00e1m usnadnila a ud\u011blala \u0161\u0165astn\u011bj\u0161\u00ed \u017eivot. Ale jakmile se dostanete dovnit\u0159, budete sp\u00ed\u0161e p\u0159ipom\u00ednat v\u011bzen\u00ed. Vstoup\u00edte dovnit\u0159 dobrovoln\u011b? Budete koupeni nebo motivov\u00e1ni k p\u0159ipojen\u00ed? Budete donuceni? Budete donuceni? V\u0161echny tyto mo\u017enosti jsou na stole.<\/span><\/p>\n<\/div>\n<\/div>\n<div class=\"elementor-element elementor-element-8c57238 quelle dc-has-condition dc-condition-empty elementor-widget elementor-widget-heading\" data-id=\"8c57238\" data-element_type=\"widget\" data-widget_type=\"heading.default\">\n<div class=\"elementor-widget-container\">\n<h3 class=\"elementor-heading-title elementor-size-default\"><span style=\"font-size: 10pt;\"><a href=\"https:\/\/leohohmann.substack.com\/p\/the-great-replacement-is-underway?utm_source=post-email-title&amp;publication_id=787967&amp;post_id=176856825&amp;utm_campaign=email-post-title&amp;isFreemail=true&amp;r=pf6gr&amp;triedRedirect=true&amp;utm_medium=email\" target=\"_blank\" rel=\"nofollow noopener\"><span dir=\"auto\">Zdroj<\/span><\/a><\/span><\/h3>\n<p>&nbsp;<\/p>\n<\/div>\n<\/div>\n","protected":false},"excerpt":{"rendered":"<p>V Amazonu je v\u0161e v po\u0159\u00e1dku, ale kolik dal\u0161\u00edch velk\u00fdch zam\u011bstnavatel\u016f m\u00e1 podobn\u00e9 pl\u00e1ny? Co&#8230;<\/p>\n","protected":false},"author":2,"featured_media":90641,"comment_status":"closed","ping_status":"closed","sticky":false,"template":"","format":"standard","meta":[],"categories":[7],"tags":[1503,940,601,4346,2228],"_links":{"self":[{"href":"https:\/\/www.infokuryr.cz\/n\/wp-json\/wp\/v2\/posts\/90640"}],"collection":[{"href":"https:\/\/www.infokuryr.cz\/n\/wp-json\/wp\/v2\/posts"}],"about":[{"href":"https:\/\/www.infokuryr.cz\/n\/wp-json\/wp\/v2\/types\/post"}],"author":[{"embeddable":true,"href":"https:\/\/www.infokuryr.cz\/n\/wp-json\/wp\/v2\/users\/2"}],"replies":[{"embeddable":true,"href":"https:\/\/www.infokuryr.cz\/n\/wp-json\/wp\/v2\/comments?post=90640"}],"version-history":[{"count":0,"href":"https:\/\/www.infokuryr.cz\/n\/wp-json\/wp\/v2\/posts\/90640\/revisions"}],"wp:featuredmedia":[{"embeddable":true,"href":"https:\/\/www.infokuryr.cz\/n\/wp-json\/wp\/v2\/media\/90641"}],"wp:attachment":[{"href":"https:\/\/www.infokuryr.cz\/n\/wp-json\/wp\/v2\/media?parent=90640"}],"wp:term":[{"taxonomy":"category","embeddable":true,"href":"https:\/\/www.infokuryr.cz\/n\/wp-json\/wp\/v2\/categories?post=90640"},{"taxonomy":"post_tag","embeddable":true,"href":"https:\/\/www.infokuryr.cz\/n\/wp-json\/wp\/v2\/tags?post=90640"}],"curies":[{"name":"wp","href":"https:\/\/api.w.org\/{rel}","templated":true}]}}