{"id":9053,"date":"2022-03-12T05:32:09","date_gmt":"2022-03-12T04:32:09","guid":{"rendered":"http:\/\/www.infokuryr.cz\/n\/?p=9053"},"modified":"2022-03-12T05:32:09","modified_gmt":"2022-03-12T04:32:09","slug":"kyjev-starostum-mest-zakazal-humanitarni-kontakty-s-ruskem","status":"publish","type":"post","link":"https:\/\/www.infokuryr.cz\/n\/2022\/03\/12\/kyjev-starostum-mest-zakazal-humanitarni-kontakty-s-ruskem\/","title":{"rendered":"Kyjev starost\u016fm m\u011bst zak\u00e1zal humanit\u00e1rn\u00ed kontakty s Ruskem"},"content":{"rendered":"<div id=\"fb-root\"><\/div>\n<div class=\"article__header\">\n<div class=\"article__announce-text\">Starostov\u00e9 m\u011bst nemohou kv\u016fli z\u00e1kazu kyjevsk\u00fdch \u00fa\u0159ad\u016f kontaktovat ruskou stranu k organizaci humanit\u00e1rn\u00edch koridor\u016f, uvedl n\u00e1\u010deln\u00edk N\u00e1rodn\u00edho centra pro kontrolu obrany Rusk\u00e9 federace Michail Mizincev.<\/div>\n<\/div>\n<div class=\"article__body\">\n<div class=\"article__block\" data-type=\"quote\">\n<div class=\"article__quote\">\n<div class=\"article__quote-bg\">\n<div class=\"article__quote-bg-line\"><\/div>\n<\/div>\n<div class=\"article__quote-text\">\u201eKyjevsk\u00e9 \u00fa\u0159ady zak\u00e1zaly starost\u016fm m\u011bst jak\u00e9koliv kontakty s ruskou stranou, v\u010detn\u011b organizace humanit\u00e1rn\u00edch koridor\u016f. V\u0161ichni, kdo nesouhlas\u00ed, jsou prost\u011b zast\u0159eleni,\u201c uvedl Mizincev.<\/p>\n<p>\u00da\u010delem tohoto z\u00e1kazu je vytvo\u0159it v\u00edce mrtv\u00fdch.<\/p><\/div>\n<\/div>\n<\/div>\n<\/div>\n<div><\/div>\n<div><img decoding=\"async\" loading=\"lazy\" class=\"alignnone size-full wp-image-1185\" src=\"http:\/\/www.infokuryr.cz\/n\/wp-content\/uploads\/2021\/04\/kuryr-podpis.png\" alt=\"\" width=\"84\" height=\"24\" \/><\/div>\n<div><\/div>\n","protected":false},"excerpt":{"rendered":"<p>Starostov\u00e9 m\u011bst nemohou kv\u016fli z\u00e1kazu kyjevsk\u00fdch \u00fa\u0159ad\u016f kontaktovat ruskou stranu k organizaci humanit\u00e1rn\u00edch koridor\u016f, uvedl&#8230;<\/p>\n","protected":false},"author":2,"featured_media":6857,"comment_status":"closed","ping_status":"closed","sticky":false,"template":"","format":"standard","meta":[],"categories":[7],"tags":[221,871,26,720],"_links":{"self":[{"href":"https:\/\/www.infokuryr.cz\/n\/wp-json\/wp\/v2\/posts\/9053"}],"collection":[{"href":"https:\/\/www.infokuryr.cz\/n\/wp-json\/wp\/v2\/posts"}],"about":[{"href":"https:\/\/www.infokuryr.cz\/n\/wp-json\/wp\/v2\/types\/post"}],"author":[{"embeddable":true,"href":"https:\/\/www.infokuryr.cz\/n\/wp-json\/wp\/v2\/users\/2"}],"replies":[{"embeddable":true,"href":"https:\/\/www.infokuryr.cz\/n\/wp-json\/wp\/v2\/comments?post=9053"}],"version-history":[{"count":0,"href":"https:\/\/www.infokuryr.cz\/n\/wp-json\/wp\/v2\/posts\/9053\/revisions"}],"wp:featuredmedia":[{"embeddable":true,"href":"https:\/\/www.infokuryr.cz\/n\/wp-json\/wp\/v2\/media\/6857"}],"wp:attachment":[{"href":"https:\/\/www.infokuryr.cz\/n\/wp-json\/wp\/v2\/media?parent=9053"}],"wp:term":[{"taxonomy":"category","embeddable":true,"href":"https:\/\/www.infokuryr.cz\/n\/wp-json\/wp\/v2\/categories?post=9053"},{"taxonomy":"post_tag","embeddable":true,"href":"https:\/\/www.infokuryr.cz\/n\/wp-json\/wp\/v2\/tags?post=9053"}],"curies":[{"name":"wp","href":"https:\/\/api.w.org\/{rel}","templated":true}]}}