{"id":90520,"date":"2025-10-24T00:34:18","date_gmt":"2025-10-23T22:34:18","guid":{"rendered":"https:\/\/www.infokuryr.cz\/n\/?p=90520"},"modified":"2025-10-23T18:51:47","modified_gmt":"2025-10-23T16:51:47","slug":"sok-pro-duhovou-scenu-podezreni-z-detske-pornografie-proti-berlinske-drag-queen","status":"publish","type":"post","link":"https:\/\/www.infokuryr.cz\/n\/2025\/10\/24\/sok-pro-duhovou-scenu-podezreni-z-detske-pornografie-proti-berlinske-drag-queen\/","title":{"rendered":"\u0160ok pro duhovou sc\u00e9nu: Podez\u0159en\u00ed z d\u011btsk\u00e9 pornografie proti berl\u00ednsk\u00e9 drag queen"},"content":{"rendered":"<div id=\"fb-root\"><\/div>\n<p><strong><span dir=\"auto\">Obl\u00edben\u00e1 a zn\u00e1m\u00e1 drag queen \u201eJurassica Parka\u201c v z\u00e1\u0159iv\u00e9m a barevn\u00e9m Berl\u00edn\u011b \u010del\u00ed v\u00e1\u017en\u00fdm obvin\u011bn\u00edm: Um\u011blkyn\u011b, kter\u00e1 se vyd\u00e1v\u00e1 za \u017eenu, je \u00fadajn\u011b vy\u0161et\u0159ov\u00e1na pro podez\u0159en\u00ed z distribuce a dr\u017een\u00ed d\u011btsk\u00e9 pornografie.<\/span><\/strong><\/p>\n<p><span dir=\"auto\">Na oslniv\u00e9 berl\u00ednsk\u00e9 queer sc\u00e9n\u011b byla \u201eJurassica Parka\u201c d\u0159\u00edve pova\u017eov\u00e1na za barvitou a inkluzivn\u00ed postavu. Na akc\u00edch ji doprov\u00e1zel starosta CDU Wegner a 46let\u00e1 drag queen se stala v\u00fdznamnou politickou a spole\u010denskou ikonou. Nyn\u00ed to vy\u0161lo najevo: St\u00e1tn\u00ed zastupitelstv\u00ed vy\u0161et\u0159uje \u201eJurassicu Parku\u201c pro podez\u0159en\u00ed z distribuce a dr\u017een\u00ed d\u011btsk\u00e9 pornografie.<\/p>\n<p><\/span><\/p>\n<p><a href=\"https:\/\/x.com\/anti_grune\/status\/1981134319772127383\"><img decoding=\"async\" loading=\"lazy\" class=\"wp-image-90521 aligncenter\" src=\"http:\/\/www.infokuryr.cz\/n\/wp-content\/uploads\/2025\/10\/berlin-homoporno-297x300.jpg\" alt=\"\" width=\"621\" height=\"627\" srcset=\"https:\/\/www.infokuryr.cz\/n\/wp-content\/uploads\/2025\/10\/berlin-homoporno-297x300.jpg 297w, https:\/\/www.infokuryr.cz\/n\/wp-content\/uploads\/2025\/10\/berlin-homoporno-150x150.jpg 150w, https:\/\/www.infokuryr.cz\/n\/wp-content\/uploads\/2025\/10\/berlin-homoporno.jpg 567w\" sizes=\"(max-width: 621px) 100vw, 621px\" \/><\/a><\/p>\n<p>&nbsp;<\/p>\n<p><a href=\"https:\/\/www.berliner-kurier.de\/berlin\/schock-verdacht-gegen-berliner-dragqueen-jurassica-parka-li.10002157\" target=\"_blank\" rel=\"noreferrer noopener\"><span dir=\"auto\">Podle zpr\u00e1v m\u00e9di\u00ed<\/span><\/a><span dir=\"auto\">\u00a0policist\u00e9 ji\u017e v \u010dervenci leto\u0161n\u00edho roku na p\u0159\u00edkaz st\u00e1tn\u00edho zastupitelstv\u00ed prohledali byt bavi\u010de, kter\u00fd se vyd\u00e1val za \u017eenu\u00a0. Podle vy\u0161et\u0159ovatel\u016f byla spou\u0161t\u011b\u010dem zpr\u00e1va americk\u00e9 organizace NCMEC, kter\u00e1 upozornila na podez\u0159elou IP adresu. \u201eZa\u010d\u00e1tkem \u010dervence 2025 provedli berl\u00edn\u0161t\u00ed policist\u00e9 jm\u00e9nem berl\u00ednsk\u00e9ho st\u00e1tn\u00edho zastupitelstv\u00ed prohl\u00eddku domovn\u00ed adresy obvin\u011bn\u00e9ho v Berl\u00edn\u011b kv\u016fli podez\u0159en\u00ed z distribuce a dr\u017een\u00ed d\u011btsk\u00e9 pornografie,\u201c uvedl mluv\u010d\u00ed berl\u00ednsk\u00e9ho st\u00e1tn\u00edho zastupitelstv\u00ed. Hodnocen\u00ed d\u016fkaz\u016f st\u00e1le prob\u00edh\u00e1.<\/span><\/p>\n<p><span dir=\"auto\">Jurassica Parka, kter\u00e1 pou\u017e\u00edv\u00e1 mu\u017esk\u00e9 jm\u00e9no, je v posledn\u00edch letech nejen popul\u00e1rn\u00ed sou\u010d\u00e1st\u00ed \u201equeer\u201c subkultury, ale tak\u00e9 \u010dast\u00fdm hostem recepc\u00ed a politick\u00fdch p\u00f3di\u00ed. Kai Wegner, sou\u010dasn\u00fd berl\u00ednsk\u00fd starosta (CDU), byl s drag queen vid\u011bn stejn\u011b r\u00e1d jako jeho p\u0159edch\u016fdkyn\u011b Franziska Giffey (SPD), nyn\u00ed sen\u00e1torka pro hospod\u00e1\u0159sk\u00e9 z\u00e1le\u017eitosti. Ta byla b\u011bhem volebn\u00ed kampan\u011b v roce 2021 vyfotografov\u00e1na bok po boku s \u201eJurassicou Parkou\u201c.<\/span><\/p>\n<p><span dir=\"auto\">Drag queen se proslavil jako moder\u00e1tor talk show v divadle BKA v Kreuzbergu, kde hostovali i politik SPD Kevin K\u00fchnert a satirik ZDF Jan B\u00f6hmermann. Loni \u201eJurassica Parka\u201c cestovala do Tokia jako\u00a0<\/span><a href=\"https:\/\/www.instagram.com\/reel\/C58NTW8RouV\/\" target=\"_blank\" rel=\"noreferrer noopener\"><span dir=\"auto\">host n\u011bmeck\u00e9ho velvyslanectv\u00ed<\/span><\/a><span dir=\"auto\">\u00a0na Christopher Street Day. Byl tak\u00e9 \u017e\u00e1danou\u00a0<\/span><a href=\"https:\/\/de.wikipedia.org\/wiki\/Jurassica_Parka\" target=\"_blank\" rel=\"noreferrer noopener\"><span dir=\"auto\">tv\u00e1\u0159\u00ed<\/span><\/a><span dir=\"auto\">\u00a0bank a bal\u00edkov\u00fdch slu\u017eeb.<\/span><\/p>\n<p><span dir=\"auto\">Berl\u00ednsk\u00e9 st\u00e1tn\u00ed zastupitelstv\u00ed zd\u016fraz\u0148uje presumpci neviny. \u201eV\u00fdslovn\u011b upozor\u0148uji, \u017ee c\u00edlem prohl\u00eddky je nalezen\u00ed d\u016fkaz\u016f a \u017ee pr\u016fb\u011bh vy\u0161et\u0159ov\u00e1n\u00ed ur\u010d\u00ed, zda se sou\u010dasn\u00e9 podez\u0159en\u00ed skute\u010dn\u011b potvrd\u00ed \u2013 \u010di nikoli. Plat\u00ed presumpce neviny,\u201c \u0159ekl tisku mluv\u010d\u00ed.<\/span><\/p>\n<p><a href=\"https:\/\/www.instagram.com\/reel\/DQHpegqjN5R\/\" target=\"_blank\" rel=\"noreferrer noopener\"><span dir=\"auto\">\u0160esta\u010dty\u0159icetilet\u00fd mu\u017e se k ve\u0159ejnosti<\/span><\/a><span dir=\"auto\">\u00a0obr\u00e1til na Instagramu \u2013 tentokr\u00e1t bez kost\u00fdmu .\u00a0Mluvil o sv\u00e9 z\u00e1vislosti (\u201ezneu\u017e\u00edv\u00e1n\u00ed n\u00e1vykov\u00fdch l\u00e1tek\u201c) a \u201en\u011bkolika nehod\u00e1ch\u201c a uvedl, \u017ee ob\u010das \u201ezcela ztratil kontrolu\u201c. Tvrdil, \u017ee m\u00e1 jen m\u00e1lo jasno o p\u0159esn\u00e9m pozad\u00ed vy\u0161et\u0159ov\u00e1n\u00ed a zda bude vzneseno obvin\u011bn\u00ed, z\u016fst\u00e1v\u00e1 nejasn\u00e9: \u201eO\u010dek\u00e1v\u00e1 se, \u017ee vy\u0161et\u0159ov\u00e1n\u00ed bude n\u011bjakou dobu trvat.\u201c Tak\u00e9 informoval o sporech s dal\u0161\u00ed osobou z drag sc\u00e9ny, kter\u00e9 se d\u0159\u00edve sv\u011b\u0159il, a st\u011b\u017eoval si na \u00fatoky, kter\u00e9 se dokonce rovnaly pomluv\u011b.<\/span><\/p>\n<p><img decoding=\"async\" loading=\"lazy\" class=\"alignnone size-full wp-image-1185\" src=\"http:\/\/www.infokuryr.cz\/n\/wp-content\/uploads\/2021\/04\/kuryr-podpis.png\" alt=\"\" width=\"84\" height=\"24\" \/><\/p>\n<p>&nbsp;<\/p>\n","protected":false},"excerpt":{"rendered":"<p>Obl\u00edben\u00e1 a zn\u00e1m\u00e1 drag queen \u201eJurassica Parka\u201c v z\u00e1\u0159iv\u00e9m a barevn\u00e9m Berl\u00edn\u011b \u010del\u00ed v\u00e1\u017en\u00fdm obvin\u011bn\u00edm:&#8230;<\/p>\n","protected":false},"author":2,"featured_media":90522,"comment_status":"closed","ping_status":"closed","sticky":false,"template":"","format":"standard","meta":[],"categories":[7],"tags":[233,206,1226,529,3843],"_links":{"self":[{"href":"https:\/\/www.infokuryr.cz\/n\/wp-json\/wp\/v2\/posts\/90520"}],"collection":[{"href":"https:\/\/www.infokuryr.cz\/n\/wp-json\/wp\/v2\/posts"}],"about":[{"href":"https:\/\/www.infokuryr.cz\/n\/wp-json\/wp\/v2\/types\/post"}],"author":[{"embeddable":true,"href":"https:\/\/www.infokuryr.cz\/n\/wp-json\/wp\/v2\/users\/2"}],"replies":[{"embeddable":true,"href":"https:\/\/www.infokuryr.cz\/n\/wp-json\/wp\/v2\/comments?post=90520"}],"version-history":[{"count":1,"href":"https:\/\/www.infokuryr.cz\/n\/wp-json\/wp\/v2\/posts\/90520\/revisions"}],"predecessor-version":[{"id":90523,"href":"https:\/\/www.infokuryr.cz\/n\/wp-json\/wp\/v2\/posts\/90520\/revisions\/90523"}],"wp:featuredmedia":[{"embeddable":true,"href":"https:\/\/www.infokuryr.cz\/n\/wp-json\/wp\/v2\/media\/90522"}],"wp:attachment":[{"href":"https:\/\/www.infokuryr.cz\/n\/wp-json\/wp\/v2\/media?parent=90520"}],"wp:term":[{"taxonomy":"category","embeddable":true,"href":"https:\/\/www.infokuryr.cz\/n\/wp-json\/wp\/v2\/categories?post=90520"},{"taxonomy":"post_tag","embeddable":true,"href":"https:\/\/www.infokuryr.cz\/n\/wp-json\/wp\/v2\/tags?post=90520"}],"curies":[{"name":"wp","href":"https:\/\/api.w.org\/{rel}","templated":true}]}}