{"id":9051,"date":"2022-03-12T05:26:53","date_gmt":"2022-03-12T04:26:53","guid":{"rendered":"http:\/\/www.infokuryr.cz\/n\/?p=9051"},"modified":"2022-03-12T05:25:05","modified_gmt":"2022-03-12T04:25:05","slug":"p-c-roberts-ukrajina-hostila-americke-nelegalni-biovalecne-laboratore","status":"publish","type":"post","link":"https:\/\/www.infokuryr.cz\/n\/2022\/03\/12\/p-c-roberts-ukrajina-hostila-americke-nelegalni-biovalecne-laboratore\/","title":{"rendered":"P.C.Roberts: Ukrajina hostila americk\u00e9 neleg\u00e1ln\u00ed biov\u00e1le\u010dn\u00e9 laborato\u0159e"},"content":{"rendered":"<div id=\"fb-root\"><\/div>\n<p>Rusk\u00fd ministr zahrani\u010d\u00ed v \u00fater\u00fd potvrdil, \u017ee ukrajinsk\u00e9 \u00fa\u0159ady v ileg\u00e1ln\u00edch americk\u00fdch biov\u00e1le\u010dn\u00fdch laborato\u0159\u00edch zni\u010dily z\u00e1soby moru, antraxu, tular\u00e9mie, cholery a jin\u00fdch smrteln\u00fdch patogen\u016f, kter\u00e9 byly s finan\u010dn\u00edm zaji\u0161t\u011bn\u00edm americk\u00e9ho ministerstva obrany na Ukrajin\u011b vyv\u00edjeny. Stalo se tak z obavy, \u017ee by tento materi\u00e1l mohl b\u011bhem prob\u00edhaj\u00edc\u00edho konfliktu\u00a0 padnout do rusk\u00fdch rukou. N\u00e1m\u011bstkyn\u011b americk\u00e9ho ministra zahrani\u010d\u00ed Nulandov\u00e1 tuto zpr\u00e1vu potvrdila. Uveden\u00e9 laborato\u0159e pracovaly v rozporu s \u010dl\u00e1nkem 1 Konvence OSN o biologick\u00fdch zbran\u00edch. T\u00edmto poru\u0161en\u00edm Konvence OSN se americk\u00e1 vl\u00e1da dopustila v\u00e1le\u010dn\u00e9ho zlo\u010dinu, kter\u00fd je dle Norimbersk\u00fdch z\u00e1kon\u016f, t\u00e9\u017e americkou vl\u00e1dou v minulosti podepsan\u00fdch, trest\u00e1n smrt\u00ed.<\/p>\n<p>Co se Washington chystal s t\u011bmito patogeny ud\u011blat? Kter\u00e1 populace se m\u011bla st\u00e1t p\u0159\u00edjemcem tohoto d\u00e1re\u010dku z Washingtonu? Rusko? Evropan\u00e9 s t\u00edm, \u017ee by ov\u0161em vina za n\u011bj byla p\u0159ips\u00e1na Rusku? M\u011blo b\u00fdt vypuknut\u00ed nov\u00e9 n\u00e1kazy vyu\u017eito ke zni\u010den\u00ed posledn\u00edch zbytk\u016f ob\u010dansk\u00fdch svobod v z\u00e1padn\u00edm sv\u011bt\u011b? Dnes, kdy se vl\u00e1da USA spojila s ukrajinsk\u00fdmi neonacisty, jak dlouho se bude je\u0161t\u011b \u010dekat na okam\u017eik, kdy h\u00e1kov\u00fd k\u0159\u00ed\u017e zavlaje nad cel\u00fdm z\u00e1padn\u00edm sv\u011btem?<\/p>\n<p>\u010c\u00ednsk\u00e1 vl\u00e1da po\u017e\u00e1dala Washington o sd\u011blen\u00ed, pro\u010d sv\u00e9 ileg\u00e1ln\u00ed a v\u00e1le\u010dnickokrimin\u00e1ln\u00ed jedn\u00e1n\u00ed na Ukrajin\u011b tajil. \u010c\u00ednsk\u00fd ministr zahrani\u010d\u00ed \u017e\u00e1d\u00e1 Washington, aby uvolnil relevantn\u00ed specifickou informaci o tom, jak\u00e9 viry jsou v t\u011bchto laborato\u0159\u00edch skladov\u00e1ny a jak\u00fd v\u00fdzkum se v nich a\u017e dosud\u00a0 prov\u00e1d\u011bl.<\/p>\n<p>Hloup\u00ed Ameri\u010dan\u00e9 dodne\u0161ka nepochopili, \u017ee jejich vl\u00e1da je krimin\u00e1ln\u00edm spolkem, a cel\u00ed zaobaleni do vlaky z hv\u011bzd a pruh\u016f a a bez potuchy o tom, co se d\u011bje, p\u016fjdou na smrt.<\/p>\n<p>\u010c\u00ednsk\u00fd vl\u00e1dn\u00ed mluv\u010d\u00ed Zhao Lijian \u0159ekl, \u017ee americk\u00e9 ministerstvo obrany \u0159\u00edd\u00ed 336 biologick\u00fdch laborato\u0159\u00ed, ukryt\u00fdch ve 30 zem\u00edch sv\u011bta, a \u017ee americk\u00e9 biov\u00e1le\u010dn\u00e9 aktivity na Ukrajin\u011b jsou jen \u201e\u0161pi\u010dkou ledovce\u201c.<\/p>\n<p>Tak\u017ee to, co rusk\u00e1 invaze na Ukrajin\u011b vynesla na denn\u00ed sv\u011btlo, je tvrd\u00e9 sv\u011bdectv\u00ed o tom, \u017ee Washington poru\u0161il biov\u00e1le\u010dnou konvenci, kterou d\u0159\u00edve podepsal, a dnes svoji neleg\u00e1ln\u00ed anga\u017eovanost v biov\u00e1le\u010dn\u00e9m b\u00e1d\u00e1n\u00ed skr\u00fdv\u00e1 nejen v USA, ale i v dal\u0161\u00edch 30 zem\u00edch.<\/p>\n<p>Takov\u00e9ho \u010f\u00e1bla, jak\u00fd dnes s\u00eddl\u00ed ve Washingtonu, si historie lidstva zkr\u00e1tka nepamatuje.<\/p>\n<p><em>P\u0159eklad: Lubom\u00edr Man<\/em><\/p>\n<p>&nbsp;<\/p>\n","protected":false},"excerpt":{"rendered":"<p>Rusk\u00fd ministr zahrani\u010d\u00ed v \u00fater\u00fd potvrdil, \u017ee ukrajinsk\u00e9 \u00fa\u0159ady v ileg\u00e1ln\u00edch americk\u00fdch biov\u00e1le\u010dn\u00fdch laborato\u0159\u00edch zni\u010dily&#8230;<\/p>\n","protected":false},"author":2,"featured_media":810,"comment_status":"closed","ping_status":"closed","sticky":false,"template":"","format":"standard","meta":[],"categories":[7],"tags":[1963,26,37],"_links":{"self":[{"href":"https:\/\/www.infokuryr.cz\/n\/wp-json\/wp\/v2\/posts\/9051"}],"collection":[{"href":"https:\/\/www.infokuryr.cz\/n\/wp-json\/wp\/v2\/posts"}],"about":[{"href":"https:\/\/www.infokuryr.cz\/n\/wp-json\/wp\/v2\/types\/post"}],"author":[{"embeddable":true,"href":"https:\/\/www.infokuryr.cz\/n\/wp-json\/wp\/v2\/users\/2"}],"replies":[{"embeddable":true,"href":"https:\/\/www.infokuryr.cz\/n\/wp-json\/wp\/v2\/comments?post=9051"}],"version-history":[{"count":0,"href":"https:\/\/www.infokuryr.cz\/n\/wp-json\/wp\/v2\/posts\/9051\/revisions"}],"wp:featuredmedia":[{"embeddable":true,"href":"https:\/\/www.infokuryr.cz\/n\/wp-json\/wp\/v2\/media\/810"}],"wp:attachment":[{"href":"https:\/\/www.infokuryr.cz\/n\/wp-json\/wp\/v2\/media?parent=9051"}],"wp:term":[{"taxonomy":"category","embeddable":true,"href":"https:\/\/www.infokuryr.cz\/n\/wp-json\/wp\/v2\/categories?post=9051"},{"taxonomy":"post_tag","embeddable":true,"href":"https:\/\/www.infokuryr.cz\/n\/wp-json\/wp\/v2\/tags?post=9051"}],"curies":[{"name":"wp","href":"https:\/\/api.w.org\/{rel}","templated":true}]}}