{"id":90500,"date":"2025-10-24T00:19:46","date_gmt":"2025-10-23T22:19:46","guid":{"rendered":"https:\/\/www.infokuryr.cz\/n\/?p=90500"},"modified":"2025-10-23T12:59:54","modified_gmt":"2025-10-23T10:59:54","slug":"predseda-piratu-hrib-by-mel-vysvetlit-nahle-zbohatnuti-pisi-nam-z-jeho-slavicina","status":"publish","type":"post","link":"https:\/\/www.infokuryr.cz\/n\/2025\/10\/24\/predseda-piratu-hrib-by-mel-vysvetlit-nahle-zbohatnuti-pisi-nam-z-jeho-slavicina\/","title":{"rendered":"P\u0159edseda Pir\u00e1t\u016f H\u0159ib by m\u011bl vysv\u011btlit n\u00e1hl\u00e9 zbohatnut\u00ed. P\u00ed\u0161\u00ed n\u00e1m z \u201ejeho\u201c Slavi\u010d\u00edna\u2026"},"content":{"rendered":"<div id=\"fb-root\"><\/div>\n<p>Mainstreamov\u00fdmi m\u00e9dii prob\u011bhla nen\u00e1padn\u00e1 zpr\u00e1va, \u017ee\u00a0<strong>p\u0159edseda Pir\u00e1t\u016f Z. H\u0159ib stav\u00ed v Praze 10- Kyj\u00edch velk\u00fd d\u016fm v\u00a0<a href=\"https:\/\/cnn.iprima.cz\/hribova-obludnost-v-kyjich-budi-rozpaky-nehodi-se-do-zastavby-muze-mit-hodnotu-25-milionu-484679\">hodnot\u011b des\u00edtek milion\u016f korun<\/a>. Ot\u00e1zkou je, kde na to vzal pen\u00edze?<\/strong><\/p>\n<p>Podle dopisu od \u010dten\u00e1\u0159e ze Slavi\u010d\u00edna, odkud H\u0159ib poch\u00e1z\u00ed, na to jeho rodina nemohla nikdy vyd\u011blat. H\u0159ib poch\u00e1z\u00ed z b\u011b\u017en\u00e9 rodiny, kter\u00e1 nen\u00ed ani chud\u00e1, ani bohat\u00e1<strong>\u2026 Stejn\u011b tak na si nemohl vyd\u011blat tak obrovsk\u00e9 pen\u00edze v vlastn\u00ed pr\u00e1ci, pracoval jako konzultant pro digitalizac<\/strong>i (nijak \u00fasp\u011b\u0161n\u00fd nebyl, vystudoval nav\u00edc medic\u00ednu) a<strong>\u00a0pak u\u017e byl jen v politice\u2026 Ofici\u00e1ln\u011b si tedy des\u00edtky milion\u016f vyd\u011blat nemohl!<\/strong> Velk\u00fd majetek nem\u00e1 ani jeho man\u017eelka Anna a jej\u00ed rodina.<\/p>\n<p><strong>Kde je tedy vzal?\u00a0<\/strong>Odpov\u011b\u010f by\u00a0<strong>mohla le\u017eet na korupc\u00ed prolezl\u00e9m pra\u017esk\u00e9m magistr\u00e1tu<\/strong>. tam se za Pir\u00e1t\u016f prosazovala nejenom kde jak\u00e1 perverze,\u00a0<strong>ale i se tam kradlo ve velk\u00e9m. Kdo jmenoval nov\u00e9ho \u0159editele dopravn\u00edch podnik\u016f a dal\u0161\u00ed zkorumpovan\u00e9 \u00fa\u0159edn\u00edky?! No ano, H\u0159ib a jeho Pir\u00e1ti!<\/strong><\/p>\n<p>Dal\u0161\u00ed podivnost\u00ed je,\u00a0<strong>pro\u010d d\u016fm za\u010dal stav\u011bt zrovna v dob\u011b, kdy sed\u011bl ve vrcholn\u00fdch funkc\u00edch na korupc\u00ed prolezl\u00e9m pra\u017esk\u00e9m liber\u00e1ln\u011b demokratick\u00e9m magistr\u00e1t<\/strong>\u011b? Je to jist\u011b podivn\u00e9, \u017ee nejv\u011bt\u0161\u00ed korupce je na \u00fa\u0159adech a radnic\u00edch, kde maj\u00ed moc politici ze stran a hnut\u00ed \u201epat\u0159\u00edme na z\u00e1pad a h\u00e1j\u00edme z\u00e1padn\u00ed hodnoty\u201c.<\/p>\n<p>Stejn\u011b tak podivn\u00e9 je, \u017ee<strong>\u00a0establismentov\u00e1 m\u00e9dia nev\u011bnuj\u00ed podivn\u00e9mu zbohatnut\u00ed tohoto \u201ehodnotov\u00e9ho\u201c politiky od Pir\u00e1t\u016f \u017e\u00e1dnou pozornost?!<\/strong> Jim vad\u00ed pouze 20 let star\u00e9 posty na soci\u00e1ln\u00edch s\u00edt\u00edch nov\u00e9ho poslance Turka, nebo podivn\u011b vytv\u00e1\u0159en\u00e9 pseudo kauzy proti poslanci Rajchlovi, kter\u00e9 iniciuje dokonce podivn\u011b zbohatl\u00fd H\u0159ib.<\/p>\n<p>Jak\u00fd k tomu asi maj\u00ed d\u016fvod?!\u00a0<strong>Pro\u010d je H\u0159ibovo n\u00e1hl\u00e9 bohatstv\u00ed nezaj\u00edm\u00e1? On by s\u00e1m H\u0159ib m\u011bl vysv\u011btlit, kde vzal pen\u00edze a v\u0161e \u0159\u00e1dn\u011b dolo\u017eit. To ale zat\u00edm neud\u011blal a ani se na to nechyst\u00e1.<\/strong><\/p>\n<p>S<strong>trany jako ANO, SPD a Motorist\u00e9 by se m\u011bli pt\u00e1t, kde z\u00edskal H\u0159ib rozs\u00e1hl\u00fd majetek, vyd\u011blat si ho leg\u00e1ln\u011b toti\u017e nejsp\u00ed\u0161 nemohl!!<\/strong>\u00a0Skon\u010d\u00ed t\u00edm jedna velk\u00e1 le\u017e o \u201ejedin\u00e9 stran\u011b bez korup\u010dn\u00edch skand\u00e1l\u016f\u201c?<\/p>\n<p><a href=\"https:\/\/ceskavec.com\/2025\/10\/predseda-piratu-hrib-by-mel-vysvetlit-nahle-zbohatnuti-pisi-nam-z-jeho-slavicina\"><em>O.R. ze Slavi\u010d\u00edna<\/em><\/a><\/p>\n<p>&nbsp;<\/p>\n","protected":false},"excerpt":{"rendered":"<p>Mainstreamov\u00fdmi m\u00e9dii prob\u011bhla nen\u00e1padn\u00e1 zpr\u00e1va, \u017ee\u00a0p\u0159edseda Pir\u00e1t\u016f Z. H\u0159ib stav\u00ed v Praze 10- Kyj\u00edch velk\u00fd&#8230;<\/p>\n","protected":false},"author":2,"featured_media":3856,"comment_status":"closed","ping_status":"closed","sticky":false,"template":"","format":"standard","meta":[],"categories":[6],"tags":[3339,1001,207,1332],"_links":{"self":[{"href":"https:\/\/www.infokuryr.cz\/n\/wp-json\/wp\/v2\/posts\/90500"}],"collection":[{"href":"https:\/\/www.infokuryr.cz\/n\/wp-json\/wp\/v2\/posts"}],"about":[{"href":"https:\/\/www.infokuryr.cz\/n\/wp-json\/wp\/v2\/types\/post"}],"author":[{"embeddable":true,"href":"https:\/\/www.infokuryr.cz\/n\/wp-json\/wp\/v2\/users\/2"}],"replies":[{"embeddable":true,"href":"https:\/\/www.infokuryr.cz\/n\/wp-json\/wp\/v2\/comments?post=90500"}],"version-history":[{"count":1,"href":"https:\/\/www.infokuryr.cz\/n\/wp-json\/wp\/v2\/posts\/90500\/revisions"}],"predecessor-version":[{"id":90501,"href":"https:\/\/www.infokuryr.cz\/n\/wp-json\/wp\/v2\/posts\/90500\/revisions\/90501"}],"wp:featuredmedia":[{"embeddable":true,"href":"https:\/\/www.infokuryr.cz\/n\/wp-json\/wp\/v2\/media\/3856"}],"wp:attachment":[{"href":"https:\/\/www.infokuryr.cz\/n\/wp-json\/wp\/v2\/media?parent=90500"}],"wp:term":[{"taxonomy":"category","embeddable":true,"href":"https:\/\/www.infokuryr.cz\/n\/wp-json\/wp\/v2\/categories?post=90500"},{"taxonomy":"post_tag","embeddable":true,"href":"https:\/\/www.infokuryr.cz\/n\/wp-json\/wp\/v2\/tags?post=90500"}],"curies":[{"name":"wp","href":"https:\/\/api.w.org\/{rel}","templated":true}]}}