{"id":90485,"date":"2025-10-24T00:21:06","date_gmt":"2025-10-23T22:21:06","guid":{"rendered":"https:\/\/www.infokuryr.cz\/n\/?p=90485"},"modified":"2025-10-23T12:32:30","modified_gmt":"2025-10-23T10:32:30","slug":"je-to-oficialni-brusel-se-pripravuje-na-valku-a-obcane-by-meli-platit","status":"publish","type":"post","link":"https:\/\/www.infokuryr.cz\/n\/2025\/10\/24\/je-to-oficialni-brusel-se-pripravuje-na-valku-a-obcane-by-meli-platit\/","title":{"rendered":"Je to ofici\u00e1ln\u00ed: Brusel se p\u0159ipravuje na v\u00e1lku \u2013 a ob\u010dan\u00e9 by m\u011bli platit"},"content":{"rendered":"<div id=\"fb-root\"><\/div>\n<div class=\"elementor-element elementor-element-1fb4c2c elementor-widget elementor-widget-theme-post-content\" data-id=\"1fb4c2c\" data-element_type=\"widget\" data-widget_type=\"theme-post-content.default\">\n<div class=\"elementor-widget-container\">\n<p><span dir=\"auto\">V Bruselu se kuj\u00ed pl\u00e1ny, kter\u00e9 by mohly v\u0161echno zm\u011bnit. Pod ne\u0161kodn\u011b zn\u011bj\u00edc\u00edm n\u00e1zvem\u00a0<\/span><strong><span dir=\"auto\">\u201e\u00a0<\/span><a href=\"https:\/\/ec.europa.eu\/commission\/presscorner\/detail\/en\/ip_25_2396\" target=\"_blank\" rel=\"noreferrer noopener\" data-type=\"link\" data-id=\"https:\/\/ec.europa.eu\/commission\/presscorner\/detail\/en\/ip_25_2396\"><span dir=\"auto\">Pl\u00e1n obrann\u00e9 p\u0159ipravenosti 2030<\/span><\/a><span dir=\"auto\">\u00a0\u201c<\/span><\/strong><span dir=\"auto\">\u00a0se EU p\u0159ipravuje na vojenskou nez\u00e1vislost \u2013 s jasn\u00fdm c\u00edlem:\u00a0<\/span><strong><span dir=\"auto\">konfrontace s Ruskem.<\/span><\/strong><\/p>\n<p><span dir=\"auto\">To, co se prod\u00e1v\u00e1 jako \u201eobrann\u00e1 iniciativa\u201c, je ve skute\u010dnosti masivn\u00ed hromad\u011bn\u00ed zbran\u00ed. Miliardy dolar\u016f da\u0148ov\u00fdch poplatn\u00edk\u016f maj\u00ed b\u00fdt investov\u00e1ny do nov\u00fdch zbrojn\u00edch program\u016f, dron\u016f, syst\u00e9m\u016f protiraketov\u00e9 obrany a vojensk\u00e9 logistiky. Byrokracie ji\u017e pl\u00e1nuje, jak bude Evropa \u201efunk\u010dn\u00ed do konce desetilet\u00ed\u201c.<\/span><\/p>\n<p><span dir=\"auto\">Nikdo se ob\u010dan\u016f nezeptal, zda si tuto cestu p\u0159ej\u00ed. Nebylo \u017e\u00e1dn\u00e9 referendum, \u017e\u00e1dn\u00e1 skute\u010dn\u00e1 debata v parlamentech. Rozhodnut\u00ed se \u010din\u00ed v Bruselu, mezi zased\u00e1n\u00edmi Komise a prohl\u00e1\u0161en\u00edmi ze summit\u016f \u2013 daleko od demokratick\u00e9ho dohledu.<\/span><\/p>\n<p><span dir=\"auto\">Zat\u00edmco se v Evrop\u011b hrout\u00ed soci\u00e1ln\u00ed syst\u00e9my, zav\u00edraj\u00ed \u0161koly a je nedostatek zdravotn\u00edch sester, schvaluje se nejv\u011bt\u0161\u00ed zbrojn\u00ed program v historii EU. Miliardy poch\u00e1zej\u00ed ze stejn\u00fdch kapes:\u00a0<\/span><strong><span dir=\"auto\">evropsk\u00fdch da\u0148ov\u00fdch poplatn\u00edk\u016f.<\/span><\/strong><\/p>\n<p><span dir=\"auto\">Ofici\u00e1ln\u011b jde o \u201eodstra\u0161ov\u00e1n\u00ed\u201c a \u201ebezpe\u010dnost\u201c. Neofici\u00e1ln\u011b se v\u0161ak p\u0159ipravuj\u00ed na nov\u00fd geopolitick\u00fd konflikt, v n\u011bm\u017e Evropa ponese hlavn\u00ed t\u00edhu \u2013 finan\u010dn\u011b, politicky a mo\u017en\u00e1 i vojensky.<\/span><\/p>\n<p><span dir=\"auto\">Mluv\u00ed o m\u00edru, ale\u00a0<\/span><strong><span dir=\"auto\">jednaj\u00ed ve prosp\u011bch v\u00e1lky.<\/span><\/strong><br \/>\n<span dir=\"auto\">Jazyk diplomacie je nahrazen logikou znovuzbrojov\u00e1n\u00ed. Zb\u00fdv\u00e1 p\u011bt let, ne\u017e se o\u010dek\u00e1v\u00e1, \u017ee koncept bude pln\u011b funk\u010dn\u00ed.<\/span><\/p>\n<p><span dir=\"auto\">Ot\u00e1zka zn\u00ed:\u00a0<\/span><strong><span dir=\"auto\">Kdo zastav\u00ed tento kurz d\u0159\u00edve, ne\u017e se stane nezvratn\u00fdm?<\/span><\/strong><br \/>\n<span dir=\"auto\">A co je d\u016fle\u017eit\u011bj\u0161\u00ed,\u00a0<\/span><strong><span dir=\"auto\">kdo kdy souhlasil s t\u00edm, \u017ee Evropa sm\u011b\u0159uje k v\u00e1lce?<\/span><\/strong><\/p>\n<\/div>\n<\/div>\n<div class=\"elementor-element elementor-element-8c57238 quelle dc-has-condition dc-condition-empty elementor-widget elementor-widget-heading\" data-id=\"8c57238\" data-element_type=\"widget\" data-widget_type=\"heading.default\">\n<div class=\"elementor-widget-container\">\n<h3 class=\"elementor-heading-title elementor-size-default\"><span style=\"font-size: 10pt;\"><a href=\"https:\/\/ec.europa.eu\/commission\/presscorner\/detail\/de\/ip_25_2396\" target=\"_blank\" rel=\"nofollow noopener\"><span dir=\"auto\">Zdroj<\/span><\/a><\/span><\/h3>\n<p>&nbsp;<\/p>\n<\/div>\n<\/div>\n","protected":false},"excerpt":{"rendered":"<p>V Bruselu se kuj\u00ed pl\u00e1ny, kter\u00e9 by mohly v\u0161echno zm\u011bnit. Pod ne\u0161kodn\u011b zn\u011bj\u00edc\u00edm n\u00e1zvem\u00a0\u201e\u00a0Pl\u00e1n obrann\u00e9&#8230;<\/p>\n","protected":false},"author":2,"featured_media":90486,"comment_status":"closed","ping_status":"closed","sticky":false,"template":"","format":"standard","meta":[],"categories":[7],"tags":[41,39,3769,40],"_links":{"self":[{"href":"https:\/\/www.infokuryr.cz\/n\/wp-json\/wp\/v2\/posts\/90485"}],"collection":[{"href":"https:\/\/www.infokuryr.cz\/n\/wp-json\/wp\/v2\/posts"}],"about":[{"href":"https:\/\/www.infokuryr.cz\/n\/wp-json\/wp\/v2\/types\/post"}],"author":[{"embeddable":true,"href":"https:\/\/www.infokuryr.cz\/n\/wp-json\/wp\/v2\/users\/2"}],"replies":[{"embeddable":true,"href":"https:\/\/www.infokuryr.cz\/n\/wp-json\/wp\/v2\/comments?post=90485"}],"version-history":[{"count":0,"href":"https:\/\/www.infokuryr.cz\/n\/wp-json\/wp\/v2\/posts\/90485\/revisions"}],"wp:featuredmedia":[{"embeddable":true,"href":"https:\/\/www.infokuryr.cz\/n\/wp-json\/wp\/v2\/media\/90486"}],"wp:attachment":[{"href":"https:\/\/www.infokuryr.cz\/n\/wp-json\/wp\/v2\/media?parent=90485"}],"wp:term":[{"taxonomy":"category","embeddable":true,"href":"https:\/\/www.infokuryr.cz\/n\/wp-json\/wp\/v2\/categories?post=90485"},{"taxonomy":"post_tag","embeddable":true,"href":"https:\/\/www.infokuryr.cz\/n\/wp-json\/wp\/v2\/tags?post=90485"}],"curies":[{"name":"wp","href":"https:\/\/api.w.org\/{rel}","templated":true}]}}