{"id":90483,"date":"2025-10-24T00:19:23","date_gmt":"2025-10-23T22:19:23","guid":{"rendered":"https:\/\/www.infokuryr.cz\/n\/?p=90483"},"modified":"2025-10-23T12:28:41","modified_gmt":"2025-10-23T10:28:41","slug":"japonske-webove-stranky-s-daty-cmrr-ukazuji-jasny-narust-umrtnosti-v-dusledku-ockovani-proti-covid-19","status":"publish","type":"post","link":"https:\/\/www.infokuryr.cz\/n\/2025\/10\/24\/japonske-webove-stranky-s-daty-cmrr-ukazuji-jasny-narust-umrtnosti-v-dusledku-ockovani-proti-covid-19\/","title":{"rendered":"Japonsk\u00e9 webov\u00e9 str\u00e1nky s daty CMRR ukazuj\u00ed jasn\u00fd n\u00e1r\u016fst \u00famrtnosti v d\u016fsledku o\u010dkov\u00e1n\u00ed proti COVID-19"},"content":{"rendered":"<div id=\"fb-root\"><\/div>\n<p><span dir=\"auto\">Japonsk\u00fd m\u011bstsk\u00fd radn\u00ed\u00a0<\/span><strong><span dir=\"auto\">Kenji Fud\u017eikawa<\/span><\/strong><span dir=\"auto\">\u00a0vytvo\u0159il p\u016fsobiv\u00e9\u00a0<\/span><a href=\"https:\/\/medicalfacts.info\/kcor.rb\" target=\"_blank\" rel=\"noreferrer noopener\" data-type=\"link\" data-id=\"https:\/\/medicalfacts.info\/kcor.rb\"><span dir=\"auto\">webov\u00e9 str\u00e1nky<\/span><\/a><span dir=\"auto\">\u00a0s nejnov\u011bj\u0161\u00edmi japonsk\u00fdmi datov\u00fdmi soubory v rekordn\u00edch objemech. Vyu\u017e\u00edv\u00e1 standardizovanou epidemiologickou metodu\u00a0<\/span><strong><span dir=\"auto\">CMRR (kumulativn\u00ed pom\u011br \u00famrtnosti)<\/span><\/strong><span dir=\"auto\">\u00a0.<\/span><\/p>\n<p><span dir=\"auto\">Ukazuje se, \u017ee poka\u017ed\u00e9, kdy\u017e lid\u00e9 dostanou dal\u0161\u00ed o\u010dkov\u00e1n\u00ed, jejich \u00famrtnost\u00a0<\/span><strong><span dir=\"auto\">se odchyluje sm\u011brem nahoru (v\u011bt\u0161\u00ed po\u0161kozen\u00ed)<\/span><\/strong><span dir=\"auto\">\u00a0v porovn\u00e1n\u00ed s t\u011bmi, kte\u0159\u00ed dal\u0161\u00ed o\u010dkov\u00e1n\u00ed nedostali .<\/span><\/p>\n<p><span dir=\"auto\">To je pravd\u011bpodobn\u011b d\u016fvod, pro\u010d\u00a0<\/span><strong><span dir=\"auto\">nadm\u011brn\u00e1 \u00famrtnost v Japonsku od za\u010d\u00e1tku o\u010dkovac\u00ed kampan\u011b proti COVIDu neust\u00e1le roste<\/span><\/strong><span dir=\"auto\">\u00a0. Nen\u00ed to n\u00e1hoda. V\u017edy se to shoduje s na\u010dasov\u00e1n\u00edm o\u010dkov\u00e1n\u00ed, jak se m\u016f\u017eete sami p\u0159esv\u011bd\u010dit n\u00ed\u017ee.<\/span><\/p>\n<figure class=\"wp-block-image aligncenter size-large\"><img decoding=\"async\" loading=\"lazy\" class=\"aligncenter\" src=\"https:\/\/substackcdn.com\/image\/fetch\/$s_!j_rd!,w_1456,c_limit,f_webp,q_auto:good,fl_progressive:steep\/https%3A%2F%2Fsubstack-post-media.s3.amazonaws.com%2Fpublic%2Fimages%2Fa6a0eb73-f470-4504-8d8c-943569fcbf97_3400x2400.png\" alt=\"\" width=\"929\" height=\"656\" \/><\/figure>\n<h3 class=\"wp-block-heading\"><span dir=\"auto\">Pou\u017e\u00edv\u00e1n\u00ed webov\u00fdch str\u00e1nek<\/span><\/h3>\n<p><strong><span dir=\"auto\">Web:\u00a0<\/span><\/strong><a href=\"https:\/\/medicalfacts.info\/kcor.rb\" target=\"_blank\" rel=\"noreferrer noopener\"><span dir=\"auto\">https:\/\/medicalfacts.info\/kcor.rb<\/span><\/a><br \/>\n<strong><span dir=\"auto\">Autor:<\/span><\/strong><span dir=\"auto\">\u00a0Kenji Fujikawa<\/span><\/p>\n<p><span dir=\"auto\">Jedn\u00e1 se o\u00a0<\/span><strong><span dir=\"auto\">anal\u00fdzy s pevn\u00fdmi kohortami<\/span><\/strong><span dir=\"auto\">\u00a0, kter\u00e9 vyu\u017e\u00edvaj\u00ed data z v\u00edce m\u011bst v Japonsku.<\/span><\/p>\n<p><span dir=\"auto\">Uveden\u00e9 datum je datum z\u00e1pisu pro fixn\u00ed kohorty.<\/span><\/p>\n<p><strong><span dir=\"auto\">Jak pou\u017e\u00edvat web:<\/span><\/strong><\/p>\n<ol>\n<li><span dir=\"auto\">Vyberte datum registrace, pro kter\u00e9 jsou k dispozici \u00fadaje o po\u017eadovan\u00e9 d\u00e1vce.<\/span><\/li>\n<li><span dir=\"auto\">Vyberte plechovky\u00a0<\/span><strong><span dir=\"auto\">N a N-1<\/span><\/strong><span dir=\"auto\">\u00a0.<\/span><\/li>\n<li><span dir=\"auto\">Upravte posuvn\u00edk tak, aby k\u0159ivky \u00famrt\u00ed za t\u00fdden na za\u010d\u00e1tku a kr\u00e1tce pot\u00e9 byly stejn\u00e9 (stejn\u00e1 m\u00edra \u00famrtnosti).<\/span><\/li>\n<\/ol>\n<p><span dir=\"auto\">Pak, k p\u0159ekvapen\u00ed zast\u00e1nc\u016f o\u010dkov\u00e1n\u00ed, zjist\u00edte, \u017ee kdy\u017e porovn\u00e1te d\u00e1vku N s d\u00e1vkou N-1, \u00famrtnost prudce\u00a0<\/span><strong><span dir=\"auto\">vzroste<\/span><\/strong><span dir=\"auto\">\u00a0, co\u017e znamen\u00e1, \u017ee vakc\u00edna zvy\u0161uje riziko \u00famrt\u00ed&#8230; nebo je to jen zvl\u00e1\u0161tn\u00ed n\u00e1hoda (podle m\u00e9ho n\u00e1zoru ne dobr\u00e1 n\u00e1hoda).<\/span><\/p>\n<h3 class=\"wp-block-heading\"><span dir=\"auto\">Metoda CMRR<\/span><\/h3>\n<p><span dir=\"auto\">Pom\u011br kumulativn\u00edch \u00famrt\u00ed za t\u00fdden je naprosto legitimn\u00ed metoda. Epidemiolog\u016fm se to nel\u00edb\u00ed, proto\u017ee data ukazuj\u00ed, \u017ee se ohledn\u011b vakc\u00edn proti COVIDu\u00a0<\/span><strong><span dir=\"auto\">zcela m\u00fdlili<\/span><\/strong><span dir=\"auto\">\u00a0, jak si ka\u017ed\u00fd\u00a0<\/span><strong><span dir=\"auto\">m\u016f\u017ee snadno s\u00e1m dok\u00e1zat<\/span><\/strong><span dir=\"auto\">\u00a0.<\/span><\/p>\n<figure class=\"wp-block-image aligncenter size-large\"><img decoding=\"async\" loading=\"lazy\" class=\"aligncenter\" src=\"https:\/\/substackcdn.com\/image\/fetch\/$s_!9dlm!,w_1456,c_limit,f_webp,q_auto:good,fl_progressive:steep\/https%3A%2F%2Fsubstack-post-media.s3.amazonaws.com%2Fpublic%2Fimages%2Fc2058421-b7f5-4238-b56b-084766e1304d_2284x1333.png\" alt=\"\" width=\"892\" height=\"521\" \/><figcaption class=\"wp-element-caption\"><span dir=\"auto\">D\u00e1vka 3 versus d\u00e1vka 2. To NEN\u00cd norm\u00e1ln\u00ed. P\u0159i d\u00e1vce 3 \u201en\u00e1hle\u201c zem\u0159e v\u00edce lid\u00ed.<\/span><\/figcaption><\/figure>\n<figure class=\"wp-block-image aligncenter size-large\"><img decoding=\"async\" loading=\"lazy\" class=\"aligncenter\" src=\"https:\/\/substackcdn.com\/image\/fetch\/$s_!xC3G!,w_1456,c_limit,f_webp,q_auto:good,fl_progressive:steep\/https%3A%2F%2Fsubstack-post-media.s3.amazonaws.com%2Fpublic%2Fimages%2F33f3b2f8-687f-407f-9ffe-2d39f148ad0f_2299x1069.png\" alt=\"\" width=\"923\" height=\"429\" \/><figcaption class=\"wp-element-caption\"><span dir=\"auto\">D\u00e1vka 4 vs. 3. Stejn\u00fd t\u00f3n a stejn\u00e9 relativn\u00ed na\u010dasov\u00e1n\u00ed.<\/span><\/figcaption><\/figure>\n<p><span dir=\"auto\">Poka\u017ed\u00e9, kdy\u017e porovn\u00e1te dv\u011b kohorty, skupina s vy\u0161\u0161\u00ed proo\u010dkovanost\u00ed vykazuje vy\u0161\u0161\u00ed \u00famrtnost, i kdy\u017e za\u010d\u00ednaly na stejn\u00e9 \u00farovni. To nen\u00ed\u00a0<\/span><strong><span dir=\"auto\">norm\u00e1ln\u00ed<\/span><\/strong><span dir=\"auto\">\u00a0. Pokud za\u010d\u00ednaj\u00ed na stejn\u00e9 \u00farovni, m\u011bly by na n\u00ed z\u016fstat.<\/span><br \/>\n<span dir=\"auto\">Pokud by vakc\u00edny fungovaly, skupina s vy\u0161\u0161\u00ed proo\u010dkovanost\u00ed by m\u011bla vykazovat\u00a0<\/span><strong><span dir=\"auto\">ni\u017e\u0161\u00ed \u00famrtnost<\/span><\/strong><span dir=\"auto\">\u00a0\u2013 ne vy\u0161\u0161\u00ed.<\/span><\/p>\n<p><span dir=\"auto\">Vakc\u00edny d\u011blaj\u00ed prav\u00fd opak toho, co bylo sl\u00edbeno.<\/span><br \/>\n<span dir=\"auto\">Zab\u00edjej\u00ed\u00a0<\/span><strong><span dir=\"auto\">lidi,<\/span><\/strong><span dir=\"auto\">\u00a0m\u00edsto aby jim zachra\u0148ovaly \u017eivoty.<\/span><\/p>\n<h3 class=\"wp-block-heading\"><span dir=\"auto\">Shrnut\u00ed<\/span><\/h3>\n<p><span dir=\"auto\">Je tak o\u010dividn\u00e9, co se d\u011bje&#8230; a\u017e na ty, kte\u0159\u00ed ve\u0159ejn\u011b prohl\u00e1sili, \u017ee vakc\u00edny jsou bezpe\u010dn\u00e9.<\/span><\/p>\n<p><span dir=\"auto\">Neexistuje \u017e\u00e1dn\u00e9 mno\u017estv\u00ed dat, kter\u00e9 by zm\u011bnilo jejich n\u00e1zor, bez ohledu na to, jak z\u0159ejm\u00e1 jsou. Prost\u011b \u0159eknou:\u00a0<\/span><em><span dir=\"auto\">\u201eMus\u00ed existovat n\u011bjak\u00fd matouc\u00ed faktor a va\u0161\u00edm \u00fakolem je ho naj\u00edt.\u201c<\/span><\/em><\/p>\n<p><span dir=\"auto\">Japonsk\u00e1 vl\u00e1da tedy\u00a0<\/span><strong><span dir=\"auto\">bude i nad\u00e1le zab\u00edjet sv\u00e9 obyvatelstvo<\/span><\/strong><span dir=\"auto\">\u00a0, kter\u00e9 se poslu\u0161n\u011b \u00fa\u010dastn\u00ed t\u00e9to masov\u00e9 vra\u017edy.<\/span><\/p>\n<p><span dir=\"auto\">Vl\u00e1da bude i nad\u00e1le v\u011b\u0159it, \u017ee zachra\u0148uje lidi, a\u00a0<\/span><strong><span dir=\"auto\">ignorovat state\u010dn\u00e9 v\u011bdce,<\/span><\/strong><span dir=\"auto\">\u00a0kte\u0159\u00ed o tomto zlo\u010dinu promluv\u00ed.<\/span><\/p>\n<p><a href=\"https:\/\/uncutnews.ch\/japanische-cmrr-daten-website-zeigt-klaren-anstieg-der-sterblichkeit-durch-die-covid-impfung\/\"><em><span dir=\"auto\">Od Steva Kirsche<\/span><\/em><\/a><\/p>\n<p>&nbsp;<\/p>\n","protected":false},"excerpt":{"rendered":"<p>Japonsk\u00fd m\u011bstsk\u00fd radn\u00ed\u00a0Kenji Fud\u017eikawa\u00a0vytvo\u0159il p\u016fsobiv\u00e9\u00a0webov\u00e9 str\u00e1nky\u00a0s nejnov\u011bj\u0161\u00edmi japonsk\u00fdmi datov\u00fdmi soubory v rekordn\u00edch objemech. Vyu\u017e\u00edv\u00e1 standardizovanou&#8230;<\/p>\n","protected":false},"author":2,"featured_media":48730,"comment_status":"closed","ping_status":"closed","sticky":false,"template":"","format":"standard","meta":[],"categories":[7],"tags":[23,4294,213,96,1569],"_links":{"self":[{"href":"https:\/\/www.infokuryr.cz\/n\/wp-json\/wp\/v2\/posts\/90483"}],"collection":[{"href":"https:\/\/www.infokuryr.cz\/n\/wp-json\/wp\/v2\/posts"}],"about":[{"href":"https:\/\/www.infokuryr.cz\/n\/wp-json\/wp\/v2\/types\/post"}],"author":[{"embeddable":true,"href":"https:\/\/www.infokuryr.cz\/n\/wp-json\/wp\/v2\/users\/2"}],"replies":[{"embeddable":true,"href":"https:\/\/www.infokuryr.cz\/n\/wp-json\/wp\/v2\/comments?post=90483"}],"version-history":[{"count":0,"href":"https:\/\/www.infokuryr.cz\/n\/wp-json\/wp\/v2\/posts\/90483\/revisions"}],"wp:featuredmedia":[{"embeddable":true,"href":"https:\/\/www.infokuryr.cz\/n\/wp-json\/wp\/v2\/media\/48730"}],"wp:attachment":[{"href":"https:\/\/www.infokuryr.cz\/n\/wp-json\/wp\/v2\/media?parent=90483"}],"wp:term":[{"taxonomy":"category","embeddable":true,"href":"https:\/\/www.infokuryr.cz\/n\/wp-json\/wp\/v2\/categories?post=90483"},{"taxonomy":"post_tag","embeddable":true,"href":"https:\/\/www.infokuryr.cz\/n\/wp-json\/wp\/v2\/tags?post=90483"}],"curies":[{"name":"wp","href":"https:\/\/api.w.org\/{rel}","templated":true}]}}