{"id":90478,"date":"2025-10-24T00:15:42","date_gmt":"2025-10-23T22:15:42","guid":{"rendered":"https:\/\/www.infokuryr.cz\/n\/?p=90478"},"modified":"2025-10-23T12:54:41","modified_gmt":"2025-10-23T10:54:41","slug":"caitlin-johnstone-imperialni-propagandisticky-stroj-selhava-bezprecedentnim-zpusobem","status":"publish","type":"post","link":"https:\/\/www.infokuryr.cz\/n\/2025\/10\/24\/caitlin-johnstone-imperialni-propagandisticky-stroj-selhava-bezprecedentnim-zpusobem\/","title":{"rendered":"Caitlin Johnstone: Imperi\u00e1ln\u00ed propagandistick\u00fd stroj selh\u00e1v\u00e1 bezprecedentn\u00edm zp\u016fsobem"},"content":{"rendered":"<div id=\"fb-root\"><\/div>\n<div class=\"elementor-element elementor-element-1fb4c2c elementor-widget elementor-widget-theme-post-content\" data-id=\"1fb4c2c\" data-element_type=\"widget\" data-widget_type=\"theme-post-content.default\">\n<div class=\"elementor-widget-container\">\n<p><span dir=\"auto\">Jsou zatla\u010deni z\u00e1dy ke zdi. Tohle se je\u0161t\u011b nikdy nestalo. M\u00e1me re\u00e1lnou \u0161anci tohle vyhr\u00e1t.<\/span><\/p>\n<p><span dir=\"auto\">Cristina na Twitteru se pt\u00e1: \u201eMohl bys pros\u00edm napsat dal\u0161\u00ed ze sv\u00fdch kr\u00e1sn\u00fdch p\u0159\u00edsp\u011bvk\u016f o nad\u011bji? Nejsem si jist\u00e1, zda mi n\u011bjak\u00e1 zbyla. Pot\u0159ebujeme nad\u011bji.\u201c<\/span><\/p>\n<p><span dir=\"auto\">Osobn\u011b nech\u00e1pu, jak m\u016f\u017ee b\u00fdt n\u011bkdo v tuto chv\u00edli bez nad\u011bje. Imperi\u00e1ln\u00ed propagandistick\u00fd stroj se hrout\u00ed zp\u016fsobem, jak\u00fd jsme v na\u0161ich \u017eivotech je\u0161t\u011b nevid\u011bli. Kdyby nepot\u0159ebovali, tak by se nesna\u017eili zajistit si kontrolu nad narativn\u00edm d\u011bn\u00edm, a jejich kontrola nad narativn\u00edm d\u011bn\u00edm se hrout\u00ed.<\/span><\/p>\n<p><span dir=\"auto\">Pod\u00edvejte se na Izrael. Je to sou\u010d\u00e1st imp\u00e9ria, kter\u00e1 ch\u00e1pe d\u016fle\u017eitost manipulace s narativy tak dob\u0159e, \u017ee pro tuto praxi m\u00e1 vlastn\u00ed term\u00edn \u201e\u00a0<\/span><a href=\"https:\/\/en.wikipedia.org\/wiki\/Hasbara\" target=\"_blank\" rel=\"noreferrer noopener\"><span dir=\"auto\">hasbara<\/span><\/a><span dir=\"auto\">\u00a0\u201c s nespo\u010dtem\u00a0<\/span><a href=\"https:\/\/www.palestinechronicle.com\/hasbara-industry-deconstructing-israels-propaganda-machine\/\" target=\"_blank\" rel=\"noreferrer noopener\"><span dir=\"auto\">syst\u00e9m\u016f, jak\u00a0<\/span><\/a><a href=\"https:\/\/www.trtworld.com\/article\/12766404\" target=\"_blank\" rel=\"noreferrer noopener\"><span dir=\"auto\">ovlivnit<\/span><\/a><span dir=\"auto\">\u00a0pohled Z\u00e1padu na sionistick\u00fd subjekt. Ale prohr\u00e1vaj\u00ed.\u00a0<\/span><\/p>\n<p><span dir=\"auto\">Izrael a jeho podporovatel\u00e9 si v\u00edce ne\u017e kter\u00e1koli jin\u00e1 populace na sv\u011bt\u011b uv\u011bdomuj\u00ed d\u016fle\u017eitost kontroly nad narativem, p\u0159esto ho ztr\u00e1cej\u00ed. Glob\u00e1ln\u00ed podpora Izraele\u00a0<\/span><a href=\"https:\/\/www.pewresearch.org\/short-reads\/2025\/06\/03\/most-people-across-24-surveyed-countries-have-negative-views-of-israel-and-netanyahu\/\" target=\"_blank\" rel=\"noreferrer noopener\"><span dir=\"auto\">kles\u00e1<\/span><\/a><span dir=\"auto\">\u00a0a poprv\u00e9 v historii\u00a0<\/span><a href=\"https:\/\/www.washingtonjewishweek.com\/poll-americans-now-sympathize-more-with-palestinians-than-israelis\/\" target=\"_blank\" rel=\"noreferrer noopener\"><span dir=\"auto\">v\u00edce americk\u00fdch voli\u010d\u016f<\/span><\/a><span dir=\"auto\">\u00a0sympatizuje s Palestinci ne\u017e s Izraelci.<\/span><\/p>\n<p><em><span dir=\"auto\">Poprv\u00e9 v historii pr\u016fzkum\u016f ve\u0159ejn\u00e9ho m\u00edn\u011bn\u00ed sympatizuje v\u00edce Ameri\u010dan\u016f s Palestinci ne\u017e s Izraelci. A k tomuto posunu nedoch\u00e1z\u00ed mezi demokraty. Mlad\u0161\u00ed republik\u00e1ni \u2013 ti mlad\u0161\u00ed 50 let \u2013 se o 41 procentn\u00edch bod\u016f m\u00e9n\u011b p\u0159idaj\u00ed na stranu Izraelc\u016f ne\u017e star\u0161\u00ed republik\u00e1ni.<\/span><\/em><\/p>\n<div class=\"twitter-tweet twitter-tweet-rendered\"><iframe id=\"twitter-widget-0\" class=\"\" title=\"X Post\" src=\"https:\/\/platform.twitter.com\/embed\/Tweet.html?dnt=false&amp;embedId=twitter-widget-0&amp;features=eyJ0ZndfdGltZWxpbmVfbGlzdCI6eyJidWNrZXQiOltdLCJ2ZXJzaW9uIjpudWxsfSwidGZ3X2ZvbGxvd2VyX2NvdW50X3N1bnNldCI6eyJidWNrZXQiOnRydWUsInZlcnNpb24iOm51bGx9LCJ0ZndfdHdlZXRfZWRpdF9iYWNrZW5kIjp7ImJ1Y2tldCI6Im9uIiwidmVyc2lvbiI6bnVsbH0sInRmd19yZWZzcmNfc2Vzc2lvbiI6eyJidWNrZXQiOiJvbiIsInZlcnNpb24iOm51bGx9LCJ0ZndfZm9zbnJfc29mdF9pbnRlcnZlbnRpb25zX2VuYWJsZWQiOnsiYnVja2V0Ijoib24iLCJ2ZXJzaW9uIjpudWxsfSwidGZ3X21peGVkX21lZGlhXzE1ODk3Ijp7ImJ1Y2tldCI6InRyZWF0bWVudCIsInZlcnNpb24iOm51bGx9LCJ0ZndfZXhwZXJpbWVudHNfY29va2llX2V4cGlyYXRpb24iOnsiYnVja2V0IjoxMjA5NjAwLCJ2ZXJzaW9uIjpudWxsfSwidGZ3X3Nob3dfYmlyZHdhdGNoX3Bpdm90c19lbmFibGVkIjp7ImJ1Y2tldCI6Im9uIiwidmVyc2lvbiI6bnVsbH0sInRmd19kdXBsaWNhdGVfc2NyaWJlc190b19zZXR0aW5ncyI6eyJidWNrZXQiOiJvbiIsInZlcnNpb24iOm51bGx9LCJ0ZndfdXNlX3Byb2ZpbGVfaW1hZ2Vfc2hhcGVfZW5hYmxlZCI6eyJidWNrZXQiOiJvbiIsInZlcnNpb24iOm51bGx9LCJ0ZndfdmlkZW9faGxzX2R5bmFtaWNfbWFuaWZlc3RzXzE1MDgyIjp7ImJ1Y2tldCI6InRydWVfYml0cmF0ZSIsInZlcnNpb24iOm51bGx9LCJ0ZndfbGVnYWN5X3RpbWVsaW5lX3N1bnNldCI6eyJidWNrZXQiOnRydWUsInZlcnNpb24iOm51bGx9LCJ0ZndfdHdlZXRfZWRpdF9mcm9udGVuZCI6eyJidWNrZXQiOiJvbiIsInZlcnNpb24iOm51bGx9fQ%3D%3D&amp;frame=false&amp;hideCard=false&amp;hideThread=false&amp;id=1976345143449153910&amp;lang=de&amp;origin=https%3A%2F%2Funcutnews.ch%2Fdie-imperiale-propagandamaschine-versagt-auf-beispiellose-weise%2F&amp;sessionId=f097fd49d82a2cadb9129cfb3a741c6a0290f235&amp;theme=light&amp;widgetsVersion=2615f7e52b7e0%3A1702314776716&amp;width=550px\" frameborder=\"0\" scrolling=\"no\" allowfullscreen=\"allowfullscreen\" data-tweet-id=\"1976345143449153910\" data-mce-fragment=\"1\"><\/iframe><\/div>\n<p><span dir=\"auto\">A Izrael panika\u0159\u00ed. Zv\u00fd\u0161il\u00a0<\/span><a href=\"https:\/\/www.newarab.com\/analysis\/hasbara-crisis-has-israel-already-lost-its-global-pr-war\" target=\"_blank\" rel=\"noreferrer noopener\"><span dir=\"auto\">v\u00fddaje<\/span><\/a><span dir=\"auto\">\u00a0na\u00a0<\/span><a href=\"https:\/\/spotlight.ebu.ch\/p\/the-new-front-of-war-inside-israels\" target=\"_blank\" rel=\"noreferrer noopener\"><span dir=\"auto\">propagandu<\/span><\/a><span dir=\"auto\">\u00a0a\u00a0<\/span><a href=\"https:\/\/www.newarab.com\/analysis\/how-social-media-became-new-frontline-israels-digital-war\" target=\"_blank\" rel=\"noreferrer noopener\"><span dir=\"auto\">vliv<\/span><\/a><span dir=\"auto\">\u00a0, zat\u00edmco miliard\u00e1\u0159\u0161t\u00ed sionist\u00e9\u00a0<\/span><a href=\"https:\/\/fair.org\/home\/as-ellison-buys-out-tiktok-us-moves-toward-one-party-media\/\" target=\"_blank\" rel=\"noreferrer noopener\"><span dir=\"auto\">jako Larry Ellison<\/span><\/a><span dir=\"auto\">\u00a0vyu\u017e\u00edvaj\u00ed sv\u00e9 bohatstv\u00ed k z\u00edsk\u00e1n\u00ed v\u011bt\u0161\u00ed kontroly nad platformami soci\u00e1ln\u00edch m\u00e9di\u00ed a mainstreamov\u00fdmi zpravodajsk\u00fdmi kan\u00e1ly. Ned\u011blali by to, kdyby si nemysleli, \u017ee je to nutn\u00e9, a\u00a0<\/span><a href=\"https:\/\/www.caitlinjohnst.one\/p\/they-really-think-theyll-be-able\" target=\"_blank\" rel=\"noreferrer noopener\"><span dir=\"auto\">ani to nebude fungovat<\/span><\/a><span dir=\"auto\">\u00a0. \u017d\u00e1dn\u00e9 mno\u017estv\u00ed propagandy nedonut\u00ed lidi p\u0159estat sledovat genocidu, kter\u00e1 je dva roky \u017eiv\u011b streamov\u00e1na. Propaganda je mocn\u00fd n\u00e1stroj, ale nen\u00ed to magie.<\/span><\/p>\n<p><span dir=\"auto\">Sionist\u00e9 v B\u00edl\u00e9m dom\u011b tak\u00e9 panika\u0159\u00ed. Donald Trump\u00a0<\/span><a href=\"https:\/\/archive.is\/rXQWW#selection-731.0-731.113\" target=\"_blank\" rel=\"noreferrer noopener\"><span dir=\"auto\">prohl\u00e1sil<\/span><\/a><span dir=\"auto\">\u00a0, \u017ee jeho c\u00edlem p\u0159i dosa\u017een\u00ed p\u0159\u00edm\u011b\u0159\u00ed bylo zachr\u00e1nit Izrael z krize v oblasti vztah\u016f s ve\u0159ejnost\u00ed zp\u016fsoben\u00e9 Netanjahuov\u00fdm re\u017eimem, a \u0159ekl: \u201eBibi to za\u0161el velmi daleko a Izrael ztratil velkou podporu po cel\u00e9m sv\u011bt\u011b. Te\u010f se chyst\u00e1m z\u00edskat v\u0161echnu tuto podporu zp\u011bt.\u201c<\/span><\/p>\n<p><span dir=\"auto\">V rozhovoru s Trumpov\u00fdm zet\u011bm Jaredem Kushnerem v po\u0159adu 60 Minutes zazn\u011blo, \u017ee prezident m\u011bl pocit, \u017ee Izraelci trochu ztratili kontrolu a pot\u0159ebovali je krotit, ne kv\u016fli izraelsk\u00fdm ob\u011btem, ale aby jim zabr\u00e1nil v tom, aby d\u011blali v\u011bci, kter\u00e9 podle n\u011bj nejsou v jejich dlouhodob\u00e9m z\u00e1jmu.<\/span><\/p>\n<p><span dir=\"auto\">Tak\u017ee jsme ji\u017e dos\u00e1hli bodu, kdy \u010d\u00e1sti imp\u00e9ria za\u010d\u00ednaj\u00ed m\u011bnit sv\u00e9 chov\u00e1n\u00ed v reakci na to, jak ve\u0159ejnost vn\u00edm\u00e1 jedn\u00e1n\u00ed imp\u00e9ria. Ned\u011blaj\u00ed to proto, \u017ee by si n\u00e1hle vyvinuly sv\u011bdom\u00ed, ale proto, \u017ee si pot\u0159ebuj\u00ed udr\u017eet kontrolu nad sv\u00fdm vn\u00edm\u00e1n\u00edm. V\u011bd\u00ed, \u017ee pokud se ve\u0159ejnost v ur\u010dit\u00e9m okam\u017eiku obr\u00e1t\u00ed proti nim, vstupuj\u00ed do velmi nebezpe\u010dn\u00e9ho \u00fazem\u00ed.<\/span><\/p>\n<p><span dir=\"auto\">Poka\u017ed\u00e9, kdy\u017e se v pr\u016fb\u011bhu d\u011bjin ve\u0159ejnost povstala proti sv\u00fdm tyransk\u00fdm vl\u00e1dc\u016fm a s\u0165ala jim hlavy, sv\u011btov\u00ed oligarchov\u00e9 a spr\u00e1vci imp\u00e9ri\u00ed se probudili a v\u0161imli si toho. Bohat\u00ed a mocn\u00ed si v\u017edycky uv\u011bdomuj\u00ed, \u017ee n\u00e1s je mnohem v\u00edce ne\u017e jich a \u017ee tuto p\u0159evahu m\u016f\u017eeme kdykoli vyu\u017e\u00edt k jejich odstran\u011bn\u00ed, tak\u017ee maj\u00ed existen\u010dn\u00ed z\u00e1jem n\u00e1m v tom zabr\u00e1nit.<\/span><\/p>\n<figure class=\"wp-block-embed is-type-video is-provider-youtube wp-block-embed-youtube wp-embed-aspect-16-9 wp-has-aspect-ratio\">\n<div class=\"wp-block-embed__wrapper\"><iframe loading=\"lazy\" title=\"Noam Chomsky: P\u011bt filtr\u016f masmedi\u00e1ln\u00edho stroje | The Listening Post\" src=\"https:\/\/www.youtube.com\/embed\/34LGPIXvU5M?feature=oembed\" width=\"800\" height=\"450\" frameborder=\"0\" allowfullscreen=\"allowfullscreen\" data-mce-fragment=\"1\"><\/iframe><\/div>\n<\/figure>\n<p><span dir=\"auto\">Proto Izrael, Spojen\u00e9 st\u00e1ty a jejich spojenci vkl\u00e1daj\u00ed tolik energie do udr\u017eov\u00e1n\u00ed nejsofistikovan\u011bj\u0161\u00edho propagandistick\u00e9ho stroje, jak\u00fd kdy byl vytvo\u0159en. V\u011bd\u00ed, \u017ee jejich imp\u00e9rium z\u00e1vis\u00ed na schopnosti manipulovat s t\u00edm, jak oby\u010dejn\u00ed lid\u00e9 mysl\u00ed, mluv\u00ed, jednaj\u00ed a vol\u00ed, a to t\u00edm, \u017ee n\u00e1s neust\u00e1le vedou k pohodln\u00fdm my\u0161lenk\u00e1m a chov\u00e1n\u00ed a odrazuj\u00ed n\u00e1s od t\u011bch nepohodln\u00fdch.<\/span><\/p>\n<p><span dir=\"auto\">Cel\u00e1 tato dystopie je udr\u017eov\u00e1na masovou kontrolou mysli a stroj na kontrolu mysli je den ode dne slab\u0161\u00ed. St\u00e1le v\u00edce lid\u00ed se probouz\u00ed a uv\u011bdomuje si, \u017ee n\u00e1m vl\u00e1dnou tyrani, \u017ee n\u00e1s na\u0161i politici a m\u00e9dia oklamali a \u017ee v\u0161e, \u010demu jsme byli nau\u010deni v\u011b\u0159it o na\u0161em n\u00e1rod\u011b, na\u0161\u00ed vl\u00e1d\u011b a na\u0161em sv\u011bt\u011b, byla le\u017e.<\/span><\/p>\n<p><span dir=\"auto\">Tak\u017ee v kr\u00e1tkodob\u00e9m horizontu se v\u011bci mohou jevit temn\u011bj\u0161\u00ed ne\u017e kdy d\u0159\u00edve, ale trendy, kter\u00e9 pozorujeme, n\u00e1m ukazuj\u00ed, \u017ee m\u0159\u00ed\u017ee na\u0161\u00ed klece jsou vyrobeny z taj\u00edc\u00edho ledu. Osvobozujeme svou mysl od um\u011bl\u00fdch klam\u016f, kter\u00e9 z n\u00e1s ud\u011blaly poslu\u0161n\u00e9 a krotk\u00e9 jezdce, a probouz\u00edme v sob\u011b zdrav\u00e1 zv\u00ed\u0159ata.<\/span><\/p>\n<p><span dir=\"auto\">Za takov\u00fdch okolnost\u00ed se mi zd\u00e1 nemo\u017en\u00e9 c\u00edtit beznad\u011bjn\u011b. Nejsem si jist\u00fd\/\u00e1, jestli v\u0161echno dob\u0159e dopadne, ale zd\u00e1 se mi nemo\u017en\u00e9 nem\u00edt nad\u011bji.\u00a0<\/span><\/p>\n<p><span dir=\"auto\">Jsou p\u0159itla\u010deni z\u00e1dy ke zdi. To se je\u0161t\u011b nikdy nestalo.<\/span><\/p>\n<p><span dir=\"auto\">M\u00e1me re\u00e1lnou \u0161anci tohle vyhr\u00e1t.<\/span><\/p>\n<\/div>\n<\/div>\n<div class=\"elementor-element elementor-element-8c57238 quelle dc-has-condition dc-condition-empty elementor-widget elementor-widget-heading\" data-id=\"8c57238\" data-element_type=\"widget\" data-widget_type=\"heading.default\">\n<div class=\"elementor-widget-container\">\n<h3 class=\"elementor-heading-title elementor-size-default\"><span style=\"font-size: 10pt;\"><a href=\"https:\/\/caitlinjohnstone.com.au\/2025\/10\/21\/the-imperial-propaganda-machine-is-failing-in-unprecedented-ways\/\" target=\"_blank\" rel=\"nofollow noopener\"><span dir=\"auto\">Zdroj<\/span><\/a><\/span><\/h3>\n<p>&nbsp;<\/p>\n<\/div>\n<\/div>\n","protected":false},"excerpt":{"rendered":"<p>Jsou zatla\u010deni z\u00e1dy ke zdi. Tohle se je\u0161t\u011b nikdy nestalo. M\u00e1me re\u00e1lnou \u0161anci tohle vyhr\u00e1t&#8230;.<\/p>\n","protected":false},"author":2,"featured_media":39838,"comment_status":"closed","ping_status":"closed","sticky":false,"template":"","format":"standard","meta":[],"categories":[7],"tags":[1042,28,1051,404],"_links":{"self":[{"href":"https:\/\/www.infokuryr.cz\/n\/wp-json\/wp\/v2\/posts\/90478"}],"collection":[{"href":"https:\/\/www.infokuryr.cz\/n\/wp-json\/wp\/v2\/posts"}],"about":[{"href":"https:\/\/www.infokuryr.cz\/n\/wp-json\/wp\/v2\/types\/post"}],"author":[{"embeddable":true,"href":"https:\/\/www.infokuryr.cz\/n\/wp-json\/wp\/v2\/users\/2"}],"replies":[{"embeddable":true,"href":"https:\/\/www.infokuryr.cz\/n\/wp-json\/wp\/v2\/comments?post=90478"}],"version-history":[{"count":0,"href":"https:\/\/www.infokuryr.cz\/n\/wp-json\/wp\/v2\/posts\/90478\/revisions"}],"wp:featuredmedia":[{"embeddable":true,"href":"https:\/\/www.infokuryr.cz\/n\/wp-json\/wp\/v2\/media\/39838"}],"wp:attachment":[{"href":"https:\/\/www.infokuryr.cz\/n\/wp-json\/wp\/v2\/media?parent=90478"}],"wp:term":[{"taxonomy":"category","embeddable":true,"href":"https:\/\/www.infokuryr.cz\/n\/wp-json\/wp\/v2\/categories?post=90478"},{"taxonomy":"post_tag","embeddable":true,"href":"https:\/\/www.infokuryr.cz\/n\/wp-json\/wp\/v2\/tags?post=90478"}],"curies":[{"name":"wp","href":"https:\/\/api.w.org\/{rel}","templated":true}]}}