{"id":90425,"date":"2025-10-23T00:22:33","date_gmt":"2025-10-22T22:22:33","guid":{"rendered":"https:\/\/www.infokuryr.cz\/n\/?p=90425"},"modified":"2025-10-22T12:29:48","modified_gmt":"2025-10-22T10:29:48","slug":"thomas-roper-plynove-silenstvi-v-eu","status":"publish","type":"post","link":"https:\/\/www.infokuryr.cz\/n\/2025\/10\/23\/thomas-roper-plynove-silenstvi-v-eu\/","title":{"rendered":"Thomas R\u00f6per: Plynov\u00e9 \u0161\u00edlenstv\u00ed v EU"},"content":{"rendered":"<div id=\"fb-root\"><\/div>\n<p><strong><span dir=\"auto\">EU se rozhodla, \u017ee v\u0161echny \u010dlensk\u00e9 st\u00e1ty EU se mus\u00ed od roku 2028 vzd\u00e1t rusk\u00e9ho plynu. To nejen zni\u010d\u00ed ekonomiku EU, ale povede to tak\u00e9 k hrozn\u00fdm smluvn\u00edm pokut\u00e1m. A je to naprosto absurdn\u00ed, jak ukazuje jedna ze zpr\u00e1v z posledn\u00edch n\u011bkolika dn\u016f.<\/span><\/strong><\/p>\n<p><span dir=\"auto\">V pond\u011bl\u00ed se na zased\u00e1n\u00ed ministr\u016f zahrani\u010d\u00ed EU v\u011bt\u0161ina \u010dlensk\u00fdch st\u00e1t\u016f rozhodla zak\u00e1zat dod\u00e1vky rusk\u00e9ho plynu do za\u010d\u00e1tku roku 2028. Slovensko a Ma\u010farsko, kter\u00e9 z Ruska st\u00e1le odeb\u00edraj\u00ed velk\u00e9 mno\u017estv\u00ed plynu, byly v p\u0159ehlasov\u00e1n\u00ed p\u0159ehlasov\u00e1ny.<\/span><\/p>\n<p><span dir=\"auto\">Minist\u0159i energetiky EU v pond\u011bl\u00ed v Lucemburku hlasovali pro z\u00e1kon, kter\u00fd stanov\u00ed postupn\u00e9 vy\u0159azov\u00e1n\u00ed. \u010clensk\u00e9 st\u00e1ty EU nyn\u00ed mus\u00ed dos\u00e1hnout dohody s Evropskou komis\u00ed a Evropsk\u00fdm parlamentem, ale pravd\u011bpodobn\u011b se jedn\u00e1 o pouhou formalitu.<\/span><\/p>\n<h3 class=\"wp-block-heading\"><span dir=\"auto\">O\u010dek\u00e1vaj\u00ed se vysok\u00e9 smluvn\u00ed pokuty<\/span><\/h3>\n<p><span dir=\"auto\">Dlouhodob\u00e9 smlouvy o dod\u00e1vk\u00e1ch plynu maj\u00ed b\u00fdt tak\u00e9 ukon\u010deny nejpozd\u011bji do roku 2028, probl\u00e9m je v\u0161ak v tom, \u017ee nap\u0159\u00edklad Ma\u010farsko podepsalo s Gazpromem smlouvy, kter\u00e9 jsou platn\u00e9 d\u00e9le ne\u017e do roku 2028. Ma\u010farsk\u00fd ministr zahrani\u010d\u00ed Szijj\u00e1rt\u00f3 upozornil, \u017ee zem\u011b EU s dlouhodob\u00fdmi smlouvami o dod\u00e1vk\u00e1ch plynu s Ruskem mohou muset platit vysok\u00e9 pokuty, pokud smlouvy poru\u0161\u00ed a pl\u00e1n Evropsk\u00e9 komise provedou.<\/span><\/p>\n<p><span dir=\"auto\">P\u0159ipomn\u011bl, \u017ee Ma\u010farsko dov\u00e1\u017e\u00ed ropu a plyn z Ruska na z\u00e1klad\u011b smluv, kter\u00e9 by m\u011bly z\u016fstat v platnosti n\u011bkolik let. Bruselsk\u00e1 iniciativa v\u0161ak p\u0159edpokl\u00e1d\u00e1 ukon\u010den\u00ed t\u011bchto smluv, proto\u017ee EU bude povinna od 1. ledna 2028 zcela zastavit dovoz rusk\u00e9 energie.\u00a0Ma\u010farsk\u00fd ministr zahrani\u010d\u00ed\u00a0<\/span><a href=\"https:\/\/tass.ru\/mezhdunarodnaya-panorama\/25399407\"><u><span dir=\"auto\">k tomu uvedl :<\/span><\/u><\/a><\/p>\n<p><em><span dir=\"auto\">\u201eMezin\u00e1rodn\u00ed soudn\u00ed dv\u016fr by to mohl prohl\u00e1sit za neopodstatn\u011bn\u00e9 a pak bychom museli zaplatit pokutu za nepln\u011bn\u00ed smlouvy.\u201c<\/span><\/em><\/p>\n<p><span dir=\"auto\">Vzhledem k tomu, \u017ee tyto smlouvy jsou uzav\u00edr\u00e1ny podle pravidla \u201eber nebo pla\u0165\u201c, je pravd\u011bpodobn\u00e9, \u017ee k tomu dojde. Pravidlo stanov\u00ed, \u017ee kupuj\u00edc\u00ed mus\u00ed zaplatit minim\u00e1ln\u00ed mno\u017estv\u00ed plynu, i kdy\u017e jej neodeb\u00edraj\u00ed. EU se v\u0161ak nezav\u00e1zala tyto n\u00e1klady pokr\u00fdt a Ma\u010farsko je z\u0159ejm\u011b chce nechat napospas \u2013 pravd\u011bpodobn\u011b jako trest za svou politiku.<\/span><\/p>\n<p><span dir=\"auto\">Ma\u010farsko proto ji\u017e ozn\u00e1milo, \u017ee rozhodnut\u00ed EU napadne u soudu. Ma\u010farsk\u00fd ministr zahrani\u010d\u00ed uvedl, \u017ee Ma\u010farsko pova\u017euje jedn\u00e1n\u00ed Rady EU za nez\u00e1konn\u00e9, proto\u017ee rozhodnut\u00ed nebylo p\u0159ijato jednomysln\u011b, ale kvalifikovanou v\u011bt\u0161inou. Minist\u0159i ostatn\u00edch st\u00e1t\u016f EU, s v\u00fdjimkou Ma\u010farska a Slovenska, uvedli, \u017ee se jedn\u00e1 o obchodn\u00ed a nikoli sank\u010dn\u00ed politiku, a proto jednomyslnost nen\u00ed nutn\u00e1.<\/span><\/p>\n<p><span dir=\"auto\">Ma\u010farsko a Slovensko, kter\u00e9 hlasovaly proti, proto nemohly uplatnit sv\u00e9 pr\u00e1vo veta, a proto Szijj\u00e1rt\u00f3\u00a0<\/span><a href=\"https:\/\/tass.ru\/mezhdunarodnaya-panorama\/25409781\"><u><span dir=\"auto\">ozn\u00e1mil, \u017ee<\/span><\/u><\/a><span dir=\"auto\">\u00a0se Ma\u010farsko \u201esamoz\u0159ejm\u011b obr\u00e1t\u00ed na Evropsk\u00fd soudn\u00ed dv\u016fr\u201c.<\/span><\/p>\n<h3 class=\"wp-block-heading\"><span dir=\"auto\">EU vs. Ma\u010farsko<\/span><\/h3>\n<p><span dir=\"auto\">Mezi Budape\u0161t\u00ed a Bruselem zu\u0159\u00ed dlouhodob\u00fd boj o dod\u00e1vky rusk\u00e9ho plynu a ropy. Jedn\u00edm z d\u016fvod\u016f je\u00a0<\/span><a href=\"https:\/\/anti-spiegel.ru\/2025\/selensky-und-die-angriffe-auf-die-druschba-pipeline\/\"><u><span dir=\"auto\">ukrajinsk\u00e9 ost\u0159elov\u00e1n\u00ed ropovodu Dru\u017eba<\/span><\/u><\/a><span dir=\"auto\">\u00a0, kter\u00fdm je rusk\u00e1 ropa \u010derp\u00e1na p\u0159es Ukrajinu do Ma\u010farska a na Slovensko. Ost\u0159elov\u00e1n\u00ed naru\u0161ilo dod\u00e1vky a Ma\u010farsko to ozna\u010duje za \u00fatok na svou energetickou bezpe\u010dnost, Evropsk\u00e1 komise v\u0161ak dlouho ml\u010d\u00ed.<\/span><\/p>\n<p><span dir=\"auto\">Evropsk\u00e1 komise reagovala na ma\u010farsk\u00e9 dopisy a\u017e po 49 dnech (sedmi t\u00fddnech), co\u017e ma\u010farsk\u00fd ministr zahrani\u010d\u00ed\u00a0<\/span><a href=\"https:\/\/tass.ru\/mezhdunarodnaya-panorama\/25349935\"><u><span dir=\"auto\">ozna\u010dil za \u201eostudn\u00e9<\/span><\/u><\/a><span dir=\"auto\">\u00a0\u201c .\u00a0<\/span><a href=\"https:\/\/tass.ru\/mezhdunarodnaya-panorama\/25401115\"><u><span dir=\"auto\">St\u011b\u017eoval si, \u017ee<\/span><\/u><\/a><span dir=\"auto\">\u00a0od EU neobdr\u017eel \u017e\u00e1dnou podporu.<\/span><\/p>\n<h3 class=\"wp-block-heading\"><span dir=\"auto\">Absurdn\u00ed na konci<\/span><\/h3>\n<p><span dir=\"auto\">Absurditu politiky EU demonstruje prohl\u00e1\u0161en\u00ed \u0161\u00e9fa diplomacie EU Kallase, kter\u00fd\u00a0<\/span><a href=\"https:\/\/tass.ru\/mezhdunarodnaya-panorama\/25399027\"><u><span dir=\"auto\">uvedl<\/span><\/u><\/a><span dir=\"auto\">\u00a0, \u017ee EU vyz\u00fdv\u00e1 zem\u011b mimo EU, aby zv\u00fd\u0161ily dod\u00e1vky plynu na Ukrajinu vzhledem k v\u00e1\u017en\u00e9mu po\u0161kozen\u00ed jej\u00ed energetick\u00e9 infrastruktury.<\/span><\/p>\n<p><span dir=\"auto\">Na za\u010d\u00e1tku leto\u0161n\u00edho roku Ukrajina sama ukon\u010dila tranzit rusk\u00e9ho plynu do EU, kter\u00fd tak\u00e9 dod\u00e1vala. D\u0159\u00edve za rusk\u00fd plyn nakupovaly a platily fiktivn\u00ed spole\u010dnosti v Ma\u010farsku a na Slovensku, kter\u00e9 pak byly b\u011bhem tranzitu p\u0159es Ukrajinu dod\u00e1v\u00e1ny do ukrajinsk\u00e9 plyn\u00e1rensk\u00e9 s\u00edt\u011b. Na pap\u00ed\u0159e se jednalo o \u201eevropsk\u00fd plyn\u201c, ale ve skute\u010dnosti se jednalo o plyn z Ruska.<\/span><\/p>\n<p><span dir=\"auto\">Ukrajina nyn\u00ed tento plyn postr\u00e1d\u00e1 a je z\u00e1visl\u00e1 na dod\u00e1vk\u00e1ch z Evropy, kter\u00e1 sama o sob\u011b nem\u00e1 dostatek plynu. EU nicm\u00e9n\u011b chce ukon\u010dit dod\u00e1vky rusk\u00e9ho plynu, kter\u00e9 v sou\u010dasnosti tvo\u0159\u00ed asi 20 procent plynu dov\u00e1\u017een\u00e9ho do Evropy. Ani v Bruselu zat\u00edm nikdo nev\u00ed, jak to bude nahrazeno.<\/span><\/p>\n<p><span dir=\"auto\">To potvrzuje Kallas\u016fv po\u017eadavek na dod\u00e1n\u00ed v\u011bt\u0161\u00edho mno\u017estv\u00ed plynu na Ukrajinu. Pokud jde o plyn, ani st\u00e1ty EU, ani zbytek sv\u011bta nejsou nezi\u0161tn\u00fdmi mecen\u00e1\u0161i; ka\u017ed\u00fd si chce nejprve zajistit vlastn\u00ed dod\u00e1vky energie.<\/span><\/p>\n<p><span dir=\"auto\">Ukrajina se proto bude muset zapojit do nab\u00eddkov\u00e9 v\u00e1lky na mezin\u00e1rodn\u00edm trhu s plynem a nakupovat plyn za velmi vysokou cenu, kter\u00fd bude muset b\u00fdt do EU dovezen jako zkapaln\u011bn\u00fd zemn\u00ed plyn a pot\u00e9 \u010derpat p\u0159es Evropu na Ukrajinu.<\/span><\/p>\n<p><span dir=\"auto\">Ukrajina v\u0161ak na tuto aukci nem\u00e1 pen\u00edze. To ale Kyjevu nevad\u00ed, proto\u017ee \u00fa\u010det budou muset zaplatit st\u00e1ty EU.<\/span><\/p>\n<p><a href=\"https:\/\/anti-spiegel.ru\/2025\/der-gas-wahn-der-eu\/\">Thomas R\u00f6per<\/a><\/p>\n<p><img decoding=\"async\" loading=\"lazy\" class=\"alignnone  wp-image-22016\" src=\"http:\/\/www.infokuryr.cz\/n\/wp-content\/uploads\/2023\/01\/Thomas-Roper-298x300.jpg\" alt=\"\" width=\"143\" height=\"144\" srcset=\"https:\/\/www.infokuryr.cz\/n\/wp-content\/uploads\/2023\/01\/Thomas-Roper-298x300.jpg 298w, https:\/\/www.infokuryr.cz\/n\/wp-content\/uploads\/2023\/01\/Thomas-Roper-150x150.jpg 150w, https:\/\/www.infokuryr.cz\/n\/wp-content\/uploads\/2023\/01\/Thomas-Roper.jpg 596w\" sizes=\"(max-width: 143px) 100vw, 143px\" \/><\/p>\n<p>&nbsp;<\/p>\n","protected":false},"excerpt":{"rendered":"<p>EU se rozhodla, \u017ee v\u0161echny \u010dlensk\u00e9 st\u00e1ty EU se mus\u00ed od roku 2028 vzd\u00e1t rusk\u00e9ho&#8230;<\/p>\n","protected":false},"author":2,"featured_media":14142,"comment_status":"closed","ping_status":"closed","sticky":false,"template":"","format":"standard","meta":[],"categories":[7],"tags":[1042,285,41,1008],"_links":{"self":[{"href":"https:\/\/www.infokuryr.cz\/n\/wp-json\/wp\/v2\/posts\/90425"}],"collection":[{"href":"https:\/\/www.infokuryr.cz\/n\/wp-json\/wp\/v2\/posts"}],"about":[{"href":"https:\/\/www.infokuryr.cz\/n\/wp-json\/wp\/v2\/types\/post"}],"author":[{"embeddable":true,"href":"https:\/\/www.infokuryr.cz\/n\/wp-json\/wp\/v2\/users\/2"}],"replies":[{"embeddable":true,"href":"https:\/\/www.infokuryr.cz\/n\/wp-json\/wp\/v2\/comments?post=90425"}],"version-history":[{"count":0,"href":"https:\/\/www.infokuryr.cz\/n\/wp-json\/wp\/v2\/posts\/90425\/revisions"}],"wp:featuredmedia":[{"embeddable":true,"href":"https:\/\/www.infokuryr.cz\/n\/wp-json\/wp\/v2\/media\/14142"}],"wp:attachment":[{"href":"https:\/\/www.infokuryr.cz\/n\/wp-json\/wp\/v2\/media?parent=90425"}],"wp:term":[{"taxonomy":"category","embeddable":true,"href":"https:\/\/www.infokuryr.cz\/n\/wp-json\/wp\/v2\/categories?post=90425"},{"taxonomy":"post_tag","embeddable":true,"href":"https:\/\/www.infokuryr.cz\/n\/wp-json\/wp\/v2\/tags?post=90425"}],"curies":[{"name":"wp","href":"https:\/\/api.w.org\/{rel}","templated":true}]}}