{"id":90398,"date":"2025-10-22T05:43:02","date_gmt":"2025-10-22T03:43:02","guid":{"rendered":"https:\/\/www.infokuryr.cz\/n\/?p=90398"},"modified":"2025-10-22T05:43:02","modified_gmt":"2025-10-22T03:43:02","slug":"na-jemenskem-ostrove-pobliz-oblasti-obyvanych-hutii-se-objevila-dalsi-zahadna-pristavaci-draha","status":"publish","type":"post","link":"https:\/\/www.infokuryr.cz\/n\/2025\/10\/22\/na-jemenskem-ostrove-pobliz-oblasti-obyvanych-hutii-se-objevila-dalsi-zahadna-pristavaci-draha\/","title":{"rendered":"Na jemensk\u00e9m ostrov\u011b pobl\u00ed\u017e oblast\u00ed ob\u00fdvan\u00fdch H\u00fat\u00edi se objevila dal\u0161\u00ed z\u00e1hadn\u00e1 p\u0159ist\u00e1vac\u00ed dr\u00e1ha"},"content":{"rendered":"<div id=\"fb-root\"><\/div>\n<p><strong><span dir=\"auto\">Na ostrov\u011b Zuqar v Rud\u00e9m mo\u0159i u pob\u0159e\u017e\u00ed Jemenu se stav\u00ed dvoutis\u00edcov\u00e1 p\u0159ist\u00e1vac\u00ed dr\u00e1ha,\u00a0informovala 20. \u0159\u00edjna\u00a0<\/span><a href=\"https:\/\/apnews.com\/article\/yemen-houthi-rebels-zuqar-island-airstrip-uae-c8c0182307ccefcb3f51854493f3ae00\"><span dir=\"auto\">agentura Associated Press<\/span><\/a><\/strong><strong><span dir=\"auto\">\u00a0s odvol\u00e1n\u00edm na satelitn\u00ed sn\u00edmky od Planet Labs PBC.<\/span><\/strong><\/p>\n<p><span dir=\"auto\">Ostrov Zuqar le\u017e\u00ed mezi pob\u0159e\u017e\u00edm jemensk\u00e9 provincie al-Hodajda, kterou ovl\u00e1daj\u00ed H\u00fat\u00edov\u00e9 (AnsarAll\u00e1h), a Eritreje, pobl\u00ed\u017e pr\u016flivu Bab el-Mandeb, kter\u00fd spojuje Rud\u00e9 mo\u0159e s Adensk\u00fdm z\u00e1livem.<\/span><\/p>\n<p><span dir=\"auto\">Satelitn\u00ed sn\u00edmky analyzovan\u00e9 agenturou AP nazna\u010duj\u00ed, \u017ee pr\u00e1ce na v\u00fdstavb\u011b mola na ostrov\u011b za\u010daly v dubnu a pot\u00e9 prob\u011bhlo vy\u010di\u0161t\u011bn\u00ed pozemku pod\u00e9l ranveje. Koncem srpna se na ranvej pokl\u00e1dal z\u0159ejm\u011b asfalt. Sn\u00edmky z \u0159\u00edjna ukazuj\u00ed, \u017ee pr\u00e1ce pokra\u010duj\u00ed a v polovin\u011b m\u011bs\u00edce je na ranvej naneseno zna\u010den\u00ed.<\/span><\/p>\n<p><iframe loading=\"lazy\" src=\"https:\/\/s5.cdnstatic.space\/wp-content\/uploads\/2025\/10\/airstripyemen.mp4\" width=\"600\" height=\"338\" data-mce-fragment=\"1\"><\/iframe><\/p>\n<p><span dir=\"auto\">Tiskov\u00e1 agentura poznamenala, \u017ee data ze sledov\u00e1n\u00ed lod\u00ed ukazuj\u00ed, \u017ee lo\u010f Batsa, kter\u00e1 pluje pod togskou vlajkou a je registrovan\u00e1 na n\u00e1mo\u0159n\u00ed spole\u010dnost se s\u00eddlem v Dubaji, str\u00e1vila t\u00e9m\u011b\u0159 t\u00fdden u nov\u00e9ho doku na ostrov\u011b Zuqar pot\u00e9, co p\u0159iplula z Berbery v Somalilandu.<\/span><\/p>\n<p><span dir=\"auto\">Dubajsk\u00e1 n\u00e1mo\u0159n\u00ed spole\u010dnost Saif Shipping and Marine Services potvrdila, \u017ee obdr\u017eela objedn\u00e1vku na dod\u00e1vku asfaltu na ostrov, pravd\u011bpodobn\u011b pou\u017eit\u00e9ho p\u0159i v\u00fdstavb\u011b p\u0159ist\u00e1vac\u00ed dr\u00e1hy, jm\u00e9nem jin\u00fdch firem se s\u00eddlem ve Spojen\u00fdch arabsk\u00fdch emir\u00e1tech.<\/span><\/p>\n<p><span dir=\"auto\">V posledn\u00edch n\u011bkolika letech byly Spojen\u00e9 arabsk\u00e9 emir\u00e1ty spojov\u00e1ny s podobn\u00fdmi leti\u0161tn\u00edmi dr\u00e1hami, kter\u00e9 se objevily na jemensk\u00fdch ostrovech Abd al-Kuri v Indick\u00e9m oce\u00e1nu pobl\u00ed\u017e \u00fast\u00ed Adensk\u00e9ho z\u00e1livu a May\u00fan, kter\u00e9 se nach\u00e1zej\u00ed v samotn\u00e9m pr\u016flivu Bab el-Mandeb. Ji\u017en\u00ed p\u0159echodn\u00e1 rada, s\u00edla proti H\u00fat\u00ed\u016fm podporovan\u00e1 SAE, kontroluje tento ostrov a potvrdila, \u017ee SAE pomohly s v\u00fdstavbou p\u0159ist\u00e1vac\u00ed dr\u00e1hy.<\/span><\/p>\n<p><span dir=\"auto\">Podle agentury AP by p\u0159ist\u00e1vac\u00ed dr\u00e1ha na ostrov\u011b Zuqar mohla vojensk\u00fdm sil\u00e1m umo\u017enit prov\u00e1d\u011bt \u201eleteck\u00fd dohled nad Rud\u00fdm mo\u0159em, Adensk\u00fdm z\u00e1livem a strategicky d\u016fle\u017eit\u00fdm \u00fazk\u00fdm pr\u016flivem Bab el-Mandeb, kter\u00fd spojuje dv\u011b vodn\u00ed cesty u v\u00fdchodn\u00ed Afriky a Arabsk\u00e9ho poloostrova\u201c.<\/span><\/p>\n<p><span dir=\"auto\">Zpr\u00e1va agentury nen\u00ed p\u0159ekvapiv\u00e1. O v\u00fdstavb\u011b vojensk\u00e9 z\u00e1kladny s n\u011bkolika vrtuln\u00edkov\u00fdmi plochami na ostrov\u011b Zudaq se psalo ji\u017e za\u010d\u00e1tkem tohoto roku.<\/span><\/p>\n<p><span dir=\"auto\">Ostrov byl dobyt od H\u00fat\u00ed\u016f kr\u00e1tce po zah\u00e1jen\u00ed sa\u00fadskoarabsk\u00e9 intervence v Jemenu v roce 2015. Spojen\u00e9 arabsk\u00e9 emir\u00e1ty sehr\u00e1ly v intervenci kl\u00ed\u010dovou roli. A\u010dkoli v roce 2019 ozn\u00e1mily sta\u017een\u00ed ze zem\u011b, nad\u00e1le tam p\u016fsob\u00ed.<\/span><\/p>\n<p><span dir=\"auto\">V posledn\u00edch m\u011bs\u00edc\u00edch se jemensk\u00fdm sil\u00e1m bojuj\u00edc\u00edm proti H\u00fat\u00ed\u016fm poda\u0159ilo zachytit v\u00edce z\u00e1silek zbran\u00ed a vybaven\u00ed ur\u010den\u00fdch pro tuto skupinu.<\/span><\/p>\n<p><span dir=\"auto\">Leti\u0161t\u011b v Zudaqu, Abd al-Kuri a Mayunu se pravd\u011bpodobn\u011b pou\u017e\u00edvaj\u00ed k bedliv\u00e9mu sledov\u00e1n\u00ed H\u00fat\u00ed\u016f. Nelze v\u0161ak vylou\u010dit ani v\u011bt\u0161\u00ed budouc\u00ed roli. Jemensk\u00e1 m\u00e9dia bl\u00edzk\u00e1 H\u00fat\u00ed\u016fm ji\u017e informovala o izraelsk\u00fdch vojensk\u00fdch aktivit\u00e1ch v Zudaqu a Mayunu.<\/span><\/p>\n<p><span dir=\"auto\">T\u00e9m\u011b\u0159 dva roky H\u00fat\u00edov\u00e9 v reakci na v\u00e1lku v p\u00e1smu Gazy provedli des\u00edtky \u00fatok\u016f na lod\u011b a c\u00edle spojen\u00e9 s Izraelem v samotn\u00e9 zemi. Izrael v reakci na to provedl n\u011bkolik \u00fader\u016f v Jemenu a ned\u00e1vno sl\u00edbil eskalaci.<\/span><\/p>\n<p><span dir=\"auto\">Leti\u0161t\u011b na jemensk\u00fdch ostrovech by mohla Izraeli umo\u017enit v\u00fdrazn\u011b roz\u0161\u00ed\u0159it jeho operace proti H\u00fat\u00ed\u016fm. Mohla by b\u00fdt dokonce vyu\u017eita jako z\u00e1kladna pro n\u00e1lety hluboko v oblastech ovl\u00e1dan\u00fdch touto skupinou v Jemenu.<\/span><\/p>\n<p><img decoding=\"async\" loading=\"lazy\" class=\"alignnone size-full wp-image-1185\" src=\"http:\/\/www.infokuryr.cz\/n\/wp-content\/uploads\/2021\/04\/kuryr-podpis.png\" alt=\"\" width=\"84\" height=\"24\" \/><\/p>\n<p>&nbsp;<\/p>\n","protected":false},"excerpt":{"rendered":"<p>Na ostrov\u011b Zuqar v Rud\u00e9m mo\u0159i u pob\u0159e\u017e\u00ed Jemenu se stav\u00ed dvoutis\u00edcov\u00e1 p\u0159ist\u00e1vac\u00ed dr\u00e1ha,\u00a0informovala 20&#8230;.<\/p>\n","protected":false},"author":2,"featured_media":90399,"comment_status":"closed","ping_status":"closed","sticky":false,"template":"","format":"standard","meta":[],"categories":[7],"tags":[9042,1400,806,889],"_links":{"self":[{"href":"https:\/\/www.infokuryr.cz\/n\/wp-json\/wp\/v2\/posts\/90398"}],"collection":[{"href":"https:\/\/www.infokuryr.cz\/n\/wp-json\/wp\/v2\/posts"}],"about":[{"href":"https:\/\/www.infokuryr.cz\/n\/wp-json\/wp\/v2\/types\/post"}],"author":[{"embeddable":true,"href":"https:\/\/www.infokuryr.cz\/n\/wp-json\/wp\/v2\/users\/2"}],"replies":[{"embeddable":true,"href":"https:\/\/www.infokuryr.cz\/n\/wp-json\/wp\/v2\/comments?post=90398"}],"version-history":[{"count":1,"href":"https:\/\/www.infokuryr.cz\/n\/wp-json\/wp\/v2\/posts\/90398\/revisions"}],"predecessor-version":[{"id":90400,"href":"https:\/\/www.infokuryr.cz\/n\/wp-json\/wp\/v2\/posts\/90398\/revisions\/90400"}],"wp:featuredmedia":[{"embeddable":true,"href":"https:\/\/www.infokuryr.cz\/n\/wp-json\/wp\/v2\/media\/90399"}],"wp:attachment":[{"href":"https:\/\/www.infokuryr.cz\/n\/wp-json\/wp\/v2\/media?parent=90398"}],"wp:term":[{"taxonomy":"category","embeddable":true,"href":"https:\/\/www.infokuryr.cz\/n\/wp-json\/wp\/v2\/categories?post=90398"},{"taxonomy":"post_tag","embeddable":true,"href":"https:\/\/www.infokuryr.cz\/n\/wp-json\/wp\/v2\/tags?post=90398"}],"curies":[{"name":"wp","href":"https:\/\/api.w.org\/{rel}","templated":true}]}}