{"id":90381,"date":"2025-10-22T04:28:01","date_gmt":"2025-10-22T02:28:01","guid":{"rendered":"https:\/\/www.infokuryr.cz\/n\/?p=90381"},"modified":"2025-10-22T04:28:01","modified_gmt":"2025-10-22T02:28:01","slug":"v-dublinu-vypukly-nepokoje-pote-co-byl-zadatel-o-azyl-obvinen-ze-znasilneni-desetilete-divky","status":"publish","type":"post","link":"https:\/\/www.infokuryr.cz\/n\/2025\/10\/22\/v-dublinu-vypukly-nepokoje-pote-co-byl-zadatel-o-azyl-obvinen-ze-znasilneni-desetilete-divky\/","title":{"rendered":"V Dublinu vypukly nepokoje pot\u00e9, co byl \u017eadatel o azyl obvin\u011bn ze zn\u00e1siln\u011bn\u00ed desetilet\u00e9 d\u00edvky"},"content":{"rendered":"<div id=\"fb-root\"><\/div>\n<h3>K \u00fatoku \u00fadajn\u011b do\u0161lo pobl\u00ed\u017e hotelu, v n\u011bm\u017e byli ubytov\u00e1ni imigranti<\/h3>\n<p data-start=\"175\" data-end=\"453\"><span dir=\"auto\">V \u00fater\u00fd vypukla p\u0159ed imigra\u010dn\u00edm za\u0159\u00edzen\u00edm na dublinsk\u00e9m p\u0159edm\u011bst\u00ed vzpoura, kterou vyvolalo \u00fadajn\u00e9 zn\u00e1siln\u011bn\u00ed desetilet\u00e9 d\u00edvky.<\/span><\/p>\n<p data-start=\"587\" data-end=\"776\"><span dir=\"auto\">A\u010dkoli \u00fa\u0159ady nezve\u0159ejnily toto\u017enost podez\u0159el\u00e9ho, Irish Times uvedly, \u017ee se jedn\u00e1 o odm\u00edtnut\u00e9ho \u017eadatele o azyl, kter\u00fd p\u0159ijel z africk\u00e9 zem\u011b zhruba p\u0159ed \u0161esti lety.<\/span><\/p>\n<p data-start=\"778\" data-end=\"992\"><span dir=\"auto\">V Saggartu se shrom\u00e1\u017edilo n\u011bkolik tis\u00edc protestuj\u00edc\u00edch, n\u011bkte\u0159\u00ed z nich h\u00e1zeli na policisty projektily, odpalovali oh\u0148ostroje a zap\u00e1lili nejm\u00e9n\u011b jednu policejn\u00ed dod\u00e1vku. Policie nasadila posily a vodn\u00ed d\u011blo, aby nepokoje potla\u010dila.<\/span><\/p>\n<p data-start=\"994\" data-end=\"1169\"><span dir=\"auto\">Podle Agentury pro d\u011bti a rodinu (Tusla) k \u00fatoku do\u0161lo o v\u00edkendu pobl\u00ed\u017e b\u00fdval\u00e9ho hotelu Citywest, kter\u00fd byl p\u0159em\u011bn\u011bn na trval\u00e9 \u00fato\u010di\u0161t\u011b pro migranty.<\/span><\/p>\n<div class=\"rtcode\">\n<div class=\"twitter-tweet twitter-tweet-rendered\"><iframe id=\"twitter-widget-0\" class=\"\" title=\"X P\u0159\u00edsp\u011bvek\" src=\"https:\/\/platform.twitter.com\/embed\/Tweet.html?creatorScreenName=RT_com&amp;dnt=false&amp;embedId=twitter-widget-0&amp;features=eyJ0ZndfdGltZWxpbmVfbGlzdCI6eyJidWNrZXQiOltdLCJ2ZXJzaW9uIjpudWxsfSwidGZ3X2ZvbGxvd2VyX2NvdW50X3N1bnNldCI6eyJidWNrZXQiOnRydWUsInZlcnNpb24iOm51bGx9LCJ0ZndfdHdlZXRfZWRpdF9iYWNrZW5kIjp7ImJ1Y2tldCI6Im9uIiwidmVyc2lvbiI6bnVsbH0sInRmd19yZWZzcmNfc2Vzc2lvbiI6eyJidWNrZXQiOiJvbiIsInZlcnNpb24iOm51bGx9LCJ0ZndfZm9zbnJfc29mdF9pbnRlcnZlbnRpb25zX2VuYWJsZWQiOnsiYnVja2V0Ijoib24iLCJ2ZXJzaW9uIjpudWxsfSwidGZ3X21peGVkX21lZGlhXzE1ODk3Ijp7ImJ1Y2tldCI6InRyZWF0bWVudCIsInZlcnNpb24iOm51bGx9LCJ0ZndfZXhwZXJpbWVudHNfY29va2llX2V4cGlyYXRpb24iOnsiYnVja2V0IjoxMjA5NjAwLCJ2ZXJzaW9uIjpudWxsfSwidGZ3X3Nob3dfYmlyZHdhdGNoX3Bpdm90c19lbmFibGVkIjp7ImJ1Y2tldCI6Im9uIiwidmVyc2lvbiI6bnVsbH0sInRmd19kdXBsaWNhdGVfc2NyaWJlc190b19zZXR0aW5ncyI6eyJidWNrZXQiOiJvbiIsInZlcnNpb24iOm51bGx9LCJ0ZndfdXNlX3Byb2ZpbGVfaW1hZ2Vfc2hhcGVfZW5hYmxlZCI6eyJidWNrZXQiOiJvbiIsInZlcnNpb24iOm51bGx9LCJ0ZndfdmlkZW9faGxzX2R5bmFtaWNfbWFuaWZlc3RzXzE1MDgyIjp7ImJ1Y2tldCI6InRydWVfYml0cmF0ZSIsInZlcnNpb24iOm51bGx9LCJ0ZndfbGVnYWN5X3RpbWVsaW5lX3N1bnNldCI6eyJidWNrZXQiOnRydWUsInZlcnNpb24iOm51bGx9LCJ0ZndfdHdlZXRfZWRpdF9mcm9udGVuZCI6eyJidWNrZXQiOiJvbiIsInZlcnNpb24iOm51bGx9fQ%3D%3D&amp;frame=false&amp;hideCard=false&amp;hideThread=false&amp;id=1980748563752890761&amp;lang=cs&amp;maxWidth=560px&amp;origin=https%3A%2F%2Fwww.rt.com%2Fnews%2F626787-dublin-migrant-hotel-riot%2F&amp;sessionId=ff51b861c0636f6d879faf8e378b8989722b7275&amp;siteScreenName=RT_com&amp;theme=light&amp;widgetsVersion=2615f7e52b7e0%3A1702314776716&amp;width=550px\" frameborder=\"0\" scrolling=\"no\" allowfullscreen=\"allowfullscreen\" data-tweet-id=\"1980748563752890761\" data-mce-fragment=\"1\"><\/iframe><\/div>\n<\/div>\n<p data-start=\"1171\" data-end=\"1459\"><span dir=\"auto\">Ob\u011b\u0165, kter\u00e1 byla v p\u00e9\u010di st\u00e1tu, byla napadena pot\u00e9, co\u00a0<\/span><em><span dir=\"auto\">\u201eutekla p\u0159ed person\u00e1lem b\u011bhem pl\u00e1novan\u00e9ho rekrea\u010dn\u00edho v\u00fdletu s person\u00e1lem v centru m\u011bsta,\u201c<\/span><\/em><span dir=\"auto\">\u00a0uvedla agentura. Tusla dodala, \u017ee ob\u011b\u0165 byla do jej\u00ed p\u00e9\u010de p\u0159ed\u00e1na za\u010d\u00e1tkem tohoto roku kv\u016fli\u00a0<\/span><em><span dir=\"auto\">\u201ev\u00fdznamn\u00fdm probl\u00e9m\u016fm s chov\u00e1n\u00edm\u201c.<\/span><\/em><\/p>\n<p data-start=\"1461\" data-end=\"1570\"><span dir=\"auto\">Policie uvedla, \u017ee podez\u0159el\u00fd byl zadr\u017een k v\u00fdslechu. Policist\u00e9 maj\u00ed 24 hodin na to, aby ho obvinili nebo propustili.<\/span><\/p>\n<div style=\"width: 640px;\" class=\"wp-video\"><!--[if lt IE 9]><script>document.createElement('video');<\/script><![endif]-->\n<video class=\"wp-video-shortcode\" id=\"video-90381-1\" width=\"640\" height=\"1138\" preload=\"metadata\" controls=\"controls\"><source type=\"video\/mp4\" src=\"http:\/\/www.infokuryr.cz\/n\/wp-content\/uploads\/2025\/10\/dublin.mp4?_=1\" \/><a href=\"http:\/\/www.infokuryr.cz\/n\/wp-content\/uploads\/2025\/10\/dublin.mp4\">http:\/\/www.infokuryr.cz\/n\/wp-content\/uploads\/2025\/10\/dublin.mp4<\/a><\/video><\/div>\n<p>&nbsp;<\/p>\n<p data-start=\"80\" data-end=\"151\"><span dir=\"auto\">Premi\u00e9r Miche\u00e1l Martin uvedl, \u017ee \u00fa\u0159ady ob\u011b\u0165 zklamaly.\u00a0\u00a0<\/span><em><span dir=\"auto\">\u201eZ\u00e1kladn\u00ed povinnost\u00ed st\u00e1tu je chr\u00e1nit d\u011bti st\u00e1tu a bez ohledu na slo\u017eitost nebo z\u00e1va\u017enost jak\u00e9hokoli p\u0159\u00edpadu mus\u00ed b\u00fdt tato povinnost spln\u011bna,\u201c<\/span><\/em><span dir=\"auto\">\u00a0\u0159ekl.<\/span><\/p>\n<p data-start=\"80\" data-end=\"151\"><span dir=\"auto\">M\u00edstop\u0159edseda vl\u00e1dy Simon Harris ozna\u010dil p\u0159\u00edpad za\u00a0<\/span><em><span dir=\"auto\">\u201ed\u011bsn\u00fd\u201c<\/span><\/em><span dir=\"auto\">\u00a0, ale vyzval ve\u0159ejnost ke zdr\u017eenlivosti.\u00a0<\/span><em><span dir=\"auto\">\u201eJe d\u016fle\u017eit\u00e9, abychom m\u011bli mo\u017enost zjistit fakta a aby i agentury m\u011bly mo\u017enost tato fakta prezentovat,\u201c<\/span><\/em><span dir=\"auto\">\u00a0\u0159ekl.<\/span><\/p>\n<p data-start=\"1572\" data-end=\"1719\"><span dir=\"auto\">Ministr spravedlnosti Jim O&#8217;Callaghan odsoudil \u00fatoky na policii slovy:\u00a0<\/span><em><span dir=\"auto\">\u201ePokojn\u00e9 protesty jsou z\u00e1kladem na\u0161\u00ed demokracie. N\u00e1sil\u00ed nikoli.\u201c<\/span><\/em><\/p>\n<p data-start=\"1572\" data-end=\"1719\"><img decoding=\"async\" loading=\"lazy\" class=\"alignnone size-full wp-image-1185\" src=\"http:\/\/www.infokuryr.cz\/n\/wp-content\/uploads\/2021\/04\/kuryr-podpis.png\" alt=\"\" width=\"84\" height=\"24\" \/><\/p>\n<p data-start=\"1572\" data-end=\"1719\">\n","protected":false},"excerpt":{"rendered":"<p>K \u00fatoku \u00fadajn\u011b do\u0161lo pobl\u00ed\u017e hotelu, v n\u011bm\u017e byli ubytov\u00e1ni imigranti V \u00fater\u00fd vypukla p\u0159ed&#8230;<\/p>\n","protected":false},"author":2,"featured_media":90383,"comment_status":"closed","ping_status":"closed","sticky":false,"template":"","format":"standard","meta":[],"categories":[7],"tags":[7358,3227,889,366],"_links":{"self":[{"href":"https:\/\/www.infokuryr.cz\/n\/wp-json\/wp\/v2\/posts\/90381"}],"collection":[{"href":"https:\/\/www.infokuryr.cz\/n\/wp-json\/wp\/v2\/posts"}],"about":[{"href":"https:\/\/www.infokuryr.cz\/n\/wp-json\/wp\/v2\/types\/post"}],"author":[{"embeddable":true,"href":"https:\/\/www.infokuryr.cz\/n\/wp-json\/wp\/v2\/users\/2"}],"replies":[{"embeddable":true,"href":"https:\/\/www.infokuryr.cz\/n\/wp-json\/wp\/v2\/comments?post=90381"}],"version-history":[{"count":0,"href":"https:\/\/www.infokuryr.cz\/n\/wp-json\/wp\/v2\/posts\/90381\/revisions"}],"wp:featuredmedia":[{"embeddable":true,"href":"https:\/\/www.infokuryr.cz\/n\/wp-json\/wp\/v2\/media\/90383"}],"wp:attachment":[{"href":"https:\/\/www.infokuryr.cz\/n\/wp-json\/wp\/v2\/media?parent=90381"}],"wp:term":[{"taxonomy":"category","embeddable":true,"href":"https:\/\/www.infokuryr.cz\/n\/wp-json\/wp\/v2\/categories?post=90381"},{"taxonomy":"post_tag","embeddable":true,"href":"https:\/\/www.infokuryr.cz\/n\/wp-json\/wp\/v2\/tags?post=90381"}],"curies":[{"name":"wp","href":"https:\/\/api.w.org\/{rel}","templated":true}]}}