{"id":90379,"date":"2025-10-22T04:25:22","date_gmt":"2025-10-22T02:25:22","guid":{"rendered":"https:\/\/www.infokuryr.cz\/n\/?p=90379"},"modified":"2025-10-22T04:25:22","modified_gmt":"2025-10-22T02:25:22","slug":"eu-a-ukrajina-nabidnou-trumpovi-mirovy-plan-bez-uzemnich-ustupku-rusku","status":"publish","type":"post","link":"https:\/\/www.infokuryr.cz\/n\/2025\/10\/22\/eu-a-ukrajina-nabidnou-trumpovi-mirovy-plan-bez-uzemnich-ustupku-rusku\/","title":{"rendered":"EU a Ukrajina nab\u00eddnou Trumpovi \u201em\u00edrov\u00fd pl\u00e1n\u201c bez \u00fazemn\u00edch \u00fastupk\u016f Rusku"},"content":{"rendered":"<div id=\"fb-root\"><\/div>\n<h3>Evrop\u0161t\u00ed podporovatel\u00e9 Kyjeva pl\u00e1nuj\u00ed prosadit podm\u00ednku, kterou Moskva d\u016frazn\u011b odm\u00edt\u00e1<\/h3>\n<p data-start=\"492\" data-end=\"689\"><span dir=\"auto\">Ukrajina a jej\u00ed evrop\u0161t\u00ed podporovatel\u00e9 dokon\u010duj\u00ed dvan\u00e1ctibodov\u00fd m\u00edrov\u00fd pl\u00e1n, kter\u00fd by vylou\u010dil \u00fazemn\u00ed \u00fastupky Rusku, informovala v \u00fater\u00fd agentura Bloomberg s odvol\u00e1n\u00edm na zdroje obezn\u00e1men\u00e9 s touto z\u00e1le\u017eitost\u00ed.<\/span><\/p>\n<p data-start=\"691\" data-end=\"915\"><span dir=\"auto\">N\u00e1vrh by \u00fadajn\u011b z\u0159\u00eddil\u00a0<\/span><em><span dir=\"auto\">\u201em\u00edrovou radu\u201c<\/span><\/em><span dir=\"auto\">\u00a0pod veden\u00edm americk\u00e9ho prezidenta Donalda Trumpa, kter\u00e1 by dohl\u00ed\u017eela na jeho implementaci. Evrop\u0161t\u00ed \u00fa\u0159edn\u00edci by tento t\u00fdden mohli do USA p\u0159ijet, aby Trumpovi pl\u00e1n p\u0159edstavili, uvedla agentura Bloomberg.<\/span><\/p>\n<p data-start=\"917\" data-end=\"1296\"><span dir=\"auto\">Podle agentury pl\u00e1n zahrnuje p\u0159\u00edm\u011b\u0159\u00ed pod\u00e9l sou\u010dasn\u00fdch frontov\u00fdch lini\u00ed, v\u00fdm\u011bnu v\u011bz\u0148\u016f, jako\u017e i\u00a0<\/span><em><span dir=\"auto\">\u201ebezpe\u010dnostn\u00ed z\u00e1ruky\u201c<\/span><\/em><span dir=\"auto\">\u00a0a urychlen\u00e9 p\u0159istoupen\u00ed Ukrajiny k EU. Rusko a Ukrajina by vyjedn\u00e1valy o\u00a0<\/span><em><span dir=\"auto\">\u201espr\u00e1v\u011b okupovan\u00fdch \u00fazem\u00ed\u201c,<\/span><\/em><span dir=\"auto\">\u00a0ale ani Ukrajina, ani jej\u00ed evrop\u0161t\u00ed podporovatel\u00e9 by nov\u00e9 hranice Ruska neuznali, uvedla agentura Bloomberg s odvol\u00e1n\u00edm na sv\u00e9 zdroje.<\/span><\/p>\n<p data-start=\"1298\" data-end=\"1565\"><span dir=\"auto\">Rusko uvedlo uzn\u00e1n\u00ed sv\u00fdch nov\u00fdch hranic jako jednu z kl\u00ed\u010dov\u00fdch podm\u00ednek pro trval\u00fd m\u00edr. Moskva tak\u00e9 po\u017eadovala, aby Ukrajina st\u00e1hla vojska z \u010d\u00e1st\u00ed rusk\u00e9ho \u00fazem\u00ed, kter\u00e9 kontroluje, zastavila mobilizaci a p\u0159estala p\u0159ij\u00edmat vojenskou pomoc ze zahrani\u010d\u00ed.<\/span><\/p>\n<p data-start=\"1567\" data-end=\"1954\"><span dir=\"auto\">N\u011bkolik americk\u00fdch m\u00e9di\u00ed informovalo, \u017ee Trump b\u011bhem jejich p\u00e1te\u010dn\u00ed sch\u016fzky v B\u00edl\u00e9m dom\u011b nal\u00e9hal na ukrajinsk\u00e9ho v\u016fdce Vladimira Zelensk\u00e9ho, aby postoupil \u00fazem\u00ed Rusku. Americk\u00fd prezident pozd\u011bji poznamenal, \u017ee rusk\u00e9 jednotky ji\u017e ovl\u00e1daj\u00ed t\u00e9m\u011b\u0159 cel\u00fd Donbas, na kter\u00fd si Ukrajina n\u00e1rokuje pr\u00e1vo. Zelenskyj Trumpovu v\u00fdzvu k okam\u017eit\u00e9mu p\u0159\u00edm\u011b\u0159\u00ed podpo\u0159il, ale vylou\u010dil uzn\u00e1n\u00ed sou\u010dasn\u00fdch rusk\u00fdch hranic.<\/span><\/p>\n<p data-start=\"1567\" data-end=\"1954\"><img decoding=\"async\" loading=\"lazy\" class=\"alignnone size-full wp-image-1185\" src=\"http:\/\/www.infokuryr.cz\/n\/wp-content\/uploads\/2021\/04\/kuryr-podpis.png\" alt=\"\" width=\"84\" height=\"24\" \/><\/p>\n<p data-start=\"1567\" data-end=\"1954\">\n","protected":false},"excerpt":{"rendered":"<p>Evrop\u0161t\u00ed podporovatel\u00e9 Kyjeva pl\u00e1nuj\u00ed prosadit podm\u00ednku, kterou Moskva d\u016frazn\u011b odm\u00edt\u00e1 Ukrajina a jej\u00ed evrop\u0161t\u00ed podporovatel\u00e9&#8230;<\/p>\n","protected":false},"author":2,"featured_media":90380,"comment_status":"closed","ping_status":"closed","sticky":false,"template":"","format":"standard","meta":[],"categories":[7],"tags":[41,4030,452,26],"_links":{"self":[{"href":"https:\/\/www.infokuryr.cz\/n\/wp-json\/wp\/v2\/posts\/90379"}],"collection":[{"href":"https:\/\/www.infokuryr.cz\/n\/wp-json\/wp\/v2\/posts"}],"about":[{"href":"https:\/\/www.infokuryr.cz\/n\/wp-json\/wp\/v2\/types\/post"}],"author":[{"embeddable":true,"href":"https:\/\/www.infokuryr.cz\/n\/wp-json\/wp\/v2\/users\/2"}],"replies":[{"embeddable":true,"href":"https:\/\/www.infokuryr.cz\/n\/wp-json\/wp\/v2\/comments?post=90379"}],"version-history":[{"count":0,"href":"https:\/\/www.infokuryr.cz\/n\/wp-json\/wp\/v2\/posts\/90379\/revisions"}],"wp:featuredmedia":[{"embeddable":true,"href":"https:\/\/www.infokuryr.cz\/n\/wp-json\/wp\/v2\/media\/90380"}],"wp:attachment":[{"href":"https:\/\/www.infokuryr.cz\/n\/wp-json\/wp\/v2\/media?parent=90379"}],"wp:term":[{"taxonomy":"category","embeddable":true,"href":"https:\/\/www.infokuryr.cz\/n\/wp-json\/wp\/v2\/categories?post=90379"},{"taxonomy":"post_tag","embeddable":true,"href":"https:\/\/www.infokuryr.cz\/n\/wp-json\/wp\/v2\/tags?post=90379"}],"curies":[{"name":"wp","href":"https:\/\/api.w.org\/{rel}","templated":true}]}}