{"id":90377,"date":"2025-10-22T04:21:48","date_gmt":"2025-10-22T02:21:48","guid":{"rendered":"https:\/\/www.infokuryr.cz\/n\/?p=90377"},"modified":"2025-10-22T04:21:48","modified_gmt":"2025-10-22T02:21:48","slug":"nekdo-tajne-vyvesil-nemecke-statni-vlajky-mistni-starostka-je-nechala-strhat-a-po-pachateli-patra-policie-nemecko-je-kaput","status":"publish","type":"post","link":"https:\/\/www.infokuryr.cz\/n\/2025\/10\/22\/nekdo-tajne-vyvesil-nemecke-statni-vlajky-mistni-starostka-je-nechala-strhat-a-po-pachateli-patra-policie-nemecko-je-kaput\/","title":{"rendered":"N\u011bkdo tajn\u011b vyv\u011bsil n\u011bmeck\u00e9 st\u00e1tn\u00ed vlajky. M\u00edstn\u00ed starostka je nechala strhat a po pachateli p\u00e1tr\u00e1 policie\u2026! N\u011bmecko je kaput!"},"content":{"rendered":"<div id=\"fb-root\"><\/div>\n<p>V z\u00e1padon\u011bmeck\u00e9m Hagenu se o v\u00edkendu ud\u00e1l stra\u0161liv\u00fd zlo\u010din.\u00a0<strong>Nezn\u00e1m\u00fd pachatel tam v noci vyv\u011bsil na r\u016fzn\u00fdch ve\u0159ejn\u00fdch m\u00edstech<a href=\"https:\/\/www.come-on.de\/lennetal\/nachrodt-wiblingwerde\/staatsschutz-ermittelt-nach-flaggen-aktion-in-nachrodt-wiblingwerde-93995675.html\">\u00a0n\u011bmeck\u00e9 st\u00e1tn\u00ed vlajky<\/a>\u00a0a k jedn\u00e9 dokonce napsal, \u017ee \u201en\u00e1rodn\u00ed hrdost nen\u00ed zlo\u010din\u201c!<\/strong><\/p>\n<p>Takov\u00e1 hr\u016fza!\u00a0<strong>M\u00edstn\u00ed starostka\u00a0<a href=\"https:\/\/jungefreiheit.de\/politik\/deutschland\/2025\/unbekannte-hissen-dutzende-deutschlandflaggen-staatsschutz-ermittelt\/\">B. Tupatov\u00e1 na\u0159\u00eddila vlajky okam\u017eit\u011b strhnout<\/a>! Podle starostky je snad mo\u017en\u00e9 akceptovat, \u017ee si n\u011bkdo drze vyv\u011bs\u00ed n\u011bmeckou vlajku na sv\u00e9m pozemku, ale na ve\u0159ejn\u00fdch prostranstv\u00edch to mo\u017en\u00e9 a dovolen\u00e9 nen\u00ed! Podle radnice se nejsp\u00ed\u0161 jedn\u00e1 o \u010din pravicov\u00fdch extremist\u016f s neonacistick\u00fdm pozad\u00edm.<\/strong><\/p>\n<p>V m\u00e9di\u00edch se spekuluje, \u017ee se mohlo jednat o akci skupiny \u201evyv\u011bste st\u00e1tn\u00ed vlajky\u201c, kter\u00e1 m\u00e1 \u00fadajn\u011b m\u00edt pravicov\u011b extremistick\u00e9 podhoub\u00ed.<\/p>\n<p><strong>Po pachatel\u00edch za\u010dala p\u00e1trat policie. Policie studuje kamerov\u00e9 z\u00e1znamy a hled\u00e1 sv\u011bdky. Je velk\u00e1 pravd\u011bpodobnost, \u017ee se j\u00ed pachatele poda\u0159\u00ed dopadnout.<\/strong>\u00a0V\u0161ichni budou m\u00edt radost a tak\u00e9 budou ch\u00e1pat, \u017ee policie nem\u00e1 \u010das st\u00edhat pachatele n\u00e1siln\u00fdch trestn\u00fdch \u010din\u016f z \u0159ad obohacuj\u00edc\u00edch barevn\u00fdch uprchl\u00edk\u016f a Antif\u00e1k\u016f!<\/p>\n<p><strong>N\u011bmecko je kaput! \u010ce\u0161i to mus\u00ed vz\u00edt na v\u011bdom\u00ed a za\u010d\u00edt se podle toho chovat<\/strong>! Glob\u00e1ln\u00ed finan\u010dn\u00ed oligarchie m\u00e1 pro \u010cechy nachystan\u00fd stejn\u00fd osud.\u00a0<strong>\u010ce\u0161i nejsou ve v\u00e1lce s Rusem, ani virem. \u010ce\u0161i jsou ve v\u00e1lce s glob\u00e1ln\u00ed mafi\u00ed, kter\u00e1 jim tu v\u00e1lku vyhl\u00e1sila p\u0159ed mnoha lety.<\/strong><\/p>\n<p><a href=\"https:\/\/ceskavec.com\/2025\/10\/nekdo-tajne-vyvesil-nemecke-statni-vlajky-mistni-starostka-je-nechala-strhat-a-po-pachateli-patra-policie-nemecko-je-kaput\"><em>Aron G.<\/em><\/a><\/p>\n<p>&nbsp;<\/p>\n","protected":false},"excerpt":{"rendered":"<p>V z\u00e1padon\u011bmeck\u00e9m Hagenu se o v\u00edkendu ud\u00e1l stra\u0161liv\u00fd zlo\u010din.\u00a0Nezn\u00e1m\u00fd pachatel tam v noci vyv\u011bsil na&#8230;<\/p>\n","protected":false},"author":2,"featured_media":90378,"comment_status":"closed","ping_status":"closed","sticky":false,"template":"","format":"standard","meta":[],"categories":[7],"tags":[84,86,7051,2279],"_links":{"self":[{"href":"https:\/\/www.infokuryr.cz\/n\/wp-json\/wp\/v2\/posts\/90377"}],"collection":[{"href":"https:\/\/www.infokuryr.cz\/n\/wp-json\/wp\/v2\/posts"}],"about":[{"href":"https:\/\/www.infokuryr.cz\/n\/wp-json\/wp\/v2\/types\/post"}],"author":[{"embeddable":true,"href":"https:\/\/www.infokuryr.cz\/n\/wp-json\/wp\/v2\/users\/2"}],"replies":[{"embeddable":true,"href":"https:\/\/www.infokuryr.cz\/n\/wp-json\/wp\/v2\/comments?post=90377"}],"version-history":[{"count":0,"href":"https:\/\/www.infokuryr.cz\/n\/wp-json\/wp\/v2\/posts\/90377\/revisions"}],"wp:featuredmedia":[{"embeddable":true,"href":"https:\/\/www.infokuryr.cz\/n\/wp-json\/wp\/v2\/media\/90378"}],"wp:attachment":[{"href":"https:\/\/www.infokuryr.cz\/n\/wp-json\/wp\/v2\/media?parent=90377"}],"wp:term":[{"taxonomy":"category","embeddable":true,"href":"https:\/\/www.infokuryr.cz\/n\/wp-json\/wp\/v2\/categories?post=90377"},{"taxonomy":"post_tag","embeddable":true,"href":"https:\/\/www.infokuryr.cz\/n\/wp-json\/wp\/v2\/tags?post=90377"}],"curies":[{"name":"wp","href":"https:\/\/api.w.org\/{rel}","templated":true}]}}