{"id":90373,"date":"2025-10-22T04:02:43","date_gmt":"2025-10-22T02:02:43","guid":{"rendered":"https:\/\/www.infokuryr.cz\/n\/?p=90373"},"modified":"2025-10-22T04:02:43","modified_gmt":"2025-10-22T02:02:43","slug":"sef-blackrocku-prohlasil-ze-globalni-elita-se-musi-zbavit-miliard-lidi-aby-dosahla-zvyseneho-zivotniho-standardu","status":"publish","type":"post","link":"https:\/\/www.infokuryr.cz\/n\/2025\/10\/22\/sef-blackrocku-prohlasil-ze-globalni-elita-se-musi-zbavit-miliard-lidi-aby-dosahla-zvyseneho-zivotniho-standardu\/","title":{"rendered":"\u0160\u00e9f BlackRocku prohl\u00e1sil, \u017ee glob\u00e1ln\u00ed elita se mus\u00ed zbavit miliard lid\u00ed, aby dos\u00e1hla \u201ezv\u00fd\u0161en\u00e9ho \u017eivotn\u00edho standardu\u201c"},"content":{"rendered":"<div id=\"fb-root\"><\/div>\n<p><span dir=\"auto\">Gener\u00e1ln\u00edho \u0159editele nejv\u011bt\u0161\u00edho spr\u00e1vce aktiv na sv\u011bt\u011b naz\u00fdvaj\u00ed finan\u010dn\u00edm titanem. N\u011bkte\u0159\u00ed se v\u0161ak domn\u00edvaj\u00ed, \u017ee Larry Fink za usm\u00edvaj\u00edc\u00ed se ve\u0159ejnou maskou \u0161\u00ed\u0159\u00ed d\u011bsivou doktr\u00ednu.<\/span><\/p>\n<p><span dir=\"auto\">Podle n\u011bj, \u00fabytek obyvatelstva nen\u00ed anom\u00e1li\u00ed, kter\u00e9 je t\u0159eba se b\u00e1t \u2013 je to c\u00edl, kter\u00e9ho je t\u0159eba dos\u00e1hnout.<\/span><\/p>\n<p><span dir=\"auto\">Pokud si pozorn\u011b vyslechnete jeho slova a pospojujete je, za\u010dnete vid\u011bt strategick\u00fd pl\u00e1n globalistick\u00e9 elity pro postlidskou budoucnost.<\/span><\/p>\n<h2><span dir=\"auto\">\u010c\u00edm m\u00e9n\u011b lid\u00ed, t\u00edm snaz\u0161\u00ed p\u0159echod ke sv\u011btu \u0159\u00edzen\u00e9m um\u011blou inteligenc\u00ed<\/span><\/h2>\n<p><span dir=\"auto\">Na mimo\u0159\u00e1dn\u00e9m zased\u00e1n\u00ed Sv\u011btov\u00e9ho ekonomick\u00e9ho f\u00f3ra (WEF) Fink p\u0159ednesl prohl\u00e1\u0161en\u00ed, kter\u00e9 upoutalo pozornost mnoha pozorovatel\u016f:<\/span><\/p>\n<p><em><span dir=\"auto\">&#8222;M\u016f\u017eeme tvrdit, \u017ee mezi rozvinut\u00fdmi zem\u011bmi jsou velk\u00fdmi v\u00edt\u011bzi ty zem\u011b, kter\u00e9 vykazuj\u00ed klesaj\u00edc\u00ed populac\u00ed. Soci\u00e1ln\u00ed probl\u00e9my, kter\u00e9 vzniknou p\u0159i nahrazov\u00e1n\u00ed lid\u00ed stroji, budou mnohem snadn\u011bji \u0159e\u0161iteln\u00e9 v zem\u00edch s klesaj\u00edc\u00ed populac\u00ed.&#8220;<\/span><\/em><\/p>\n<p><span dir=\"auto\">Vysv\u011btlil to n\u00e1sledovn\u011b:<\/span><\/p>\n<p><span dir=\"auto\">Kdysi jsme pokles populace vn\u00edmali jako brzdu r\u016fstu. Ale te\u010f, s um\u011blou inteligenc\u00ed a robotikou, m\u00e9n\u011b lid\u00ed znamen\u00e1 m\u00e9n\u011b pot\u0159eb, m\u00e9n\u011b disident\u016f, m\u00e9n\u011b po\u017eadavk\u016f, co\u017e by mohlo znamenat plynulej\u0161\u00ed p\u0159echod na ekonomiky \u0159\u00edzen\u00e9 stroji.<\/span><\/p>\n<p><span dir=\"auto\">Fink mluvil o \u201ezv\u00fd\u0161en\u00ed \u017eivotn\u00ed \u00farovn\u011b\u201c pro ty, kte\u0159\u00ed budou m\u00edt to \u0161t\u011bst\u00ed, \u017ee p\u0159e\u017eij\u00ed p\u0159\u00edchoz\u00ed sni\u017eov\u00e1n\u00ed po\u010dtu zam\u011bstnanc\u016f, pokud bude n\u00e1r\u016fst produktivity z automatizace dostate\u010dn\u011b velk\u00fd na to, aby kompenzoval pokles lidsk\u00e9 pracovn\u00ed s\u00edly.<\/span><\/p>\n<p><span dir=\"auto\">Zde si m\u016f\u017eete prohl\u00e9dnout Finkova vyj\u00e1d\u0159en\u00ed (v angli\u010dtin\u011b):<\/span><\/p>\n<div class=\"twitter-tweet twitter-tweet-rendered\"><iframe id=\"twitter-widget-0\" class=\"\" title=\"X Post\" src=\"https:\/\/platform.twitter.com\/embed\/Tweet.html?dnt=false&amp;embedId=twitter-widget-0&amp;features=eyJ0ZndfdGltZWxpbmVfbGlzdCI6eyJidWNrZXQiOltdLCJ2ZXJzaW9uIjpudWxsfSwidGZ3X2ZvbGxvd2VyX2NvdW50X3N1bnNldCI6eyJidWNrZXQiOnRydWUsInZlcnNpb24iOm51bGx9LCJ0ZndfdHdlZXRfZWRpdF9iYWNrZW5kIjp7ImJ1Y2tldCI6Im9uIiwidmVyc2lvbiI6bnVsbH0sInRmd19yZWZzcmNfc2Vzc2lvbiI6eyJidWNrZXQiOiJvbiIsInZlcnNpb24iOm51bGx9LCJ0ZndfZm9zbnJfc29mdF9pbnRlcnZlbnRpb25zX2VuYWJsZWQiOnsiYnVja2V0Ijoib24iLCJ2ZXJzaW9uIjpudWxsfSwidGZ3X21peGVkX21lZGlhXzE1ODk3Ijp7ImJ1Y2tldCI6InRyZWF0bWVudCIsInZlcnNpb24iOm51bGx9LCJ0ZndfZXhwZXJpbWVudHNfY29va2llX2V4cGlyYXRpb24iOnsiYnVja2V0IjoxMjA5NjAwLCJ2ZXJzaW9uIjpudWxsfSwidGZ3X3Nob3dfYmlyZHdhdGNoX3Bpdm90c19lbmFibGVkIjp7ImJ1Y2tldCI6Im9uIiwidmVyc2lvbiI6bnVsbH0sInRmd19kdXBsaWNhdGVfc2NyaWJlc190b19zZXR0aW5ncyI6eyJidWNrZXQiOiJvbiIsInZlcnNpb24iOm51bGx9LCJ0ZndfdXNlX3Byb2ZpbGVfaW1hZ2Vfc2hhcGVfZW5hYmxlZCI6eyJidWNrZXQiOiJvbiIsInZlcnNpb24iOm51bGx9LCJ0ZndfdmlkZW9faGxzX2R5bmFtaWNfbWFuaWZlc3RzXzE1MDgyIjp7ImJ1Y2tldCI6InRydWVfYml0cmF0ZSIsInZlcnNpb24iOm51bGx9LCJ0ZndfbGVnYWN5X3RpbWVsaW5lX3N1bnNldCI6eyJidWNrZXQiOnRydWUsInZlcnNpb24iOm51bGx9LCJ0ZndfdHdlZXRfZWRpdF9mcm9udGVuZCI6eyJidWNrZXQiOiJvbiIsInZlcnNpb24iOm51bGx9fQ%3D%3D&amp;frame=false&amp;hideCard=false&amp;hideThread=false&amp;id=1978919492223742233&amp;lang=cs&amp;maxWidth=560px&amp;origin=https%3A%2F%2Fwww.badatel.net%2Fsef-blackrocku-vyhlasil-ze-globalna-elita-sa-musi-zbavit-miliard-ludi-aby-dosiahla-zvyseny-zivotny-standard%2F&amp;sessionId=9b3e41807538fcff7830f5a10ce80160dc26a27e&amp;theme=light&amp;widgetsVersion=2615f7e52b7e0%3A1702314776716&amp;width=550px\" frameborder=\"0\" scrolling=\"no\" allowfullscreen=\"allowfullscreen\" data-tweet-id=\"1978919492223742233\" data-mce-fragment=\"1\"><\/iframe><\/div>\n<p><span dir=\"auto\">Rovn\u011b\u017e tvrd\u00ed, \u017ee spole\u010densk\u00fd odpor v\u016f\u010di nahrazov\u00e1n\u00ed lid\u00ed stroji se sn\u00e1ze zvl\u00e1dne, kdy\u017e se sn\u00ed\u017e\u00ed tlak od populace.<\/span><\/p>\n<p><span dir=\"auto\">Krom\u011b toho Fink ve\u0159ejn\u011b prosazuje investice do um\u011bl\u00e9 inteligence a infrastruktury pro ni. Jedn\u00e1 s vl\u00e1dami o financov\u00e1n\u00ed masivn\u00edho roz\u0161\u00ed\u0159en\u00ed energetick\u00fdch syst\u00e9m\u016f na z\u00e1sobov\u00e1n\u00ed datov\u00fdch center a budov\u00e1n\u00ed tov\u00e1ren na \u010dipy.<\/span><\/p>\n<p><span dir=\"auto\">Ve sv\u00e9m \u201elistu od \u0159editele\u201c z roku 2025 tak\u00e9 ozna\u010duje na\u0161i sou\u010dasnou \u00e9ru za \u00e9ru, ve kter\u00e9 po\u010d\u00edta\u010de zpracov\u00e1vaj\u00ed v\u011bt\u0161inu na\u0161\u00ed prac\u00ed, v\u010detn\u011b komplexn\u00edch dat \u201ev na\u0161em jm\u00e9nu\u201c.<\/span><\/p>\n<h2><span dir=\"auto\">Kdy\u017e se konspirace st\u00e1vaj\u00ed skute\u010dnost\u00ed<\/span><\/h2>\n<p><span dir=\"auto\">Sum\u00e1\u0159 Finkov\u00fdch koment\u00e1\u0159\u016f spolu poskytuje vydatn\u00fd zdrojov\u00fd materi\u00e1l pro konspira\u010dn\u00ed teorii, \u017ee sv\u011btov\u00e1 elita, zosobn\u011bn\u00e1 Finkem, si p\u0159edstavuje budoucnost, ve kter\u00e9 jsou lid\u00e9 do zna\u010dn\u00e9 m\u00edry zbyte\u010dn\u00ed.<\/span><\/p>\n<p><span dir=\"auto\">Kdy\u017e sledujete souvislosti \u2013 Sv\u011btov\u00e9 ekonomick\u00e9 f\u00f3rum, klimatickou agendu, tlak na budov\u00e1n\u00ed infrastruktury um\u011bl\u00e9 inteligence, glob\u00e1ln\u00ed monitorovac\u00ed s\u00ed\u0165 nad lidmi (digit\u00e1ln\u00ed doklady, soci\u00e1ln\u00ed kredity) \u2013 tak je jasn\u00e9, \u017ee Larry Fink nemluv\u00ed izolovan\u011b.<\/span><\/p>\n<p><span dir=\"auto\">P\u0159ipom\u00edn\u00e1 koordinovan\u00fd sv\u011bton\u00e1zor, kter\u00fd sd\u00edlej\u00ed vlivn\u00ed mocn\u00ed lid\u00e9 sed\u00edc\u00ed za stejn\u00fdm stolem a financuj\u00edc\u00ed stejn\u00e9 transformace.<\/span><\/p>\n<p><a href=\"https:\/\/www.badatel.net\/odhalena-agenda-depopulacie-po-prevzati-kontroly-umelou-inteligenciou-sa-neplanuje-rekvalifikacia-pracovnikov\/\"><span dir=\"auto\">Depopulace<\/span><\/a><span dir=\"auto\">\u00a0, automatizace a centralizovan\u00e1 kontrola nejsou n\u00e1hodn\u00e9 v\u00fdmysly; jsou to pil\u00ed\u0159e t\u00e9\u017ee architektury.<\/span><\/p>\n<p><span dir=\"auto\">Poselstv\u00ed mezi \u0159\u00e1dky je jednoduch\u00e9: m\u00e9n\u011b lid\u00ed, v\u00edce kontroly a \u00fapln\u00e1 z\u00e1vislost na stroj\u00edch. To je ten skute\u010dn\u00fd \u201ereset\u201c, kter\u00fd pro n\u00e1s p\u0159ipravuj\u00ed \u2013 a kter\u00fd ji\u017e v mnoha oblastech prob\u00edh\u00e1.<\/span><\/p>\n<p><span dir=\"auto\">Autor: Baxter Dmitry, Zdroj:\u00a0<\/span><a href=\"https:\/\/thepeoplesvoice.tv\/blackrock-ceo-says-global-elite-must-cull-billions-of-humans-to-reach-elevated-standard-of-living\/\" target=\"_blank\" rel=\"noopener\"><span dir=\"auto\">thepeoplesvoice.tv<\/span><\/a><span dir=\"auto\">\u00a0<\/span><\/p>\n<p>&nbsp;<\/p>\n","protected":false},"excerpt":{"rendered":"<p>Gener\u00e1ln\u00edho \u0159editele nejv\u011bt\u0161\u00edho spr\u00e1vce aktiv na sv\u011bt\u011b naz\u00fdvaj\u00ed finan\u010dn\u00edm titanem. N\u011bkte\u0159\u00ed se v\u0161ak domn\u00edvaj\u00ed, \u017ee&#8230;<\/p>\n","protected":false},"author":2,"featured_media":90374,"comment_status":"closed","ping_status":"closed","sticky":false,"template":"","format":"standard","meta":[],"categories":[7],"tags":[634,9943,794,2161,811],"_links":{"self":[{"href":"https:\/\/www.infokuryr.cz\/n\/wp-json\/wp\/v2\/posts\/90373"}],"collection":[{"href":"https:\/\/www.infokuryr.cz\/n\/wp-json\/wp\/v2\/posts"}],"about":[{"href":"https:\/\/www.infokuryr.cz\/n\/wp-json\/wp\/v2\/types\/post"}],"author":[{"embeddable":true,"href":"https:\/\/www.infokuryr.cz\/n\/wp-json\/wp\/v2\/users\/2"}],"replies":[{"embeddable":true,"href":"https:\/\/www.infokuryr.cz\/n\/wp-json\/wp\/v2\/comments?post=90373"}],"version-history":[{"count":0,"href":"https:\/\/www.infokuryr.cz\/n\/wp-json\/wp\/v2\/posts\/90373\/revisions"}],"wp:featuredmedia":[{"embeddable":true,"href":"https:\/\/www.infokuryr.cz\/n\/wp-json\/wp\/v2\/media\/90374"}],"wp:attachment":[{"href":"https:\/\/www.infokuryr.cz\/n\/wp-json\/wp\/v2\/media?parent=90373"}],"wp:term":[{"taxonomy":"category","embeddable":true,"href":"https:\/\/www.infokuryr.cz\/n\/wp-json\/wp\/v2\/categories?post=90373"},{"taxonomy":"post_tag","embeddable":true,"href":"https:\/\/www.infokuryr.cz\/n\/wp-json\/wp\/v2\/tags?post=90373"}],"curies":[{"name":"wp","href":"https:\/\/api.w.org\/{rel}","templated":true}]}}