{"id":90354,"date":"2025-10-22T00:32:44","date_gmt":"2025-10-21T22:32:44","guid":{"rendered":"https:\/\/www.infokuryr.cz\/n\/?p=90354"},"modified":"2025-10-21T18:31:08","modified_gmt":"2025-10-21T16:31:08","slug":"eu-planuje-28-rezim-brusel-vytvari-vlastni-ekonomicky-zakon-nad-staty","status":"publish","type":"post","link":"https:\/\/www.infokuryr.cz\/n\/2025\/10\/22\/eu-planuje-28-rezim-brusel-vytvari-vlastni-ekonomicky-zakon-nad-staty\/","title":{"rendered":"EU pl\u00e1nuje \u201e28. re\u017eim\u201c \u2013 Brusel vytv\u00e1\u0159\u00ed vlastn\u00ed ekonomick\u00fd z\u00e1kon nad st\u00e1ty"},"content":{"rendered":"<div id=\"fb-root\"><\/div>\n<div class=\"elementor-element elementor-element-1fb4c2c elementor-widget elementor-widget-theme-post-content\" data-id=\"1fb4c2c\" data-element_type=\"widget\" data-widget_type=\"theme-post-content.default\">\n<div class=\"elementor-widget-container\">\n<p><span dir=\"auto\">Evropsk\u00e1 unie (EU) pl\u00e1nuje n\u011bco velk\u00e9ho \u2013 a z\u00e1rove\u0148 znepokojiv\u00e9ho: takzvan\u00fd\u00a0<\/span><strong><span dir=\"auto\">\u201e28. re\u017eim\u201c<\/span><\/strong><span dir=\"auto\">\u00a0. Tento term\u00edn ozna\u010duje n\u00e1vrh Evropsk\u00e9 komise na vytvo\u0159en\u00ed nov\u00e9ho pr\u00e1vn\u00edho syst\u00e9mu pro spole\u010dnosti, kter\u00fd jde nad r\u00e1mec vnitrost\u00e1tn\u00edch z\u00e1kon\u016f 27 \u010dlensk\u00fdch st\u00e1t\u016f. Zn\u00ed to jako chytr\u00fd n\u00e1pad na pos\u00edlen\u00ed jednotn\u00e9ho evropsk\u00e9ho trhu?\u00a0<\/span><strong><span dir=\"auto\">Bohu\u017eel ne<\/span><\/strong><span dir=\"auto\">\u00a0. Proto\u017ee bli\u017e\u0161\u00ed pohled ukazuje, \u017ee tento projekt nen\u00ed ani demokraticky legitimn\u00ed, ani neslou\u017e\u00ed blahu ob\u010dan\u016f \u2013 ale p\u0159edev\u0161\u00edm z\u00e1jm\u016fm velk\u00fdch korporac\u00ed. Zde jsou hlavn\u00ed nev\u00fdhody a potenci\u00e1ln\u00ed d\u016fsledky, kter\u00e9 by mohly postihnout ka\u017ed\u00e9ho z n\u00e1s.<\/span><\/p>\n<h3 class=\"wp-block-heading\"><strong><span dir=\"auto\">Co je to vlastn\u011b ten \u201e28. re\u017eim\u201c?<\/span><\/strong><\/h3>\n<p><span dir=\"auto\">\u201e28. re\u017eim\u201c m\u00e1 spole\u010dnostem umo\u017enit dobrovoln\u011b se rozhodnout pro jednotn\u00e9 obchodn\u00ed pr\u00e1vo platn\u00e9 v cel\u00e9 EU nam\u00edsto dodr\u017eov\u00e1n\u00ed pravidel sv\u00e9 domovsk\u00e9 zem\u011b. Pat\u0159\u00ed mezi n\u011b:<\/span><\/p>\n<ul>\n<li><span dir=\"auto\">Zjednodu\u0161en\u00e9 zakl\u00e1d\u00e1n\u00ed spole\u010dnost\u00ed (nap\u0159. online do 24 hodin)<\/span><\/li>\n<li><span dir=\"auto\">Jednotn\u00e9 da\u0148ov\u00e9 p\u0159edpisy<\/span><\/li>\n<li><span dir=\"auto\">Sn\u00ed\u017een\u00e9 soci\u00e1ln\u00ed z\u00e1vazky<\/span><\/li>\n<li><span dir=\"auto\">Dokonce i vlastn\u00ed n\u00e1dob\u00ed<\/span><\/li>\n<\/ul>\n<p><span dir=\"auto\">N\u00e1pad\u00a0<\/span><strong><span dir=\"auto\">nevznikl z ve\u0159ejn\u00e9 debaty<\/span><\/strong><span dir=\"auto\">\u00a0, ale od lobbistick\u00fdch skupin, jako je\u00a0<\/span><strong><span dir=\"auto\">EU-Inc<\/span><\/strong><span dir=\"auto\">\u00a0, koalice startup\u016f a investor\u016f rizikov\u00e9ho kapit\u00e1lu, jejich\u017e petice shrom\u00e1\u017edila p\u0159es 18 000 podpis\u016f. Hlavn\u00ed zam\u011bstnavatelsk\u00e9 asociace, jako je\u00a0<\/span><strong><span dir=\"auto\">BusinessEurope<\/span><\/strong><span dir=\"auto\">\u00a0, projekt podporuj\u00ed a prosazuj\u00ed jeho roz\u0161\u00ed\u0159en\u00ed na v\u0161echny spole\u010dnosti.<\/span><\/p>\n<h3 class=\"wp-block-heading\"><strong><span dir=\"auto\">Pro\u010d je to nedemokratick\u00e9?<\/span><\/strong><\/h3>\n<p><span dir=\"auto\">Nejv\u011bt\u0161\u00ed probl\u00e9m:\u00a0<\/span><strong><span dir=\"auto\">nikdo se lid\u00ed neptal<\/span><\/strong><span dir=\"auto\">\u00a0.<\/span><\/p>\n<ul>\n<li><span dir=\"auto\">Evropsk\u00e1 komise zah\u00e1jila v \u010dervenci 2025 ve\u0159ejnou konzultaci, ale rozhodnut\u00ed o zaveden\u00ed tohoto re\u017eimu nen\u00ed\u00a0<\/span><strong><span dir=\"auto\">v rukou ob\u010dan\u016f ani jejich volen\u00fdch z\u00e1stupc\u016f<\/span><\/strong><span dir=\"auto\">\u00a0.<\/span><\/li>\n<li><span dir=\"auto\">M\u00edsto toho se zav\u00e1d\u00ed postupn\u011b a bez \u0161irok\u00e9 demokratick\u00e9 diskuse \u2013 tzv.\u00a0<\/span><strong><span dir=\"auto\">\u201emetodou mal\u00fdch krok\u016f\u201c<\/span><\/strong><span dir=\"auto\">\u00a0.<\/span><\/li>\n<li><span dir=\"auto\">Prvn\u00ed \u201ene\u0161kodn\u00e1\u201c sm\u011brnice by m\u011bla vyj\u00edt v roce 2026 (nap\u0159. pro online startupy), n\u00e1sledovan\u00e1 citliv\u00fdmi t\u00e9maty, jako je pr\u00e1ce, dan\u011b a bankroty.<\/span><\/li>\n<li><span dir=\"auto\">Neexistuje\u00a0<\/span><strong><span dir=\"auto\">\u017e\u00e1dn\u00e9 referendum, \u017e\u00e1dn\u00e1 transparentn\u00ed debata<\/span><\/strong><span dir=\"auto\">\u00a0v Evropsk\u00e9m parlamentu, kter\u00e1 by skute\u010dn\u011b zohled\u0148ovala v\u0161echny hlasy.<\/span><\/li>\n<li><span dir=\"auto\">M\u00edsto toho dominuj\u00ed hlasy zem\u00ed jako N\u011bmecko a Rakousko (s 879 p\u0159\u00edsp\u011bvky v konzultaci), zat\u00edmco Francie je zastoupena jen st\u011b\u017e\u00ed.<\/span><\/li>\n<\/ul>\n<p><span dir=\"auto\">Tohle zav\u00e1n\u00ed\u00a0<\/span><strong><span dir=\"auto\">rozhodnut\u00edm shora, kter\u00e9 ignoruje lidi<\/span><\/strong><span dir=\"auto\">\u00a0.<\/span><\/p>\n<h3 class=\"wp-block-heading\"><strong><span dir=\"auto\">Nev\u00fdhody pro n\u00e1s v\u0161echny<\/span><\/strong><\/h3>\n<ol>\n<li><strong><span dir=\"auto\">Oslaben\u00ed n\u00e1rodn\u00edch pr\u00e1v<\/span><\/strong><span dir=\"auto\">\u00a0:<\/span><br \/>\n<span dir=\"auto\">Firmy by mohly obch\u00e1zet n\u00e1rodn\u00ed pracovn\u011bpr\u00e1vn\u00ed p\u0159edpisy, kter\u00e9 chr\u00e1n\u00ed pracovn\u00edky \u2013 nap\u0159\u00edklad ve Francii, kde plat\u00ed p\u0159\u00edsn\u00e9 soci\u00e1ln\u00ed standardy. Odbory jako n\u011bmeck\u00e1 DGB varuj\u00ed, \u017ee re\u017eim umo\u017e\u0148uje\u00a0<\/span><strong><span dir=\"auto\">\u201esoci\u00e1ln\u00ed dumping<\/span><\/strong><span dir=\"auto\">\u00a0\u201c, kdy firmy zneu\u017e\u00edvaj\u00ed voln\u011bj\u0161\u00ed pravidla EU ke sni\u017eov\u00e1n\u00ed mezd nebo zhor\u0161ov\u00e1n\u00ed pracovn\u00edch podm\u00ednek.<\/span><\/li>\n<li><strong><span dir=\"auto\">\u017d\u00e1dn\u00e1 ochrana pro mal\u00e9 podniky<\/span><\/strong><span dir=\"auto\">\u00a0:<\/span><br \/>\n<span dir=\"auto\">Zat\u00edmco velk\u00e9 korporace skl\u00edzej\u00ed v\u00fdhody, mal\u00e9 a st\u0159edn\u00ed podniky (MSP) mohou b\u00fdt zahlceny. Chyb\u00ed jim zdroje ani znalosti, aby udr\u017eely krok s nov\u00fdm, slo\u017eit\u00fdm syst\u00e9mem \u2013 toto riziko bylo patrn\u00e9 ji\u017e p\u0159i zaveden\u00ed Societas\u00a0<\/span><strong><span dir=\"auto\">Europaea (SE) v roce 2001<\/span><\/strong><span dir=\"auto\">\u00a0, kterou vyu\u017e\u00edvaly p\u0159edev\u0161\u00edm velk\u00e9 n\u011bmeck\u00e9 spole\u010dnosti.<\/span><\/li>\n<li><strong><span dir=\"auto\">Riziko podvod\u016f a da\u0148ov\u00fdch \u00fanik\u016f<\/span><\/strong><span dir=\"auto\">\u00a0:<\/span><br \/>\n<span dir=\"auto\">P\u0159\u00edli\u0161 jednoduch\u00e1 pr\u00e1vn\u00ed struktura by mohla otev\u0159\u00edt dve\u0159e da\u0148ov\u00fdm \u00fanik\u016fm a pran\u00ed \u0161pinav\u00fdch pen\u011bz. Vzpome\u0148me si na\u00a0<\/span><strong><span dir=\"auto\">uhl\u00edkov\u00fd podvod s DPH<\/span><\/strong><span dir=\"auto\">\u00a0, v n\u011bm\u017e spole\u010dnosti \u00famysln\u011b zneu\u017e\u00edvaly mezery v n\u00e1rodn\u00edch z\u00e1konech. 28. re\u017eim by mohl vytvo\u0159it podobnou zranitelnost.<\/span><\/li>\n<li><strong><span dir=\"auto\">Ztr\u00e1ta demokratick\u00e9 kontroly<\/span><\/strong><span dir=\"auto\">\u00a0:<\/span><br \/>\n<span dir=\"auto\">Jakmile bude re\u017eim zaveden, bude obt\u00ed\u017en\u00e9 ho zvr\u00e1tit. Evropsk\u00e1 komise pl\u00e1nuje postupn\u011b harmonizovat st\u00e1le v\u00edce oblast\u00ed, jako jsou dan\u011b a pracovn\u00ed pr\u00e1vo,\u00a0<\/span><strong><span dir=\"auto\">ani\u017e by n\u00e1m ob\u010dan\u016fm dala slovo<\/span><\/strong><span dir=\"auto\">\u00a0. To povede k\u00a0<\/span><strong><span dir=\"auto\">\u201evirtu\u00e1ln\u00edmu st\u00e1tu\u201c v r\u00e1mci EU,<\/span><\/strong><span dir=\"auto\">\u00a0kter\u00fd bude slou\u017eit pouze z\u00e1jm\u016fm ekonomiky.<\/span><\/li>\n<\/ol>\n<h3 class=\"wp-block-heading\"><strong><span dir=\"auto\">Co to znamen\u00e1 pro budoucnost?<\/span><\/strong><\/h3>\n<p><span dir=\"auto\">Pokud bude 28. re\u017eim zaveden podle pl\u00e1nu, mohli bychom b\u00fdt sv\u011bdky n\u00e1sleduj\u00edc\u00edch sc\u00e9n\u00e1\u0159\u016f:<\/span><\/p>\n<ul>\n<li><strong><span dir=\"auto\">Oslaben\u011bj\u0161\u00ed pr\u00e1va pracovn\u00edk\u016f<\/span><\/strong><span dir=\"auto\">\u00a0: Mzdy by mohly klesnout, pracovn\u00ed doba by se mohla prodlou\u017eit a d\u00e1vky soci\u00e1ln\u00edho zabezpe\u010den\u00ed by se mohly sn\u00ed\u017eit, proto\u017ee firmy vol\u00ed nejv\u00fdhodn\u011bj\u0161\u00ed pravidla.<\/span><\/li>\n<li><strong><span dir=\"auto\">Nerovnost roste<\/span><\/strong><span dir=\"auto\">\u00a0: Velk\u00e9 korporace z toho budou m\u00edt prosp\u011bch, zat\u00edmco mal\u00e9 podniky a pracovn\u00edci z\u016fstanou pozadu. Propast mezi bohat\u00fdmi a chud\u00fdmi v Evrop\u011b by se mohla prohloubit.<\/span><\/li>\n<li><strong><span dir=\"auto\">Ztr\u00e1ta n\u00e1rodn\u00ed identity<\/span><\/strong><span dir=\"auto\">\u00a0: N\u00e1rodn\u00ed z\u00e1kony vyv\u00edjen\u00e9 po cel\u00e1 desetilet\u00ed by mohly ztratit smysl, pokud by je spole\u010dnosti jednodu\u0161e ignorovaly. To podkop\u00e1v\u00e1\u00a0<\/span><strong><span dir=\"auto\">suverenitu \u010dlensk\u00fdch st\u00e1t\u016f<\/span><\/strong><span dir=\"auto\">\u00a0.<\/span><\/li>\n<li><strong><span dir=\"auto\">\u017d\u00e1dn\u00fd odpor nen\u00ed mo\u017en\u00fd<\/span><\/strong><span dir=\"auto\">\u00a0: Bez siln\u00e9 mobilizace ob\u010dan\u016f, odbor\u016f a politik\u016f bude obt\u00ed\u017en\u00e9 zastavit ma\u0161in\u00e9rii, jakmile se rozb\u011bhne.<\/span><\/li>\n<\/ul>\n<h3 class=\"wp-block-heading\"><strong><span dir=\"auto\">Co m\u016f\u017eeme d\u011blat?<\/span><\/strong><\/h3>\n<p><strong><span dir=\"auto\">\u010cas se kr\u00e1t\u00ed!<\/span><\/strong><span dir=\"auto\">\u00a0Evropsk\u00e1 komise pl\u00e1nuje zah\u00e1jit implementaci v roce 2026. Mus\u00edme jednat hned:<\/span><\/p>\n<ol>\n<li><strong><span dir=\"auto\">Informujte se<\/span><\/strong><span dir=\"auto\">\u00a0: Sd\u00edlejte tyto informace s p\u0159\u00e1teli, rodinou a kolegy. \u010c\u00edm v\u00edce lid\u00ed v\u00ed, t\u00edm v\u011bt\u0161\u00ed je tlak na politiky.<\/span><\/li>\n<li><strong><span dir=\"auto\">Mobilizujte se<\/span><\/strong><span dir=\"auto\">\u00a0: Kontaktujte sv\u00e9 z\u00e1stupce ve va\u0161em n\u00e1rodn\u00edm parlamentu a Evropsk\u00e9m parlamentu. Po\u017eadujte\u00a0<\/span><strong><span dir=\"auto\">transparentnost a ve\u0159ejn\u00e9 hlasov\u00e1n\u00ed!<\/span><\/strong><\/li>\n<li><strong><span dir=\"auto\">Podpora<\/span><\/strong><span dir=\"auto\">\u00a0: Odbory a kritick\u00e9 hlasy jako\u00a0<\/span><strong><span dir=\"auto\">Camille Adam (@aunom2leurope)<\/span><\/strong><span dir=\"auto\">\u00a0pot\u0159ebuj\u00ed na\u0161i podporu v boji proti dikt\u00e1tu lobbist\u016f.<\/span><\/li>\n<\/ol>\n<h3 class=\"wp-block-heading\"><strong><span dir=\"auto\">Z\u00e1v\u011br<\/span><\/strong><\/h3>\n<p><span dir=\"auto\">\u201e28. re\u017eim\u201c nen\u00ed\u00a0<\/span><strong><span dir=\"auto\">pro Evropu pokrokem<\/span><\/strong><span dir=\"auto\">\u00a0, ale krokem k nedemokratick\u00e9 budoucnosti, kter\u00e1 odeb\u00edr\u00e1 kontrolu ob\u010dan\u016fm a hraje do karet velk\u00fdm korporac\u00edm. M\u00edsto pos\u00edlen\u00ed jednotn\u00e9ho trhu riskuje\u00a0<\/span><strong><span dir=\"auto\">zni\u010den\u00ed na\u0161ich spole\u010densk\u00fdch \u00fasp\u011bch\u016f a na\u0161ich pr\u00e1v<\/span><\/strong><span dir=\"auto\">\u00a0. Nez\u016fst\u00e1vejme ne\u010dinn\u011b p\u0159ihl\u00ed\u017eet \u2013\u00a0<\/span><strong><span dir=\"auto\">moc je v n\u00e1s, pokud se nyn\u00ed vzchop\u00edme!<\/span><\/strong><\/p>\n<p><span dir=\"auto\">Zdroje:<\/span><\/p>\n<p><a href=\"https:\/\/research-and-innovation.ec.europa.eu\/news\/all-research-and-innovation-news\/commission-seeks-feedback-future-european-innovation-act-2025-07-09_en\" target=\"_blank\" rel=\"noreferrer noopener\" data-type=\"link\" data-id=\"https:\/\/research-and-innovation.ec.europa.eu\/news\/all-research-and-innovation-news\/commission-seeks-feedback-future-european-innovation-act-2025-07-09_en\"><span dir=\"auto\">Komise \u017e\u00e1d\u00e1 o zp\u011btnou vazbu k budouc\u00edmu Evropsk\u00e9mu aktu o inovac\u00edch<\/span><\/a><\/p>\n<p><a href=\"https:\/\/en.wikipedia.org\/wiki\/28th_regime\" target=\"_blank\" rel=\"noreferrer noopener\" data-type=\"link\" data-id=\"https:\/\/en.wikipedia.org\/wiki\/28th_regime\"><span dir=\"auto\">28. re\u017eim<\/span><\/a><\/p>\n<div class=\"twitter-tweet twitter-tweet-rendered\"><iframe id=\"twitter-widget-0\" class=\"\" title=\"X Post\" src=\"https:\/\/platform.twitter.com\/embed\/Tweet.html?dnt=false&amp;embedId=twitter-widget-0&amp;features=eyJ0ZndfdGltZWxpbmVfbGlzdCI6eyJidWNrZXQiOltdLCJ2ZXJzaW9uIjpudWxsfSwidGZ3X2ZvbGxvd2VyX2NvdW50X3N1bnNldCI6eyJidWNrZXQiOnRydWUsInZlcnNpb24iOm51bGx9LCJ0ZndfdHdlZXRfZWRpdF9iYWNrZW5kIjp7ImJ1Y2tldCI6Im9uIiwidmVyc2lvbiI6bnVsbH0sInRmd19yZWZzcmNfc2Vzc2lvbiI6eyJidWNrZXQiOiJvbiIsInZlcnNpb24iOm51bGx9LCJ0ZndfZm9zbnJfc29mdF9pbnRlcnZlbnRpb25zX2VuYWJsZWQiOnsiYnVja2V0Ijoib24iLCJ2ZXJzaW9uIjpudWxsfSwidGZ3X21peGVkX21lZGlhXzE1ODk3Ijp7ImJ1Y2tldCI6InRyZWF0bWVudCIsInZlcnNpb24iOm51bGx9LCJ0ZndfZXhwZXJpbWVudHNfY29va2llX2V4cGlyYXRpb24iOnsiYnVja2V0IjoxMjA5NjAwLCJ2ZXJzaW9uIjpudWxsfSwidGZ3X3Nob3dfYmlyZHdhdGNoX3Bpdm90c19lbmFibGVkIjp7ImJ1Y2tldCI6Im9uIiwidmVyc2lvbiI6bnVsbH0sInRmd19kdXBsaWNhdGVfc2NyaWJlc190b19zZXR0aW5ncyI6eyJidWNrZXQiOiJvbiIsInZlcnNpb24iOm51bGx9LCJ0ZndfdXNlX3Byb2ZpbGVfaW1hZ2Vfc2hhcGVfZW5hYmxlZCI6eyJidWNrZXQiOiJvbiIsInZlcnNpb24iOm51bGx9LCJ0ZndfdmlkZW9faGxzX2R5bmFtaWNfbWFuaWZlc3RzXzE1MDgyIjp7ImJ1Y2tldCI6InRydWVfYml0cmF0ZSIsInZlcnNpb24iOm51bGx9LCJ0ZndfbGVnYWN5X3RpbWVsaW5lX3N1bnNldCI6eyJidWNrZXQiOnRydWUsInZlcnNpb24iOm51bGx9LCJ0ZndfdHdlZXRfZWRpdF9mcm9udGVuZCI6eyJidWNrZXQiOiJvbiIsInZlcnNpb24iOm51bGx9fQ%3D%3D&amp;frame=false&amp;hideCard=false&amp;hideThread=false&amp;id=1980152315731689872&amp;lang=cs&amp;origin=https%3A%2F%2Funcutnews.ch%2Feu-plant-28-regime-bruessel-schafft-sich-ein-eigenes-wirtschaftsrecht-ueber-den-staaten%2F&amp;sessionId=cb1313110175b882e36f28b650cfb66c984bd1ba&amp;theme=light&amp;widgetsVersion=2615f7e52b7e0%3A1702314776716&amp;width=550px\" frameborder=\"0\" scrolling=\"no\" allowfullscreen=\"allowfullscreen\" data-tweet-id=\"1980152315731689872\" data-mce-fragment=\"1\"><\/iframe><\/div>\n<div>\n<img decoding=\"async\" loading=\"lazy\" class=\"alignnone size-full wp-image-1185\" src=\"http:\/\/www.infokuryr.cz\/n\/wp-content\/uploads\/2021\/04\/kuryr-podpis.png\" alt=\"\" width=\"84\" height=\"24\" \/><\/div>\n<div><\/div>\n<\/div>\n<\/div>\n<div class=\"elementor-element elementor-element-46a8472 elementor-grid-3 elementor-grid-tablet-2 elementor-grid-mobile-1 elementor-posts--thumbnail-top elementor-widget elementor-widget-posts\" data-id=\"46a8472\" data-element_type=\"widget\" data-settings=\"{&quot;classic_row_gap&quot;:{&quot;unit&quot;:&quot;px&quot;,&quot;size&quot;:25,&quot;sizes&quot;:[]},&quot;classic_columns&quot;:&quot;3&quot;,&quot;classic_columns_tablet&quot;:&quot;2&quot;,&quot;classic_columns_mobile&quot;:&quot;1&quot;,&quot;classic_row_gap_tablet&quot;:{&quot;unit&quot;:&quot;px&quot;,&quot;size&quot;:&quot;&quot;,&quot;sizes&quot;:[]},&quot;classic_row_gap_mobile&quot;:{&quot;unit&quot;:&quot;px&quot;,&quot;size&quot;:&quot;&quot;,&quot;sizes&quot;:[]}}\" data-widget_type=\"posts.classic\">\n<div class=\"elementor-widget-container\">\n<div class=\"elementor-posts-container elementor-posts elementor-posts--skin-classic elementor-grid elementor-has-item-ratio\" role=\"list\"><\/div>\n<\/div>\n<\/div>\n","protected":false},"excerpt":{"rendered":"<p>Evropsk\u00e1 unie (EU) pl\u00e1nuje n\u011bco velk\u00e9ho \u2013 a z\u00e1rove\u0148 znepokojiv\u00e9ho: takzvan\u00fd\u00a0\u201e28. re\u017eim\u201c\u00a0. Tento term\u00edn ozna\u010duje&#8230;<\/p>\n","protected":false},"author":2,"featured_media":30481,"comment_status":"closed","ping_status":"closed","sticky":false,"template":"","format":"standard","meta":[],"categories":[7],"tags":[59,41,4349,609],"_links":{"self":[{"href":"https:\/\/www.infokuryr.cz\/n\/wp-json\/wp\/v2\/posts\/90354"}],"collection":[{"href":"https:\/\/www.infokuryr.cz\/n\/wp-json\/wp\/v2\/posts"}],"about":[{"href":"https:\/\/www.infokuryr.cz\/n\/wp-json\/wp\/v2\/types\/post"}],"author":[{"embeddable":true,"href":"https:\/\/www.infokuryr.cz\/n\/wp-json\/wp\/v2\/users\/2"}],"replies":[{"embeddable":true,"href":"https:\/\/www.infokuryr.cz\/n\/wp-json\/wp\/v2\/comments?post=90354"}],"version-history":[{"count":0,"href":"https:\/\/www.infokuryr.cz\/n\/wp-json\/wp\/v2\/posts\/90354\/revisions"}],"wp:featuredmedia":[{"embeddable":true,"href":"https:\/\/www.infokuryr.cz\/n\/wp-json\/wp\/v2\/media\/30481"}],"wp:attachment":[{"href":"https:\/\/www.infokuryr.cz\/n\/wp-json\/wp\/v2\/media?parent=90354"}],"wp:term":[{"taxonomy":"category","embeddable":true,"href":"https:\/\/www.infokuryr.cz\/n\/wp-json\/wp\/v2\/categories?post=90354"},{"taxonomy":"post_tag","embeddable":true,"href":"https:\/\/www.infokuryr.cz\/n\/wp-json\/wp\/v2\/tags?post=90354"}],"curies":[{"name":"wp","href":"https:\/\/api.w.org\/{rel}","templated":true}]}}