{"id":90353,"date":"2025-10-22T00:31:18","date_gmt":"2025-10-21T22:31:18","guid":{"rendered":"https:\/\/www.infokuryr.cz\/n\/?p=90353"},"modified":"2025-10-21T18:28:28","modified_gmt":"2025-10-21T16:28:28","slug":"rozpoznavani-obliceje-se-pouziva-k-odemknuti-vasi-digitalni-identity-co-to-ma-spolecneho-se-zmenou-klimatu","status":"publish","type":"post","link":"https:\/\/www.infokuryr.cz\/n\/2025\/10\/22\/rozpoznavani-obliceje-se-pouziva-k-odemknuti-vasi-digitalni-identity-co-to-ma-spolecneho-se-zmenou-klimatu\/","title":{"rendered":"Rozpozn\u00e1v\u00e1n\u00ed obli\u010deje se pou\u017e\u00edv\u00e1 k odemknut\u00ed va\u0161\u00ed digit\u00e1ln\u00ed identity: Co to m\u00e1 spole\u010dn\u00e9ho se zm\u011bnou klimatu?"},"content":{"rendered":"<div id=\"fb-root\"><\/div>\n<div class=\"elementor-element elementor-element-1fb4c2c elementor-widget elementor-widget-theme-post-content\" data-id=\"1fb4c2c\" data-element_type=\"widget\" data-widget_type=\"theme-post-content.default\">\n<div class=\"elementor-widget-container\">\n<p><strong><span dir=\"auto\">Ned\u00e1vn\u00e9 ozn\u00e1men\u00ed povinn\u00e9ho digit\u00e1ln\u00edho pr\u016fkazu toto\u017enosti se neomezuje pouze na Spojen\u00e9 kr\u00e1lovstv\u00ed. V posledn\u00edch m\u011bs\u00edc\u00edch byly po cel\u00e9m sv\u011bt\u011b zavedeny nov\u00e9 z\u00e1kony o digit\u00e1ln\u00edm pr\u016fkazu toto\u017enosti, co\u017e nazna\u010duje \u0161ir\u0161\u00ed snahu o zaveden\u00ed glob\u00e1ln\u00edho regula\u010dn\u00edho re\u017eimu.<\/span><\/strong><\/p>\n<p><span dir=\"auto\">Aman Jabbi, technologick\u00fd veter\u00e1n ze Silicon Valley, ji\u017e l\u00e9ta varuje p\u0159ed vznikem \u201edigit\u00e1ln\u00edho v\u011bzen\u00ed\u201c prost\u0159ednictv\u00edm integrace pokro\u010dil\u00fdch technologi\u00ed sledov\u00e1n\u00ed \u2013 v\u010detn\u011b rozpozn\u00e1v\u00e1n\u00ed obli\u010dej\u016f, um\u011bl\u00e9 inteligence a s\u00edt\u011b monitorovac\u00edch za\u0159\u00edzen\u00ed \u2013 kter\u00e9 umo\u017e\u0148uj\u00ed nep\u0159etr\u017eit\u00e9 sledov\u00e1n\u00ed a identifikaci osob.<\/span><\/p>\n<p><span dir=\"auto\">Dlouhodob\u00fdm pl\u00e1nem je pou\u017e\u00edvat \u201erozpozn\u00e1v\u00e1n\u00ed obli\u010deje k odem\u010den\u00ed va\u0161\u00ed digit\u00e1ln\u00ed identity,\u201c \u0159ekl.<\/span><\/p>\n<p><span dir=\"auto\">Ned\u00e1vn\u00fd \u010dl\u00e1nek Paula Cudence za\u010d\u00ednal takto:<\/span><\/p>\n<p><span dir=\"auto\">V roce 2025 britsk\u00e1 vl\u00e1da ozn\u00e1mila, \u017ee zavede pro obyvatelstvo \u201epovinn\u00fd\u201c digit\u00e1ln\u00ed pr\u016fkaz toto\u017enosti, bez kter\u00e9ho by nemohli pracovat.<\/span><\/p>\n<p><span dir=\"auto\">Arogantn\u00ed dvojakost, kter\u00e1 se skr\u00fdv\u00e1 za \u00favodem, je dechberouc\u00ed.<\/span><\/p>\n<p><span dir=\"auto\">Nap\u0159\u00edklad n\u00e1zev \u201eBritcard\u201c m\u00e1 evokovat pocity n\u00e1rodn\u00ed hrdosti a nazna\u010dovat, \u017ee jde o to dok\u00e1zat, jak Britov\u00e9 jsou lid\u00e9 tv\u00e1\u0159\u00ed v tv\u00e1\u0159 v\u0161em neleg\u00e1ln\u00edm imigrant\u016fm, kte\u0159\u00ed se n\u011bjak\u00fdm zp\u016fsobem dostanou do zem\u011b.<\/span><\/p>\n<p><span dir=\"auto\">\u00da\u0159ady se ale sm\u011bj\u00ed do tv\u00e1\u0159e tomu, co pova\u017euj\u00ed za beznad\u011bjn\u011b d\u016fv\u011b\u0159ivou ve\u0159ejnost \u2013 \u201eBrit\u201c ve skute\u010dnosti znamen\u00e1 \u201ebiometrick\u00e9 sledov\u00e1n\u00ed registrace a identifikace\u201c.<\/span><\/p>\n<p><span dir=\"auto\">A nen\u00ed to specifick\u00e1 britsk\u00e1 odpov\u011b\u010f na konkr\u00e9tn\u00ed britsk\u00fd probl\u00e9m, jak se prod\u00e1v\u00e1.<\/span><\/p>\n<p><span dir=\"auto\">Jak zd\u016fraz\u0148uje Jason Bassler, v posledn\u00edch t\u0159ech m\u011bs\u00edc\u00edch byly po cel\u00e9m sv\u011bt\u011b, od Mexika po Thajsko, od \u0160v\u00fdcarska po Papuu Novou Guineu, p\u0159ipraveny a zavedeny nov\u00e9 z\u00e1kony o digit\u00e1ln\u00ed identifikaci.<\/span><\/p>\n<p><strong><span dir=\"auto\">Digit\u00e1ln\u00ed tyranie za dve\u0159mi<\/span><\/strong><span dir=\"auto\">\u00a0, Paul Cudenec, 9. \u0159\u00edjna 2025<\/span><\/p>\n<p><span dir=\"auto\">Co se tedy d\u011bje? Jak nazna\u010dil Cudenec: \u201eKdy\u017e vezmeme v \u00favahu, \u017ee digit\u00e1ln\u00ed identifikace je \u00fast\u0159edn\u00ed sou\u010d\u00e1st\u00ed agendy glob\u00e1ln\u00ed spr\u00e1vy WEF, je to, o co zde jde, a\u017e p\u0159\u00edli\u0161 jasn\u00e9.\u201c Cudenec se v\u0161ak zm\u00ednil pouze o jedn\u00e9 polovin\u011b glob\u00e1ln\u00edho partnerstv\u00ed; druhou je Organizace spojen\u00fdch n\u00e1rod\u016f.<\/span><\/p>\n<p><span dir=\"auto\">Pozn\u00e1mka: Pokud si p\u0159e\u010dtete cel\u00fd Cudenc\u016fv\u00a0<\/span><a href=\"https:\/\/expose-news.com\/?s=Un-WEF+partnership&amp;apbct__email_id__search_form=\" target=\"_blank\" rel=\"noreferrer noopener\" data-type=\"link\" data-id=\"https:\/\/expose-news.com\/?s=Un-WEF+partnership&amp;apbct__email_id__search_form=\"><span dir=\"auto\">\u010dl\u00e1nek<\/span><\/a><span dir=\"auto\">\u00a0, uvid\u00edte, \u017ee nad\u00e1le ztoto\u017e\u0148uje \u201esionisty\u201c s globalisty a ve\u0161kerou vinu pak svaluje na nedefinovan\u00e9, neidentifikovan\u00e9 \u201esionisty\u201c jako na str\u016fjce pl\u00e1nu globalist\u016f.<\/span><\/p>\n<p><span dir=\"auto\">Antisionistick\u00e1 propaganda je \u0161iroce \u0161\u00ed\u0159en\u00e1 odv\u00e1d\u011bc\u00ed taktika, kter\u00e1 m\u00e1 odv\u00e9st pozornost ve\u0159ejnosti od skute\u010dn\u00fdch pachatel\u016f a p\u0159im\u011bt je, aby ztratili ze z\u0159etele celkov\u00fd pl\u00e1n. Nejprve bychom si m\u011bli polo\u017eit ot\u00e1zku: Pro\u010d pou\u017e\u00edvat politiku identity, levicovou ideologii pou\u017e\u00edvanou globalisty jako n\u00e1stroj, k identifikaci globalist\u016f? Pro hlub\u0161\u00ed pochopen\u00ed toho, jak je socialistick\u00e1 a komunistick\u00e1 ideologie pou\u017e\u00edv\u00e1na k propagandistick\u00fdm \u00fa\u010del\u016fm, si pros\u00edm p\u0159e\u010dt\u011bte \u201e\u00a0<\/span><a href=\"https:\/\/expose-news.com\/2025\/10\/07\/islamists-have-used-left-wing-ideology\/\" target=\"_blank\" rel=\"noreferrer noopener\" data-type=\"link\" data-id=\"https:\/\/expose-news.com\/2025\/10\/07\/islamists-have-used-left-wing-ideology\/\"><span dir=\"auto\">Islamist\u00e9 vyu\u017eili levicovou ideologii k \u0161\u00ed\u0159en\u00ed antisionistick\u00fdch p\u0159esv\u011bd\u010den\u00ed na Z\u00e1pad\u011b<\/span><\/a><span dir=\"auto\">\u00a0\u201c. M\u011bli bychom m\u00edt na pam\u011bti, \u017ee islamist\u00e9 nepracuj\u00ed sami. Chcete-li se dozv\u011bd\u011bt, kdo spolupracuje s islamismem nebo s islamisty jako n\u00e1strojem k prosazov\u00e1n\u00ed jejich agendy, p\u0159e\u010dt\u011bte si pros\u00edm \u201eKdo ovl\u00e1d\u00e1 Muslimsk\u00e9 bratrstvo?\u201c a \u201eGaza: Byli jste oklam\u00e1ni, abyste n\u00e1sledovali jejich agendu?\u201c<\/span><\/p>\n<h3><strong><span dir=\"auto\">Digit\u00e1ln\u00ed v\u011bzen\u00ed<\/span><\/strong><\/h3>\n<p><span dir=\"auto\">Aman Jabbi, technologick\u00fd veter\u00e1n ze Silicon Valley s v\u00edce ne\u017e 25 lety zku\u0161enost\u00ed v oblasti video a kamerov\u00fdch technologi\u00ed, spoluzalo\u017eil dva startupy zab\u00fdvaj\u00edc\u00ed se technologi\u00ed videokamer a pod\u00edlel se na v\u00fdvoji kamerov\u00e9 technologie pou\u017e\u00edvan\u00e9 v chytr\u00fdch telefonech, streamov\u00e1n\u00ed videa a filmov\u00e9 produkci. Je v\u00fdznamn\u00fdm \u0159e\u010dn\u00edkem na t\u00e9ma rozpozn\u00e1v\u00e1n\u00ed obli\u010deje, digit\u00e1ln\u00ed identity a sledovac\u00edch syst\u00e9m\u016f a varuje p\u0159ed vytv\u00e1\u0159en\u00edm \u201edigit\u00e1ln\u00edho v\u011bzen\u00ed\u201c v d\u016fsledku integrace pokro\u010dil\u00fdch sledovac\u00edch technologi\u00ed.<\/span><\/p>\n<p><span dir=\"auto\">Jabbi se rozs\u00e1hle vyjad\u0159oval o tom, jak se technologie rozpozn\u00e1v\u00e1n\u00ed obli\u010deje vyu\u017e\u00edv\u00e1 jako sou\u010d\u00e1st infrastruktury chytr\u00fdch m\u011bst, s aplikacemi ve ve\u0159ejn\u00fdch prostor\u00e1ch, supermarketech a \u0161kol\u00e1ch. Tvrd\u00ed, \u017ee \u0161irok\u00e9 pou\u017e\u00edv\u00e1n\u00ed rozpozn\u00e1v\u00e1n\u00ed obli\u010deje v kombinaci s um\u011blou inteligenc\u00ed a s\u00edt\u00ed sledovac\u00edch za\u0159\u00edzen\u00ed \u2013 potenci\u00e1ln\u011b \u010d\u00edtaj\u00edc\u00ed miliardy \u2013 umo\u017e\u0148uje syst\u00e9m nep\u0159etr\u017eit\u00e9ho sledov\u00e1n\u00ed a identifikace jednotlivc\u016f. Tento v\u00fdvoj spojuje s \u0161ir\u0161\u00edmi koncepty, jako je syst\u00e9m soci\u00e1ln\u00edho kreditu, digit\u00e1ln\u00ed vlastnictv\u00ed nemovitost\u00ed, metaverzum a \u201e\u010dtvrt\u00e1 pr\u016fmyslov\u00e1 revoluce\u201c Sv\u011btov\u00e9ho ekonomick\u00e9ho f\u00f3ra, a nazna\u010duje, \u017ee tyto technologie jsou sou\u010d\u00e1st\u00ed koordinovan\u00e9ho \u00fasil\u00ed o vytvo\u0159en\u00ed pln\u011b integrovan\u00e9ho syst\u00e9mu velen\u00ed a \u0159\u00edzen\u00ed.<\/span><\/p>\n<p><span dir=\"auto\">Zahrnuli jsme n\u011bkolik zdroj\u016f, kde Jabbi hovo\u0159\u00ed o vytvo\u0159en\u00ed digit\u00e1ln\u00edho v\u011bzen\u00ed, ale v tomto \u010dl\u00e1nku zd\u016fraz\u0148ujeme jeho varov\u00e1n\u00ed sv\u011btu, jak je shrnul v ned\u00e1vn\u00e9m dokumentu.<\/span><\/p>\n<p><span dir=\"auto\">Spole\u010dnost Oracle Films vydala 4. \u010dervna 2025 dokument \u201eAgenda: Jejich vize \u2013 Va\u0161e budoucnost\u201c, kter\u00fd zkoum\u00e1 digit\u00e1ln\u00ed v\u011bzen\u00ed, je\u017e n\u00e1s \u010dek\u00e1, pokud se nyn\u00ed nepostav\u00edme proti.<\/span><\/p>\n<\/div>\n<\/div>\n<div class=\"rumble_v6s7883-Rumble-cls\" tabindex=\"-1\">\n<div class='videoWrapper'>\r\n\t            <iframe src='https:\/\/rumble.com\/embed\/pj.v6s7883\/' frameborder='0' allowfullscreen><\/iframe>\r\n\t        <\/div><\/p>\n<\/div>\n<div class=\"elementor-element elementor-element-1fb4c2c elementor-widget elementor-widget-theme-post-content\" data-id=\"1fb4c2c\" data-element_type=\"widget\" data-widget_type=\"theme-post-content.default\">\n<div class=\"elementor-widget-container\">\n<p><span dir=\"auto\">Od \u010dasov\u00e9ho raz\u00edtka 13:20 Jabbi vysv\u011btluje, jak funguje rozpozn\u00e1v\u00e1n\u00ed obli\u010deje a jak\u00fd je jeho kone\u010dn\u00fd c\u00edl. Rozpozn\u00e1v\u00e1n\u00ed obli\u010deje je technika pou\u017e\u00edvan\u00e1 k jedine\u010dn\u00e9 identifikaci biometrick\u00fdch \u00fadaj\u016f obli\u010deje, \u0159ekl. Pokra\u010doval:<\/span><\/p>\n<p><span dir=\"auto\">\u201eV za\u0159\u00edzen\u00edch, jako je v\u00e1\u0161 chytr\u00fd telefon, a ve v\u011bt\u0161in\u011b modern\u00edch chytr\u00fdch telefon\u016f za posledn\u00edch 5 nebo 7 let, je na p\u0159edn\u00ed stran\u011b telefonu 3D kamerov\u00fd modul, kter\u00fd nevid\u00edte. Uvnit\u0159 tohoto modulu je projektor bl\u00edzk\u00e9ho infra\u010derven\u00e9ho z\u00e1\u0159en\u00ed, kter\u00fd prom\u00edt\u00e1 des\u00edtky tis\u00edc bod\u016f na v\u00e1\u0161 obli\u010dej. Tyto body jsou zkresleny na z\u00e1klad\u011b kontur a rys\u016f va\u0161eho obli\u010deje. A je zde kamera bl\u00edzk\u00e9ho infra\u010derven\u00e9ho z\u00e1\u0159en\u00ed, kter\u00e1 po\u0159\u00edd\u00ed sn\u00edmek tohoto zkreslen\u00ed, zachyt\u00ed ho a pot\u00e9 zp\u011btn\u011b analyzuje p\u0159esn\u00fd profil va\u0161eho obli\u010deje.\u201c<\/span><\/p>\n<p><span dir=\"auto\">V dlouhodob\u00e9m horizontu bude rozpozn\u00e1v\u00e1n\u00ed obli\u010deje slou\u017eit k odemknut\u00ed va\u0161\u00ed digit\u00e1ln\u00ed identity, co\u017e bude kontroln\u00ed n\u00e1stroj pro budouc\u00ed agendy. V\u0161echna va\u0161e za\u0159\u00edzen\u00ed doma a v\u0161echna va\u0161e chytr\u00e1 za\u0159\u00edzen\u00ed jsou p\u0159ipojena prost\u0159ednictv\u00edm bezdr\u00e1tov\u00e9 s\u00edt\u011b. Mnoho z t\u011bchto za\u0159\u00edzen\u00ed m\u00e1 kamery, mnoho mikrofony. A tak neust\u00e1le v\u0161echno monitoruj\u00ed.\u201c<\/span><\/p>\n<p><span dir=\"auto\">Vysv\u011btlil, jak jsou lid\u00e9 sledov\u00e1ni i mimo sv\u00e9 domovy.<\/span><\/p>\n<p><span dir=\"auto\">\u201eKdy\u017e opou\u0161t\u00edte domov, v\u0161echna modern\u00ed vozidla jsou p\u0159ipojena k internetu, tak\u017ee je va\u0161e auto po celou dobu sledov\u00e1no. Kdy\u017e proj\u00ed\u017ed\u00edte pod \u0159adou chytr\u00fdch LED sloup\u016f a chytr\u00fdch LED sv\u011btel na d\u00e1lnici a v ulic\u00edch va\u0161ich m\u011bst, vytvo\u0159\u00ed bezdr\u00e1tovou s\u00ed\u0165 a sleduj\u00ed va\u0161e vozidlo. Sleduj\u00ed v\u0161echna za\u0159\u00edzen\u00ed, kter\u00e1 m\u00e1te na sob\u011b, od chytr\u00fdch telefon\u016f a\u017e po chytr\u00e9 hodinky, kdy\u017e jdete po ulic\u00edch.\u201c<\/span><\/p>\n<p><span dir=\"auto\">Dlouhodob\u00fdm pl\u00e1nem je uv\u011bznit lidstvo v chytr\u00fdch m\u011bstech, abych tak \u0159ekl.\u201c<\/span><\/p>\n<p><span dir=\"auto\">Ve\u0159ejn\u011b i v b\u00edl\u00fdch knih\u00e1ch Organizace spojen\u00fdch n\u00e1rod\u016f a Sv\u011btov\u00e9 ekonomick\u00e9 f\u00f3rum prohla\u0161uj\u00ed, \u017ee agenda chytr\u00fdch m\u011bst se t\u00fdk\u00e1 \u201eudr\u017eitelnosti\u201c. Ve skute\u010dnosti v\u0161ak pou\u017e\u00edvaj\u00ed obr\u00e1cen\u00e9 term\u00edny \u2013 to, co George Orwell nazval dvoj\u00ed \u0159e\u010d\u00ed, a to, co my n\u011bkdy naz\u00fdv\u00e1me \u201eglobalismem\u201c.<\/span><\/p>\n<p><span dir=\"auto\">\u201eDohled nad vzduchem je ve skute\u010dnosti o omezen\u00ed mobility, nikoli o vlastnictv\u00ed automobilu. \u0158\u00edzen\u00ed dohledu prost\u0159ednictv\u00edm LED s\u00edt\u011b je d\u016fvodem existence chytr\u00e9ho osv\u011btlen\u00ed. Hospoda\u0159en\u00ed s vodou je o p\u0159\u00edd\u011blov\u00e9m syst\u00e9mu vody. Hlukov\u00e9 zne\u010di\u0161t\u011bn\u00ed je o hlasov\u00e9m dohledu. Monitorov\u00e1n\u00ed dopravy je o omezen\u00ed mobility. A samoz\u0159ejm\u011b \u00faspora energie je o p\u0159\u00edd\u011blov\u00e9m syst\u00e9mu tepla, elekt\u0159iny a paliva,\u201c \u0159ekl Jabbi.<\/span><\/p>\n<p><span dir=\"auto\">Pot\u00e9 hovo\u0159il o geofencingu: \u201eP\u0159edstavte si ho jako neviditeln\u00fd plot kolem v\u00e1s, kde nem\u016f\u017eete p\u0159ekro\u010dit ur\u010dit\u00fd bod; a to bude souviset s va\u0161\u00edm rozpozn\u00e1v\u00e1n\u00edm obli\u010deje, digit\u00e1ln\u00ed identitou a kontrolou p\u0159\u00edstupu,\u201c \u0159ekl.<\/span><\/p>\n<p><span dir=\"auto\">\u201eN\u00e1\u0161 sv\u011bt se prom\u011bnil v digit\u00e1ln\u00ed panoptikum. To znamen\u00e1, \u017ee m\u016f\u017eete b\u00fdt monitorov\u00e1ni, analyzov\u00e1ni, spravov\u00e1ni a monetizov\u00e1ni.\u201c<\/span><\/p>\n<h3><strong><span dir=\"auto\">Zdroje pro Amana Jabbiho:<\/span><\/strong><\/h3>\n<ul>\n<li><span dir=\"auto\">Video: Prozat\u00edmn\u00ed v\u00fdbor pro hospod\u00e1\u0159sk\u00e9 z\u00e1le\u017eitosti, 19. \u010dervence 2022 (6 min.)<\/span><\/li>\n<li><span dir=\"auto\">Video: Rozpozn\u00e1v\u00e1n\u00ed obli\u010deje: Digit\u00e1ln\u00ed identita, nebo digit\u00e1ln\u00ed diktatura?, Central Coast Community NSW, Austr\u00e1lie, 2. \u010dervna 2022 (77 min.)<\/span><\/li>\n<li><span dir=\"auto\">Video: O d\u016fle\u017eitosti rozpozn\u00e1v\u00e1n\u00ed obli\u010dej\u016f a chytr\u00fdch m\u011bst | Aman Jabbi a Dr. Carrie Madej, 19. \u010dervence 2022 (56 min.) na BitChute a na Odysee<\/span><\/li>\n<li><span dir=\"auto\">Video: Dohled, rozpozn\u00e1v\u00e1n\u00ed obli\u010dej\u016f a chytr\u00e1 m\u011bsta, Niles Talks, 16. kv\u011btna 2022 (108 min.)<\/span><\/li>\n<li><span dir=\"auto\">Video: Jak funguje rozpozn\u00e1v\u00e1n\u00ed obli\u010deje | Aman Jabbi (1. \u010d\u00e1st)<\/span><\/li>\n<li><span dir=\"auto\">Zvuk: The Surveillance Grid s Amanem Jabbim a Danem Happelem, 26. \u010dervna 2022 (119 min.)<\/span><\/li>\n<li><span dir=\"auto\">Video: Aman Jabbi: Kone\u010dn\u00fd lockdown \u2013 Pouli\u010dn\u00ed lampy, kter\u00e9 zab\u00edjej\u00ed v chytr\u00fdch m\u011bstech, CBDC, digit\u00e1ln\u00ed identifikace, Maria Zeee, 20. listopadu 2022 (77 min.)<\/span><\/li>\n<\/ul>\n<h3><strong><span dir=\"auto\">Klimatick\u00e1 zm\u011bna: Kde je nebezpe\u010d\u00ed?<\/span><\/strong><\/h3>\n<p><span dir=\"auto\">Jak jasn\u011b uk\u00e1zal v\u00fd\u0161e uveden\u00fd dokument spole\u010dnosti Oracle Films, klimatick\u00e9 zm\u011bny zp\u016fsoben\u00e9 \u010dlov\u011bkem a s nimi spojen\u00fd z\u00e1vod o dosa\u017een\u00ed nulov\u00e9 emise jsou \u00fast\u0159edn\u00edm bodem kontroly nad n\u00e1mi \u2013 kontroly nad na\u0161imi aktivitami, online i offline, na\u0161imi pen\u011bzi, na\u0161\u00edm j\u00eddlem, na\u0161\u00edm zdrav\u00edm atd. A jak Jabbi spr\u00e1vn\u011b poznamenal, pou\u017e\u00edvaj\u00ed obr\u00e1cenou terminologii. Panika\u0159en\u00ed \u201eglob\u00e1ln\u00edm oteplov\u00e1n\u00edm\u201c je psychologick\u00fd trik, jak p\u0159im\u011bt ve\u0159ejnost, aby se podvolila c\u00edl\u016fm \u201eudr\u017eiteln\u00e9ho rozvoje\u201c OSN.<\/span><\/p>\n<p><span dir=\"auto\">Abychom demonstrovali, \u017ee tvrzen\u00ed, \u017ee lidsk\u00e9 aktivity zp\u016fsobuj\u00ed klimatickou krizi, je lest, obrac\u00edme se na ned\u00e1vn\u00fd rozhovor s Dr. Judith Curryovou. Dne 20. srpna zve\u0159ejnila organizace Freedom Research rozhovor, kter\u00fd s Dr. Curryovou vedl Hannes Sarv.<\/span><\/p>\n<p><span dir=\"auto\">Mnoho \u0161iroce roz\u0161\u00ed\u0159en\u00fdch p\u0159esv\u011bd\u010den\u00ed, jako nap\u0159\u00edklad my\u0161lenka, \u017ee klimatick\u00e1 krize nebo glob\u00e1ln\u00ed oteplov\u00e1n\u00ed zp\u016fsobuj\u00ed extr\u00e9mn\u011bj\u0161\u00ed pov\u011btrnostn\u00ed podm\u00ednky, je jednodu\u0161e myln\u00fdch, \u0159ekla. Zvy\u0161ov\u00e1n\u00ed hladiny mo\u0159e je nev\u00fdznamn\u00e9. \u201eKde je tedy nebezpe\u010d\u00ed?\u201c<\/span><\/p>\n<p><span dir=\"auto\">Roz\u0161\u00ed\u0159en\u00e1 teorie, \u017ee 97 % v\u011bdc\u016f souhlas\u00ed s t\u00edm, \u017ee \u010del\u00edme klimatick\u00e9 krizi zp\u016fsoben\u00e9 \u010dlov\u011bkem, je podle Curryho jen vtip.<\/span><\/p>\n<p><span dir=\"auto\">\u201eV\u011bdci se neshodnou v nejd\u016fle\u017eit\u011bj\u0161\u00edch ot\u00e1zk\u00e1ch, jako nap\u0159\u00edklad\u2026 je [glob\u00e1ln\u00ed] oteplov\u00e1n\u00ed nebezpe\u010dn\u00e9?\u201c<\/span><\/p>\n<p><span dir=\"auto\">\u201eV\u011bdci, kte\u0159\u00ed hlasit\u011b nepodporovali konsenzus IPCC [Mezivl\u00e1dn\u00edho panelu OSN pro zm\u011bnu klimatu], byli siln\u011b marginalizov\u00e1ni. Nejen v m\u00e9di\u00edch, ale tak\u00e9 t\u00edm, co bych nazvala mainstreamov\u00fdmi klimatology \u2013 t\u011bmi, kte\u0159\u00ed se pod\u00edleli na mezin\u00e1rodn\u00edch a n\u00e1rodn\u00edch hodnot\u00edc\u00edch zpr\u00e1v\u00e1ch a byli nadm\u011brn\u011b medi\u00e1ln\u011b prezentov\u00e1ni,\u201c \u0159ekla a vysv\u011btlila, co m\u011bla na mysli, kdy\u017e ve sv\u00e9 knize\u00a0<\/span><em><span dir=\"auto\">Klimatick\u00e1 nejistota a riziko: P\u0159ehodnocen\u00ed na\u0161\u00ed reakce<\/span><\/em><span dir=\"auto\">\u00a0napsala o sv\u00e9 rezignaci z fakulty na Technologick\u00e9m institutu v Georgii v roce 2017.<\/span><\/p>\n<p><span dir=\"auto\">\u201eMnoho z t\u011bchto v\u011bdc\u016f,\u201c \u0159ekla, \u201ese chovalo jako politi\u010dt\u00ed zast\u00e1nci a sna\u017eilo se potla\u010dit jak\u00fdkoli nesouhlas, a to nejen ohledn\u011b v\u011bdy, ale i ohledn\u011b navrhovan\u00fdch politick\u00fdch \u0159e\u0161en\u00ed. V\u011bdci, kte\u0159\u00ed se t\u00edmto ne\u0159\u00eddili, byli nejen marginalizov\u00e1ni, ale na akademick\u00fdch p\u016fd\u00e1ch se c\u00edtili velmi nep\u0159\u00edjemn\u011b.\u201c<\/span><\/p>\n<h3><strong><span dir=\"auto\">Pro\u010d jde v\u011bda ruku v ruce s fale\u0161n\u00fdmi narativy?<\/span><\/strong><\/h3>\n<p><span dir=\"auto\">\u201eJde o kari\u00e9rismus,\u201c \u0159ekl Dr. Curry. \u201eMysl\u00edm t\u00edm, \u017ee kdy\u017e financov\u00e1n\u00ed va\u0161eho v\u00fdzkumu z\u00e1vis\u00ed na souhlasu s konsensem, kdy\u017e se v\u00e1m zv\u00fd\u0161\u00ed plat, kdy\u017e se va\u0161e argumentace pro trval\u00e9 zam\u011bstn\u00e1n\u00ed\u2026 Jde opravdu o kari\u00e9rismus a zdroje. O to jde. V\u0161echny pob\u00eddky sm\u011b\u0159uj\u00ed jedn\u00edm sm\u011brem\u2026 U\u017e to nen\u00ed v\u011bda. Stala se z toho pseudov\u011bda.\u201c<\/span><\/p>\n<p><span dir=\"auto\">\u201eLid\u00e9, kte\u0159\u00ed se oz\u00fdvaj\u00ed, jsou bu\u010f lid\u00e9, kte\u0159\u00ed ode\u0161li do d\u016fchodu nebo z jak\u00e9hokoli d\u016fvodu opustili akademickou sf\u00e9ru, nebo pracuj\u00ed pro soukrom\u00fd sektor \u010di nevl\u00e1dn\u00ed organizace. Jsou to lid\u00e9, kte\u0159\u00ed se oz\u00fdvaj\u00ed, zpochyb\u0148uj\u00ed konsenzus a skute\u010dn\u011b se chovaj\u00ed tak, jak by se v\u011bdci m\u011bli chovat, na rozd\u00edl od univerzit.\u201c<\/span><\/p>\n<p><span dir=\"auto\">Fenom\u00e9n, kter\u00fd Dr. Curry popisuje, jsme vid\u011bli nejen v \u201eklimatologick\u00e9 v\u011bd\u011b\u201c, ale tak\u00e9 ve \u201ev\u011bd\u011b o COVIDu\u201c a \u201ev\u011bd\u011b o vakc\u00edn\u00e1ch\u201c, a tak\u00e9 v prosazov\u00e1n\u00ed dal\u0161\u00edch hanebn\u00fdch glob\u00e1ln\u00edch agend, jako je diverzita, rovnost a inkluze (\u201eDEI\u201c).<\/span><\/p>\n<p><strong><em><span dir=\"auto\">Rhoda Wilsonov\u00e1<\/span><\/em><\/strong><\/p>\n<\/div>\n<\/div>\n<div class=\"elementor-element elementor-element-8c57238 quelle dc-has-condition dc-condition-empty elementor-widget elementor-widget-heading\" data-id=\"8c57238\" data-element_type=\"widget\" data-widget_type=\"heading.default\">\n<div class=\"elementor-widget-container\">\n<h3 class=\"elementor-heading-title elementor-size-default\"><span style=\"font-size: 10pt;\"><a href=\"https:\/\/expose-news.com\/2025\/10\/11\/facial-recognition-will-unlock-your-digital-identity\/\" target=\"_blank\" rel=\"nofollow noopener\"><span dir=\"auto\">Zdroj<\/span><\/a><\/span><\/h3>\n<p>&nbsp;<\/p>\n<\/div>\n<\/div>\n","protected":false},"excerpt":{"rendered":"<p>Ned\u00e1vn\u00e9 ozn\u00e1men\u00ed povinn\u00e9ho digit\u00e1ln\u00edho pr\u016fkazu toto\u017enosti se neomezuje pouze na Spojen\u00e9 kr\u00e1lovstv\u00ed. V posledn\u00edch m\u011bs\u00edc\u00edch&#8230;<\/p>\n","protected":false},"author":2,"featured_media":80284,"comment_status":"closed","ping_status":"closed","sticky":false,"template":"","format":"standard","meta":[],"categories":[7],"tags":[873,9940,1430],"_links":{"self":[{"href":"https:\/\/www.infokuryr.cz\/n\/wp-json\/wp\/v2\/posts\/90353"}],"collection":[{"href":"https:\/\/www.infokuryr.cz\/n\/wp-json\/wp\/v2\/posts"}],"about":[{"href":"https:\/\/www.infokuryr.cz\/n\/wp-json\/wp\/v2\/types\/post"}],"author":[{"embeddable":true,"href":"https:\/\/www.infokuryr.cz\/n\/wp-json\/wp\/v2\/users\/2"}],"replies":[{"embeddable":true,"href":"https:\/\/www.infokuryr.cz\/n\/wp-json\/wp\/v2\/comments?post=90353"}],"version-history":[{"count":0,"href":"https:\/\/www.infokuryr.cz\/n\/wp-json\/wp\/v2\/posts\/90353\/revisions"}],"wp:featuredmedia":[{"embeddable":true,"href":"https:\/\/www.infokuryr.cz\/n\/wp-json\/wp\/v2\/media\/80284"}],"wp:attachment":[{"href":"https:\/\/www.infokuryr.cz\/n\/wp-json\/wp\/v2\/media?parent=90353"}],"wp:term":[{"taxonomy":"category","embeddable":true,"href":"https:\/\/www.infokuryr.cz\/n\/wp-json\/wp\/v2\/categories?post=90353"},{"taxonomy":"post_tag","embeddable":true,"href":"https:\/\/www.infokuryr.cz\/n\/wp-json\/wp\/v2\/tags?post=90353"}],"curies":[{"name":"wp","href":"https:\/\/api.w.org\/{rel}","templated":true}]}}