{"id":90347,"date":"2025-10-22T00:26:38","date_gmt":"2025-10-21T22:26:38","guid":{"rendered":"https:\/\/www.infokuryr.cz\/n\/?p=90347"},"modified":"2025-10-21T18:13:13","modified_gmt":"2025-10-21T16:13:13","slug":"pet-let-do-valky-s-ruskem-eu-uz-ve-valce-je","status":"publish","type":"post","link":"https:\/\/www.infokuryr.cz\/n\/2025\/10\/22\/pet-let-do-valky-s-ruskem-eu-uz-ve-valce-je\/","title":{"rendered":"P\u011bt let do v\u00e1lky s Ruskem? EU u\u017e ve v\u00e1lce je"},"content":{"rendered":"<div id=\"fb-root\"><\/div>\n<div class=\"elementor-element elementor-element-1fb4c2c elementor-widget elementor-widget-theme-post-content\" data-id=\"1fb4c2c\" data-element_type=\"widget\" data-widget_type=\"theme-post-content.default\">\n<div class=\"elementor-widget-container\">\n<p><strong><span dir=\"auto\">Rusofobn\u00ed evropsk\u00e9 elity se sna\u017e\u00ed zahnat kontinent do v\u00e1lky.<\/span><\/strong><\/p>\n<p><span dir=\"auto\">Evropsk\u00e1 unie, kter\u00e1 m\u00e1 27 st\u00e1t\u016f, tento t\u00fdden p\u0159edstavila p\u011btilet\u00fd pl\u00e1n p\u0159\u00edprav na v\u00e1lku s Ruskem.<\/span><\/p>\n<p><span dir=\"auto\">Takzvan\u00fd \u201ePl\u00e1n evropsk\u00e9 obrann\u00e9 p\u0159ipravenosti do roku 2030\u201c zn\u00ed jako v\u00e1le\u010dn\u00fd manifest a sebenapl\u0148uj\u00edc\u00ed se proroctv\u00ed, kter\u00e9 stav\u00ed EU na katastrofickou sr\u00e1\u017eku s Ruskem.<\/span><\/p>\n<p><span dir=\"auto\">Je neuv\u011b\u0159iteln\u00e9, \u017ee takov\u00fd hroziv\u00fd sm\u011br otev\u0159en\u011b diktuje nezodpov\u011bdn\u00e1 elita v Bruselu. P\u0159ed osmdes\u00e1ti p\u011bti lety pl\u00e1novala T\u0159et\u00ed \u0159\u00ed\u0161e ovl\u00e1dnout Evropu dominanc\u00ed nad Sov\u011btsk\u00fdm svazem. Elita EU v tomto pl\u00e1nu pokra\u010duje.<\/span><\/p>\n<p><span dir=\"auto\">Pokud jde o pl\u00e1n \u201eobrann\u00e9 p\u0159ipravenosti\u201c (tj. \u201ev\u00e1le\u010dn\u00e9 p\u0159ipravenosti\u201c), budoucnost je ji\u017e tady, ne za p\u011bt let. EU se v sou\u010dasn\u00e9 dob\u011b nach\u00e1z\u00ed na katastrofick\u00e9 sr\u00e1\u017ece s Ruskem.<\/span><\/p>\n<p><span dir=\"auto\">Stejn\u011b jako Spojen\u00e9 st\u00e1ty je i Evropsk\u00e1 unie ve v\u00e1lce s Ruskem prost\u0159ednictv\u00edm sv\u00e9ho z\u00e1stupn\u00e9ho re\u017eimu na Ukrajin\u011b od \u00fanora 2022 a p\u0159edt\u00edm, od pu\u010de v Kyjev\u011b v roce 2014.<\/span><\/p>\n<p><span dir=\"auto\">B\u011bhem posledn\u00edch \u010dty\u0159 let vy\u010dlenila EU z pen\u011bz da\u0148ov\u00fdch poplatn\u00edk\u016f t\u00e9m\u011b\u0159 180 miliard eur na vyzbrojen\u00ed neonacistick\u00e9ho re\u017eimu v Kyjev\u011b. Jak jsme poznamenali v na\u0161em \u00favodn\u00edku minul\u00fd t\u00fdden, toto obrovsk\u00e9 p\u0159id\u011blov\u00e1n\u00ed (a pl\u00fdtv\u00e1n\u00ed) zdroji daleko p\u0159esahuje to, co \u010dlensk\u00e9 st\u00e1ty EU obdr\u017eely na rozvoj sv\u00fdch ekonomik a spole\u010dnost\u00ed. Kdy m\u011bla evropsk\u00e1 ve\u0159ejnost mo\u017enost o tom hlasovat? Rozhodnut\u00ed \u010din\u00ed elitn\u00ed klika.<\/span><\/p>\n<p><span dir=\"auto\">Na rozd\u00edl od Trumpovy administrativy Evropsk\u00e1 unie, pod vlivem arcikonzervativn\u00edch rusofob\u016f, jako je p\u0159edsedkyn\u011b Evropsk\u00e9 komise Ursula von der Leyen a vysok\u00e1 p\u0159edstavitelka Unie pro zahrani\u010dn\u00ed v\u011bci Kaja Kallas, neprojevila absolutn\u011b \u017e\u00e1dnou ochotu naj\u00edt diplomatick\u00e9 \u0159e\u0161en\u00ed konfliktu na Ukrajin\u011b. A\u017e na \u010destn\u00e9 v\u00fdjimky v\u011bt\u0161ina evropsk\u00fdch vl\u00e1d p\u0159i\u017eivuje v\u00e1le\u010dnou hysterii. Tot\u00e9\u017e plat\u00ed pro evropsk\u00e1 m\u00e9dia i pro americk\u00e1 mainstreamov\u00e1 m\u00e9dia. Rusko je zl\u00fd agresor; \u017e\u00e1dn\u00e1 diplomacie, \u017e\u00e1dn\u00fd dialog s Moskvou, \u017e\u00e1dn\u00e1 kapitulace a tak d\u00e1le. Je to v\u00e1lka na autopilota.<\/span><\/p>\n<p><span dir=\"auto\">Evropsk\u00fd blok, alespo\u0148 ofici\u00e1ln\u011b, je zcela ovl\u00e1d\u00e1n NATO a zpravodajskou propagandou, kter\u00e1 vykresluje Rusko jako nep\u0159\u00edtele. CIA a britsk\u00e1 MI6 nepochybn\u011b tahaj\u00ed za nitky a Evropa tan\u010d\u00ed jako uboh\u00e1 loutka.<\/span><\/p>\n<p><span dir=\"auto\">Prezident Donald Trump ve \u010dtvrtek m\u011bl dvouhodinov\u00fd telefonick\u00fd hovor se sv\u00fdm rusk\u00fdm prot\u011bj\u0161kem Vladimirem Putinem, b\u011bhem kter\u00e9ho se oba l\u00edd\u0159i dohodli na setk\u00e1n\u00ed v Budape\u0161ti v p\u0159\u00ed\u0161t\u00edch dvou t\u00fddnech. Setk\u00e1n\u00ed navazuje na jejich summit v Anchorage 15. srpna, jeho\u017e c\u00edlem bylo ukon\u010dit nep\u0159\u00e1telsk\u00e9 akce na Ukrajin\u011b.<\/span><\/p>\n<p><span dir=\"auto\">Veden\u00ed EU jakoukoli podobnou diplomacii ne\u00faprosn\u011b odm\u00edt\u00e1. Setk\u00e1n\u00ed na Alja\u0161ce je znepokojilo, proto\u017ee Trump se k Putinovi choval s uctivou diplomaci\u00ed. Ned\u00e1vn\u00e9 zpr\u00e1vy o summitu v Budape\u0161ti tak\u00e9 hn\u011bvaj\u00ed l\u00eddry EU. Hlasit\u011b po\u017eaduj\u00ed, aby Trump dodal Ukrajin\u011b \u0159\u00edzen\u00e9 st\u0159ely Tomahawk, za co\u017e zaplat\u00ed. To m\u00e1 zajistit, aby diplomacie byla vyhozena do pov\u011bt\u0159\u00ed.<\/span><\/p>\n<p><span dir=\"auto\">Od z\u00e1padem podporovan\u00e9ho pu\u010de v Kyjev\u011b v roce 2014 pro\u0161la Evropsk\u00e1 unie regresivn\u00ed transformac\u00ed a stala se militarizovan\u00fdm blokem charakterizovan\u00fdm obsesivn\u00edm nep\u0159\u00e1telstv\u00edm v\u016f\u010di Rusku. EU se st\u00e1le v\u00edce st\u00e1v\u00e1 klonem vojensk\u00e9 aliance NATO. Historicky Evropsk\u00e1 unie st\u00e1la za m\u00edrem prost\u0159ednictv\u00edm sousedsk\u00e9ho obchodu a ekonomiky. Byla navr\u017eena tak, aby se vyno\u0159ila z popela druh\u00e9 sv\u011btov\u00e9 v\u00e1lky a zajistila, \u017ee na kontinentu u\u017e nikdy nebude v\u00e1lka. V roce 2012 blok z\u00edskal Nobelovu cenu m\u00edru. Ne \u017ee by toto ocen\u011bn\u00ed n\u011bco znamenalo, ale zd\u016fraz\u0148uje absurditu situace.<\/span><\/p>\n<p><span dir=\"auto\">V posledn\u00edch m\u011bs\u00edc\u00edch se EU propadla hore\u010dnat\u00e9 v\u00e1le\u010dn\u00e9 mentalit\u011b. Ekonomiky jej\u00edch 27 zem\u00ed jsou st\u00e1le v\u00edce poh\u00e1n\u011bny vojenskou produkc\u00ed a v\u00fddaji. Cel\u00fd \u00fa\u010del bloku je definov\u00e1n jako existen\u010dn\u00ed konfrontace s Ruskem. Zd\u00e1 se v\u00fdmluvn\u00e9, \u017ee von der Leyenov\u00e1 a kancl\u00e9\u0159 Friedrich Merz maj\u00ed ve sv\u00fdch rodin\u00e1ch nacistick\u00e9 kostry. Pobaltsk\u00e9 st\u00e1ty, kter\u00e9 se uk\u00e1zaly jako agresivn\u00ed vlivy na politiku EU, maj\u00ed tak\u00e9 nekal\u00e9 vazby na nacistickou minulost.<\/span><\/p>\n<p><span dir=\"auto\">V\u00e1le\u010dn\u00e1 mentalita dos\u00e1hla sv\u00e9ho vrcholu v projevu o stavu Unie, kter\u00fd p\u0159ednesla von der Leyen 10. z\u00e1\u0159\u00ed. Za\u010dala prohl\u00e1\u0161en\u00edm, \u017ee \u201eEvropa je v boji\u201c s Ruskem. \u0158ekla, \u017ee jde o boj za \u201esvobodu a nez\u00e1vislost\u201c a spojila z\u00e1jmy EU s bojem Ukrajiny proti Rusku.<\/span><\/p>\n<p><span dir=\"auto\">\u201eEvropa mus\u00ed bojovat\u2026 proto\u017ee svoboda Ukrajiny je svobodou Evropy,\u201c prohl\u00e1sila.<\/span><\/p>\n<p><span dir=\"auto\">Von der Leyenov\u00e1, b\u00fdval\u00e1 n\u011bmeck\u00e1 ministryn\u011b obrany a nejvy\u0161\u0161\u00ed p\u0159edstavitelka Evropsk\u00e9 unie, kter\u00e1 nebyla zvolena, prohl\u00e1sila, \u017ee blok je ve v\u00e1lce. Te\u010f, ne za p\u011bt let.<\/span><\/p>\n<p><span dir=\"auto\">V posledn\u00edch m\u011bs\u00edc\u00edch zpravodajsk\u00e9 slu\u017eby EU (klony CIA a MI6) s rostouc\u00ed nal\u00e9havost\u00ed varovaly p\u0159ed hroz\u00edc\u00ed v\u00e1lkou s Ruskem a do\u0161lo k podez\u0159el\u00e9mu n\u00e1r\u016fstu \u00fatok\u016f dron\u016f v Polsku, Estonsku, Rumunsku a D\u00e1nsku, za kter\u00e9 bylo Rusko bez jak\u00fdchkoli d\u016fkaz\u016f obvi\u0148ov\u00e1no.<\/span><\/p>\n<p><span dir=\"auto\">Mezit\u00edm evrop\u0161t\u00ed l\u00edd\u0159i a \u0161\u00e9f NATO Mark Rutte (b\u00fdval\u00fd nizozemsk\u00fd premi\u00e9r a uboh\u00fd klon, pokud v\u016fbec n\u011bjak\u00fd existoval) vyzvali k masivn\u00edmu zv\u00fd\u0161en\u00ed vojensk\u00fdch v\u00fddaj\u016f s c\u00edlem \u201e\u010delit rusk\u00e9 hrozb\u011b\u201c. V b\u0159eznu von der Leyenov\u00e1 uvedla \u010d\u00e1stku 800 miliard eur, kter\u00e9 by Unie m\u011bla vynalo\u017eit na \u201eobranu\u201c.<\/span><\/p>\n<p><span dir=\"auto\">V roce 2014 \u010dinily celkov\u00e9 vojensk\u00e9 v\u00fddaje EU m\u00e9n\u011b ne\u017e 200 miliard eur. Dnes \u010din\u00ed 340 miliard eur, co\u017e p\u0159edstavuje n\u00e1r\u016fst o 70 procent za deset let.<\/span><\/p>\n<p><span dir=\"auto\">Pl\u00e1n p\u0159edstaven\u00fd tento t\u00fdden nepochybn\u011b odpov\u00edd\u00e1 astronomick\u00e9mu \u010d\u00edslu, kter\u00e9 d\u0159\u00edve zm\u00ednila von der Leyenov\u00e1. Po\u010d\u00edt\u00e1 s celkov\u00fdmi vojensk\u00fdmi v\u00fddaji EU ve v\u00fd\u0161i 800 miliard eur \u2013 co\u017e je v\u00edce ne\u017e dvojn\u00e1sobek sou\u010dasn\u00e9 \u010d\u00e1stky a \u010dty\u0159n\u00e1sobek \u010d\u00e1stky p\u0159ed deseti lety.<\/span><\/p>\n<p><span dir=\"auto\">To je \u0161\u00edlen\u00e9 a netolerovateln\u00e9. I kdy\u017e to nepovede k tot\u00e1ln\u00ed v\u00e1lce v Evrop\u011b, tento sv\u00e9voln\u00fd militarismus p\u0159inejmen\u0161\u00edm zni\u010d\u00ed evropsk\u00e9 n\u00e1rody ekonomick\u00fdm a politick\u00fdm kolapsem.<\/span><\/p>\n<p><span dir=\"auto\">Je z\u0159ejm\u00e9, \u017ee za zav\u0159en\u00fdmi dve\u0159mi byla u\u010din\u011bna d\u016fle\u017eit\u00e1 rozhodnut\u00ed, kter\u00e1 m\u011bla v\u00e9st EU k rostouc\u00edmu militarismu a transformovat civiln\u00ed ekonomiky na v\u00e1le\u010dn\u00e9. To je skv\u011bl\u00e1 zpr\u00e1va pro vojensk\u00e9 korporace a politiky sponzorovan\u00e9 (a podpl\u00e1cen\u00e9) lobbisty. Evrop\u0161t\u00ed ob\u010dan\u00e9 jsou pora\u017een\u00ed a o sv\u00e9m osudu se s nimi nikdo nediskutuje. Jejich spole\u010dnosti jsou zbavov\u00e1ny \u017eivotn\u011b d\u016fle\u017eit\u00fdch zdroj\u016f, kter\u00e9 pohlcuje militarismus a korpor\u00e1tn\u00ed investo\u0159i.<\/span><\/p>\n<p><span dir=\"auto\">Aby mohla EU prov\u00e1d\u011bt tyto rozs\u00e1hl\u00e9 kr\u00e1de\u017ee a podvody, spol\u00e9h\u00e1 se na nevolen\u00e9 byrokraty, jako jsou Von der Leyen, Kallas a Rutte, kte\u0159\u00ed podn\u011bcuj\u00ed rusofobii a \u201estrach z v\u00e1lky\u201c. Hlavn\u00ed m\u00e9dia hraj\u00ed svou roli \u0161\u00ed\u0159en\u00edm zpravodajsk\u00e9 propagandy s c\u00edlem z\u00edskat souhlas ve\u0159ejnosti.<\/span><\/p>\n<p><span dir=\"auto\">Proti tomuto \u0161\u00edlenstv\u00ed v\u0161ak existuje odpor. Vzestup populistick\u00fdch (tj. reprezentativn\u011bj\u0161\u00edch a demokrati\u010dt\u011bj\u0161\u00edch) stran demonstruje opovr\u017een\u00ed nedemokratickou vl\u00e1dnouc\u00ed t\u0159\u00eddou EU. Protesty ve Francii, kter\u00e9 vl\u00e1du uvrh\u00e1vaj\u00ed do chaosu, jsou motivov\u00e1ny pobou\u0159en\u00edm nad \u0161krty ve ve\u0159ejn\u00fdch slu\u017eb\u00e1ch a pr\u00e1vech pracuj\u00edc\u00edch, zat\u00edmco Pa\u0159\u00ed\u017e vl\u00e9v\u00e1 miliardy eur do z\u00e1stupn\u00e9 v\u00e1lky na Ukrajin\u011b.<\/span><\/p>\n<p><span dir=\"auto\">Vl\u00e1dy Ma\u010farska a Slovenska si zaslou\u017e\u00ed velk\u00e9 uzn\u00e1n\u00ed za to, \u017ee se ozvaly proti v\u00e1le\u010dn\u00e9mu \u0161tvan\u00ed EU proti Rusku. Viktor Orb\u00e1n a Robert Fico kritizovali militarizaci Evropy a d\u016fsledn\u011b vyz\u00fdvali k diplomatick\u00e9mu jedn\u00e1n\u00ed s Moskvou.<\/span><\/p>\n<p><span dir=\"auto\">Je p\u0159\u00edzna\u010dn\u00e9, \u017ee Trump si jako m\u00edsto kon\u00e1n\u00ed sv\u00e9 p\u0159\u00ed\u0161t\u00ed sch\u016fzky s Putinem, kter\u00e9 bude p\u0159edsedat Orb\u00e1n, zvolil Budape\u0161\u0165. Akci ozna\u010dil za \u201eskv\u011blou zpr\u00e1vu pro lidi, kte\u0159\u00ed cht\u011bj\u00ed m\u00edr\u201c.<\/span><\/p>\n<p><span dir=\"auto\">Veden\u00ed EU a NATO nen\u00ed s budape\u0161\u0165sk\u00fdm konferenc\u00ed spokojeno, proto\u017ee nazna\u010duje diplomatickou variantu nam\u00edsto politiky automatizovan\u00e9 v\u00e1lky.<\/span><\/p>\n<p><span dir=\"auto\">Rusofobn\u00ed evropsk\u00e9 elity se sna\u017e\u00ed zahnat kontinent do v\u00e1lky. Nevid\u00ed jin\u00fd zp\u016fsob, jak utv\u00e1\u0159et mezin\u00e1rodn\u00ed vztahy. Zav\u00e1zaly EU k v\u00e1lce a dikt\u00e1torsk\u00fdm v\u00e1le\u010dn\u00fdm v\u00fddaj\u016fm, co\u017e je zlo\u010din. Proto nemohou dovolit, aby m\u00edr a diplomacie usp\u011bly, proto\u017ee by to bylo p\u0159izn\u00e1n\u00ed jejich zlo\u010dinn\u00e9ho v\u00e1le\u010dn\u00e9ho \u0161tvan\u00ed.<\/span><\/p>\n<p><span dir=\"auto\">Ale jejich cesta vede do propasti.<\/span><\/p>\n<\/div>\n<\/div>\n<div class=\"elementor-element elementor-element-8c57238 quelle dc-has-condition dc-condition-empty elementor-widget elementor-widget-heading\" data-id=\"8c57238\" data-element_type=\"widget\" data-widget_type=\"heading.default\">\n<div class=\"elementor-widget-container\">\n<h3 class=\"elementor-heading-title elementor-size-default\"><span style=\"font-size: 10pt;\"><a href=\"https:\/\/strategic-culture.su\/news\/2025\/10\/17\/five-years-until-war-with-russia-eu-already-at-war\/\" target=\"_blank\" rel=\"nofollow noopener\"><span dir=\"auto\">Zdroj<\/span><\/a><\/span><\/h3>\n<p>&nbsp;<\/p>\n<\/div>\n<\/div>\n","protected":false},"excerpt":{"rendered":"<p>Rusofobn\u00ed evropsk\u00e9 elity se sna\u017e\u00ed zahnat kontinent do v\u00e1lky. Evropsk\u00e1 unie, kter\u00e1 m\u00e1 27 st\u00e1t\u016f,&#8230;<\/p>\n","protected":false},"author":2,"featured_media":90348,"comment_status":"closed","ping_status":"closed","sticky":false,"template":"","format":"standard","meta":[],"categories":[7],"tags":[41,22,114,40],"_links":{"self":[{"href":"https:\/\/www.infokuryr.cz\/n\/wp-json\/wp\/v2\/posts\/90347"}],"collection":[{"href":"https:\/\/www.infokuryr.cz\/n\/wp-json\/wp\/v2\/posts"}],"about":[{"href":"https:\/\/www.infokuryr.cz\/n\/wp-json\/wp\/v2\/types\/post"}],"author":[{"embeddable":true,"href":"https:\/\/www.infokuryr.cz\/n\/wp-json\/wp\/v2\/users\/2"}],"replies":[{"embeddable":true,"href":"https:\/\/www.infokuryr.cz\/n\/wp-json\/wp\/v2\/comments?post=90347"}],"version-history":[{"count":0,"href":"https:\/\/www.infokuryr.cz\/n\/wp-json\/wp\/v2\/posts\/90347\/revisions"}],"wp:featuredmedia":[{"embeddable":true,"href":"https:\/\/www.infokuryr.cz\/n\/wp-json\/wp\/v2\/media\/90348"}],"wp:attachment":[{"href":"https:\/\/www.infokuryr.cz\/n\/wp-json\/wp\/v2\/media?parent=90347"}],"wp:term":[{"taxonomy":"category","embeddable":true,"href":"https:\/\/www.infokuryr.cz\/n\/wp-json\/wp\/v2\/categories?post=90347"},{"taxonomy":"post_tag","embeddable":true,"href":"https:\/\/www.infokuryr.cz\/n\/wp-json\/wp\/v2\/tags?post=90347"}],"curies":[{"name":"wp","href":"https:\/\/api.w.org\/{rel}","templated":true}]}}