{"id":90345,"date":"2025-10-22T00:25:06","date_gmt":"2025-10-21T22:25:06","guid":{"rendered":"https:\/\/www.infokuryr.cz\/n\/?p=90345"},"modified":"2025-10-21T12:45:35","modified_gmt":"2025-10-21T10:45:35","slug":"miroslav-kelnar-nebudeme-mlcet-ke-sjezdu-sudetaku-v-cr","status":"publish","type":"post","link":"https:\/\/www.infokuryr.cz\/n\/2025\/10\/22\/miroslav-kelnar-nebudeme-mlcet-ke-sjezdu-sudetaku-v-cr\/","title":{"rendered":"Miroslav Kelnar: Nebudeme ml\u010det ke sjezdu sude\u0165\u00e1k\u016f v \u010cR"},"content":{"rendered":"<div id=\"fb-root\"><\/div>\n<p align=\"justify\">Jak vstoupilo ve ve\u0159ejnou zn\u00e1most, n\u011bjak\u00e1 brn\u011bnsk\u00e1 organizace Meeting Brno pozvala na p\u0159\u00ed\u0161t\u00ed rok\u00a0<em>Sudeton\u011bmeck\u00e9 krajansk\u00e9 sdru\u017een\u00ed<\/em>\u00a0(SDL), aby si zde v\u00a0Brn\u011b uspo\u0159\u00e1dali sjezd t\u011bch r\u016fzn\u00fdch potomk\u016f sudetsk\u00fdch kraj\u00e1nk\u016f, kte\u0159\u00ed byli vys\u00eddleni po 2. sv\u011btov\u00e9 v\u00e1lce z\u00a0\u010ceskoslovenska.<\/p>\n<p align=\"justify\">A hned dod\u00e1m, vys\u00eddleni po pr\u00e1vu, to znamen\u00e1 v souladu s dohodou v\u00edt\u011bzn\u00fdch velmoci, kter\u00e9 ve 2. sv\u011btov\u00e9 v\u00e1lce roz\u0161lapaly sny N\u011bmc\u016f po sv\u011btovl\u00e1d\u011b, kdy na tyto jejich sny m\u011bla n\u011bkter\u00e1 etnika doplatit sv\u00fdm vyhuben\u00edm. A sude\u0165\u00e1ck\u00e9 vzpom\u00edn\u00e1n\u00ed na to, jak m\u00e1lo tenkr\u00e1t chyb\u011blo, aby os\u00eddlen\u00ed slovansk\u00fdch \u010cech\u016f zde ve st\u0159edn\u00ed Evrop\u011b skon\u010dilo, jim m\u00e1 b\u00fdt tentokr\u00e1te umo\u017en\u011bno p\u0159\u00edmov l\u016fn\u011b zem\u011b, kterou tenkr\u00e1t m\u011bli v pl\u00e1nu, jak se dnes modern\u011b \u0159\u00edk\u00e1, etnicky vy\u010distit.<\/p>\n<p align=\"justify\">\u017d\u00e1dn\u00fd \u010desk\u00fd vlastenec by nem\u011bl z\u016fstat nete\u010dn\u00fd k t\u011bmto zr\u00e1dn\u00fdm aktivit\u00e1m a ka\u017ed\u00fd by se m\u011bl postavit proti tomuto m\u00edtinku sude\u0165\u00e1k\u016f v Brn\u011b s plnou vervou, proto\u017ee\u00a0<strong>sude\u0165\u00e1ck\u00e9 po\u017eadavky se nemohou st\u00e1t t\u00e9matem, o kter\u00e9m by na\u0161e zem\u011b m\u011bla b\u00fdt ochotna licitovat a ustupovat jim, a to ani o jeden centimetr<\/strong>. Nelze d\u00e1vat v\u0161anc platnost Bene\u0161ov\u00fdch dekret\u016f, kter\u00e9 jsou neodd\u011blitelnou sou\u010d\u00e1st\u00ed \u010desk\u00e9 jurisdikce a tak\u00e9 jako jej\u00ed sou\u010d\u00e1st z\u016fstanou nav\u017edy.<\/p>\n<p align=\"justify\">Nelze p\u0159ipustit, jako v\u00a0t\u00e9 poh\u00e1dce o Jezink\u00e1ch a Budul\u00ednku, aby se Sude\u0165\u00e1k\u016fm poda\u0159ilo vsunout zde do dve\u0159\u00ed n\u011bjak\u00fd ten prst\u00edk, proto\u017ee by to dopadlo p\u0159esn\u011b jako v\u00a0t\u00e9 poh\u00e1dce o Jezink\u00e1ch. Ono by samoz\u0159ejm\u011b nez\u016fstalo jen u toho jednoho prst\u00edku, to p\u0159ece ka\u017ed\u00fd v\u00edme. A jde zde o hodn\u011b, to snad ka\u017ed\u00fd z\u00a0n\u00e1s ch\u00e1pe.<\/p>\n<p align=\"justify\">Cel\u00e1 tato sou\u010dasn\u00e1 peripetie l\u00eds\u00e1n\u00ed se k\u00a0na\u0161im d\u0159\u00edv\u011bj\u0161\u00edm n\u011bmeck\u00fdm spoluob\u010dan\u016fm a podb\u00edzen\u00ed se jim za\u010dala t\u00edm, \u017ee byl V\u00e1clav Havel a jeho pobratimov\u00e9 ochotni br\u00e1t od t\u011bchto r\u00e1doby na\u0161ich kraj\u00e1nk\u016f pen\u00edze na svoji tzv. disidentskou \u010dinnost. A tento \u201edluh\u201c Havlist\u016f za tyto pen\u00edze z\u00a0krajansk\u00fdch spolk\u016f zde st\u00e1le existuje a nen\u00ed zapomenut.<\/p>\n<p align=\"justify\">Nelze nevid\u011bt to nebezpe\u010d\u00ed, \u017ee za p\u0159\u00edhodn\u00e9 sestavy v\u00a0Parlamentu a p\u0159\u00edhodn\u00e9 sestavy \u010desk\u00e9 vl\u00e1dy by mohlo doj\u00edt k\u00a0pr\u016flomu, kdy by se zru\u0161ila platnost Bene\u0161ov\u00fdch pov\u00e1le\u010dn\u00fdch dekret\u016f a pak u\u017e by bylo otev\u0159eno pole pro r\u016fzn\u00e9 mezin\u00e1rodn\u00ed soudy, aby v\u00a0prvn\u00edm kole p\u0159iznali pr\u00e1vo na vr\u00e1cen\u00ed majetku \u010desk\u00e9 a n\u011bmeck\u00e9 kolaborantsk\u00e9 \u0161lecht\u011b, a ve druh\u00e9m kole by pak do\u0161lo na n\u00e1hrady \u0161kod pro sude\u0165\u00e1ky. Je\u0161t\u011b jsme snad nezapomn\u011bli, jak to bylo s\u00a0c\u00edrkevn\u00edmi restitucemi zde, ne\u017e jsme se tu rozkoukali, c\u00edrkevn\u00ed restituce byly schv\u00e1leny v\u00a0Parlamentu.<\/p>\n<p align=\"justify\">N\u011bkter\u00e9 \u010desk\u00e9 vlasteneck\u00e9 organizace a \u010de\u0161t\u00ed patrioti necht\u011bj\u00ed z\u016fstat ne\u010din\u00ed k tomuto r\u00fdsuj\u00edc\u00edmu se nebezpe\u010d\u00ed, p\u0159ilo\u017eili ruku k d\u00edlu a organizuj\u00ed protestn\u00ed demonstrace, aby byl jednotn\u011b vysl\u00e1n vzkaz sude\u0165\u00e1k\u016fm, \u017ee jejich sjezdy SDL jsou tu nev\u00edtanou z\u00e1le\u017eitost\u00ed.<\/p>\n<p align=\"justify\">V podstat\u011b prvn\u00ed protestn\u00ed shrom\u00e1\u017ed\u011bn\u00ed se ji\u017e uskute\u010dnilo dne 30. 9. 2025 v r\u00e1mci m\u00edtinku na p\u0159ipomenut\u00ed hanebn\u00e9 Mnichovsk\u00e9 smlouvy a tento m\u00edtink byl po\u0159\u00e1d\u00e1n organizac\u00ed\u00a0<em>Ne z\u00e1kladn\u00e1m<\/em>\u00a0na V\u00e1clavsk\u00e9m n\u00e1m\u011bst\u00ed, kde toto t\u00e9ma \u2013 sjezd sude\u0165\u00e1k\u016f v Brn\u011b \u2013 bylo tak\u00e9 zm\u00edn\u011bno na m\u00edtinku. Aktivn\u00ed roli v t\u011bchto protestech proti uspo\u0159\u00e1d\u00e1n\u00ed sjezdu sude\u0165\u00e1k\u016f v \u010cR je p\u0159ipravena sehr\u00e1t organizace\u00a0<em>Klub \u010desk\u00e9ho pohrani\u010d\u00ed<\/em>, kter\u00e1 po\u0159\u00e1d\u00e1 dne 25. 10. 2025 ve 14 hodin shrom\u00e1\u017ed\u011bn\u00ed v Praze i v Brn\u011b.<\/p>\n<p align=\"justify\"><img decoding=\"async\" loading=\"lazy\" class=\"entered litespeed-loaded aligncenter\" src=\"https:\/\/narodnidemokracie.cz\/wp-content\/uploads\/2025\/10\/Bez-nazvu.jpg\" alt=\"\" width=\"730\" height=\"411\" data-lazyloaded=\"1\" data-src=\"https:\/\/narodnidemokracie.cz\/wp-content\/uploads\/2025\/10\/Bez-nazvu.jpg\" data-ll-status=\"loaded\" \/><\/p>\n<p align=\"justify\"><img decoding=\"async\" loading=\"lazy\" class=\"entered litespeed-loaded aligncenter\" src=\"https:\/\/narodnidemokracie.cz\/wp-content\/uploads\/2025\/10\/letak-LIC-SHROMAZDENI-25.10.2025.jpg\" alt=\"\" width=\"729\" height=\"410\" data-lazyloaded=\"1\" data-src=\"https:\/\/narodnidemokracie.cz\/wp-content\/uploads\/2025\/10\/letak-LIC-SHROMAZDENI-25.10.2025.jpg\" data-ll-status=\"loaded\" \/><\/p>\n<p align=\"justify\">Jako m\u016fj p\u0159\u00edsp\u011bvek do diskuse na tomto shrom\u00e1\u017ed\u011bn\u00ed chci vzpomenout moji cestu vlakem p\u0159ed 4 roky, kdy jsem se potkal a komunikoval ve vlakov\u00e9m kup\u00e9 s\u00a0jednou p\u0159\u00edslu\u0161nic\u00ed sudetsk\u00e9 men\u0161iny poch\u00e1zej\u00edc\u00ed n\u011bkde ze Slezska, kter\u00e1 tu v\u00a0tehdej\u0161\u00edm \u010ceskoslovensku pro\u017eila v\u00e1lku. Moje dojmy, kter\u00e9 jsem z\u00edskal touto, \u0159ekl bych, ne nep\u0159\u00e1telskou komunikac\u00ed, bych tu r\u00e1d sd\u011blil ostatn\u00edm. V\u017edy\u0165 potkat pam\u011btn\u00edka v\u00e1le\u010dn\u00fdch let dnes, to je u\u017e p\u0159ece jen vz\u00e1cnost.<\/p>\n<p align=\"justify\">N\u00e1zor n\u00e1s \u010cech\u016f na obdob\u00ed p\u0159ed a v\u00a0dob\u011b 2. sv\u011btov\u00e9 v\u00e1lky je jednozna\u010dn\u00fd,\u00a0<strong>sude\u0165\u00e1ci se dopustili zrady proti zemi a n\u00e1rodu, kter\u00fd je v\u00a0dobr\u00e9 v\u00ed\u0159e kdysi za \u010desk\u00fdch kr\u00e1l\u016f pozval na sv\u00e9 \u00fazem\u00ed, a oni se p\u0159idali na stranu t\u011bch, co n\u00e1\u0161 n\u00e1rod cht\u011bli ze st\u0159edoevropsk\u00e9ho prostoru nejen vyhnat, oni n\u00e1s cht\u011bli vyhubit.<\/strong>\u00a0Je zn\u00e1m ten t\u0159etinov\u00fd vzorec, kter\u00fd m\u011bl b\u00fdt uplatn\u011bn na \u010desk\u00fd n\u00e1rod po v\u00edt\u011bzstv\u00ed Wehrmachtu na v\u00fdchodn\u00ed front\u011b: t\u0159etinu pon\u011bm\u010dit, t\u0159etinu vyhubit a t\u0159etinu vyst\u011bhovat.<\/p>\n<p align=\"justify\">Je ale zajist\u00e9 vrcholn\u011b zaj\u00edmav\u00e9, sly\u0161et n\u00e1zor jednoho p\u0159\u00edslu\u0161n\u00edka z\u00a0t\u00e9 n\u011bmeck\u00e9 minority, kter\u00e1 se tehdy ve velk\u00e9 v\u011bt\u0161in\u011b proti na\u0161\u00ed republice postavila, jak\u00fdm zp\u016fsobem to oni sude\u0165\u00e1ci dnes vn\u00edmaj\u00ed, co se stalo v\u00a0\u010desk\u00e9m pohrani\u010d\u00ed p\u0159ed a za 2. sv\u011btov\u00e9 v\u00e1lky. Ta nejzaj\u00edmav\u011bj\u0161\u00ed ot\u00e1zka na cel\u00e9m tomto t\u00e9matu je samoz\u0159ejm\u011b, zdali sude\u0165\u00e1ci p\u0159izn\u00e1vaj\u00ed n\u011bjakou tu svoji vinu za rozdm\u00fdch\u00e1n\u00ed 2. sv\u011btov\u00e9 v\u00e1lky a nebo nep\u0159izn\u00e1vaj\u00ed.<\/p>\n<p align=\"justify\">Nikdy jsem se p\u0159edt\u00edm nesetkal s \u017e\u00e1dn\u00fdm sudetsk\u00fdm N\u011bmcem a jen upozor\u0148uji na to, \u017ee ta d\u00e1ma v vlaku byla N\u011bmka, kter\u00e1 tu mohla po v\u00e1lce z\u016fstat, tak\u017ee ona ur\u010dit\u011b nepat\u0159ila k \u017e\u00e1dn\u00e9 t\u00e9 fanatick\u00e9 sude\u0165\u00e1ck\u00e9 minorit\u011b, kter\u00e1 terorizovala \u010cechy p\u0159ed vznikem 2. sv\u011btov\u00e9 v\u00e1lky. J\u00e1 tu d\u00e1mu nezatracuji, ona mohla poch\u00e1zet dokonce i z rodiny soci\u00e1ln\u00edch demokrat\u016f, kte\u0159\u00ed tenkr\u00e1t mohli m\u00edt odvahu a nevolit Henleinovce ve volb\u00e1ch v konci 30. let minul\u00e9ho stolet\u00ed.<\/p>\n<p align=\"justify\">Ten n\u00e1\u0161 vz\u00e1jemn\u00fd rozhovor za\u010dal nevinn\u011b, a to t\u00edm, \u017ee jsem se na trase Choce\u0148 \u2013 \u010cesk\u00e1 T\u0159ebov\u00e1 dal do \u0159e\u010di s jedn\u00edm cestuj\u00edc\u00edm v kup\u00e9, kdy jsem zm\u00ednil, \u017ee poch\u00e1z\u00edm z\u00a0 regionu Moravsk\u00e1 T\u0159ebov\u00e1, \u017ee jsem se v tomto m\u011bst\u011b narodil a te\u010f \u017ee tam bydl\u00ed m\u016fj syn, kter\u00e9ho jedu nav\u0161t\u00edvit. Vzpomn\u011bl jsem na to, \u017ee je to m\u011bsto, kde moji p\u0159edkov\u00e9 za\u017eili velk\u00e9 trauma, kdy\u017e je odtud v roce 1938 hnali sudet\u0161t\u00ed N\u011bmci kameny a st\u0159elbou do vzduchu. Ve chv\u00edli, kdy jsem pak vy\u0159knul slovo \u201eSkop\u010d\u00e1ci\u201c, tak se ozvala u okna sed\u00edc\u00ed vetch\u00e1 sta\u0159enka, mohlo j\u00ed b\u00fdt tak 90 let, mo\u017en\u00e1 je\u0161t\u011b v\u00edce, a jak se uk\u00e1zalo, byla to N\u011bmka z b\u00fdval\u00fdch Sudet n\u011bkde ze Slezska, a tak n\u011bjak do\u0161lo mezi n\u00e1mi k hovoru.<\/p>\n<p align=\"justify\">Mus\u00edm znovu \u0159\u00edci, \u017ee ten hovor mezi n\u00e1mi nebyl nep\u0159\u00e1telsk\u00fd. Ta d\u00e1ma n\u011bkolikr\u00e1t opakovala, \u017ee to si nikdo z n\u00e1s nedovede p\u0159edstavit, co ti jejich kluci zkusili u Stalingradu, jak\u00e1 zima tam byla a kolik jich tam pr\u00fd z\u016fstalo. Ona jednozna\u010dn\u011b prohl\u00e1sila p\u0159i na\u0161em hovoru, \u017ee v\u0161echny jejich kluky pr\u00fd obl\u00e9kli do SS uniforem, v\u0161echny \u017ee je poslali ke Stalingradu a \u017ee jich tam spousta z\u016fstala.<\/p>\n<p align=\"justify\">Ta n\u011bmeck\u00e1 d\u00e1ma v podstat\u011b p\u0159i hovoru vyj\u00e1d\u0159ila n\u00e1zor, \u017ee oni jako N\u011bmci p\u0159ece trp\u011bli za v\u00e1lky stejn\u011b jako my, a \u017ee na tom byli je\u0161t\u011b h\u016f\u0159e ne\u017e my, proto\u017ee ti jejich kluci museli j\u00edt bojovat v SS uniform\u011b ke Stalingradu. S t\u00edm se d\u00e1 souhlasit jen do t\u00e9 m\u00edry, ne\u017e za\u010dne \u010dlov\u011bk dom\u00fd\u0161let, co by se s n\u00e1mi \u010cechy stalo, kdyby tenkr\u00e1t Rud\u00e1 arm\u00e1da ten boj u Stalingradu nevyhr\u00e1la. A \u010dlov\u011bku tak\u00e9 p\u0159ijde na mysl, \u017ee p\u0159ece SS byla v\u00fdb\u011brov\u00e1 organizace, tam jen tak ka\u017ed\u00e9ho nebrali, tam brali jen ty skute\u010dn\u011b kovan\u00e9 nacisty. Jestli se ale v N\u011bmecku automaticky p\u0159edpokl\u00e1dalo, \u017ee kdy\u017e je to N\u011bmec ze Sudet, \u017ee n\u00e1s Slovany bude ji\u017e z principu nen\u00e1vid\u011bt, a tak ty jejich kluky ze Slezska hned \u0161oupli do SS diviz\u00ed a hned s nimi na v\u00fdchod bojovat proti Slovan\u016fm, to by bylo vysv\u011btlen\u00ed.<\/p>\n<p align=\"justify\">Pak je\u0161t\u011b p\u0159ijde na mysl, \u017ee ta 6. arm\u00e1da, co bojovala u Stalingradu, \u017ee to byla elita n\u011bmeck\u00fdch elit. Ke Stalingradu Hitler nepos\u00edlal takov\u00e9 ty voj\u00e1ky, co tu v\u00e1lku jen tak lechtali a cht\u011bli ji ve zdrav\u00ed p\u0159e\u017e\u00edt.<\/p>\n<p align=\"justify\">Tak\u017ee tato p\u0159edstava t\u00e9 sta\u0159enky tro\u0161ku nelad\u00ed s\u00a0t\u00edm, co \u010dlov\u011bk o 2. sv\u011btov\u00e9 v\u00e1lce v\u00ed. To, s\u00a0jakou samoz\u0159ejmost\u00ed ta doty\u010dn\u00e1 sta\u0159enka p\u0159iznala, \u017ee ti jejich kluci bojovali u Stalingradu, to v\u00a0\u010dlov\u011bku bud\u00ed velk\u00fd otazn\u00edk. Norm\u00e1ln\u011b by se za to \u010dlov\u011bk v\u00a0\u010cR \u017eij\u00edc\u00ed m\u011bl styd\u011bt, \u017ee jeho p\u0159\u00edbuzn\u00ed a zn\u00e1m\u00ed bojovali za Hitlera u Stalingradu, a ta babi\u010dka to p\u0159iznala bez jak\u00e9hokoliv uzard\u011bn\u00ed. Co v\u00a0tom je? Sm\u011b\u0159ujeme snad ji\u017e k\u00a0dob\u011b, kdy budou lid\u00e9 zde py\u0161n\u00ed, \u017ee jejich p\u0159edci bojovali v\u00a0SS diviz\u00edch za druh\u00e9 sv\u011btov\u00e9 v\u00e1lky na v\u00fdchodn\u00ed front\u011b?<\/p>\n<p align=\"justify\">J\u00e1 v tom vid\u00edm jeden znak, a to, \u017ee si ti sudet\u0161t\u00ed N\u011bmci ve sv\u00e9 komunit\u011b vytvo\u0159ili takovou tu hezkou poh\u00e1dku, \u017ee oni byli tak\u00e9 vlastn\u011b ob\u011bt\u00ed Hitlerovy v\u00e1lky stejn\u011b jako my a \u017ee pak byli je\u0161t\u011b potrest\u00e1ni podruh\u00e9, a to, kdy\u017e jsme je \u2013 nevinn\u00e9 ob\u011bti v\u00e1lky \u2013 vyhnali z jejich domoviny. Pro sudetsk\u00e9 ucho se to jist\u011b hezky poslouch\u00e1, ale z na\u0161eho pohledu to m\u00e1 jednu vadu, nen\u00ed v tom ani tro\u0161ku sebereflexe za to, \u017ee oni byli ti, kte\u0159\u00ed otev\u0159eli ta stavidla ke Druh\u00e9 sv\u011btov\u00e9 v\u00e1lce.\u00a0<strong>A proto se nikdy se Sude\u0165\u00e1ky nem\u016f\u017eeme ujednotit na tomto t\u00e9matu, oni toti\u017e nemaj\u00ed v sob\u011b ani kouska pocitu viny.<\/strong><\/p>\n<p align=\"justify\">Sta\u010d\u00ed tak\u00e9 p\u0159ipomenout, \u017ee N\u011bmci s\u00a0Raku\u0161\u00e1ky postr\u00e1dali ten pocit viny ji\u017e za vyvol\u00e1n\u00ed Prvn\u00ed sv\u011btov\u00e9 v\u00e1lky. V\u017edy\u0165 r\u016fst popularity fa\u0161ismu v\u00a0N\u011bmecku je dnes ofici\u00e1ln\u011b vysv\u011btlov\u00e1n t\u00edm, \u017ee se N\u011bmc\u016fm zd\u00e1li v\u00e1le\u010dn\u00e9 reparace ud\u011blen\u00e9 v\u00edt\u011bzn\u00fdmi mocnostmi na m\u00edrov\u00e9 konferenci v\u00a0Pa\u0159\u00ed\u017ei v\u00a0roce 1920 jako nespravedliv\u00e9. U\u017e zde jsme vid\u011bli nedostatek sebereflexe.<\/p>\n<p align=\"justify\">N\u011bmci nebyli potrest\u00e1n\u00ed za to, \u017ee prohr\u00e1li v\u00e1lku, ale za \u0161kody, kter\u00e9 zp\u016fsobili svoj\u00ed agres\u00ed napaden\u00fdm zem\u00edm, i za ty mrtv\u00e9 a beznoh\u00e9 voj\u00e1ky, kter\u00e9 vyprodukovala jimi za\u010dat\u00e1 v\u00e1lka.<\/p>\n<p align=\"justify\">A to je\u0161t\u011b mus\u00edm poznamenat k\u00a0t\u00e9 d\u00e1m\u011b, co jsem potkal ve vlaku, \u017ee to byla pros\u00edm osoba, kter\u00e1 zde nep\u0159i\u0161la o nic, mohla tu z\u016fstat a nikdo j\u00ed majetek nesebral, proto jsem od n\u00ed nec\u00edtil ani n\u00e1znak \u0161patn\u00e9ho vztahu ke mn\u011b.\u00a0<strong>P\u0159edstavte si ale, jak n\u00e1s asi vid\u00ed ti odsunut\u00ed sude\u0165\u00e1ci z\u00a0Bavorska. Na jedn\u00e9 stran\u011b poh\u00e1dka o tom, \u201emy nic, my muzikanti\u201c, a k tomu ten jed na du\u0161i, \u017ee museli z\u00a0na\u0161eho \u00fazem\u00ed odej\u00edt a zanechat zde sv\u016fj majetek<\/strong>. A to n\u00e1m tu chce n\u011bkdo dnes pov\u00eddat poh\u00e1dky o n\u011bjak\u00e9m usm\u00ed\u0159en\u00ed? Kdo t\u011bm N\u011bmc\u016fm m\u016f\u017ee odpustit? Odpustit by jim mohli ti lid\u00e9 z\u00a0vyvra\u017ed\u011bn\u00fdch Lidic a t\u011bch 82 d\u011bt\u00ed z\u00a0Lidic, kter\u00e9 SS udusila v\u00a0plynovac\u00edch autech v\u00a0koncentr\u00e1ku Chelmno. Ale ti jsou ji\u017e po smrti, a my zde \u017eij\u00edc\u00ed \u017e\u00e1dn\u00e9 pr\u00e1vo na odpou\u0161t\u011bn\u00ed, a nebo, jak se tomu manipulativn\u011b dnes \u0159\u00edk\u00e1, na vyrovn\u00e1n\u00ed se s\u00a0minulost\u00ed, nem\u00e1me.<\/p>\n<p align=\"justify\">A v\u00edte, jak ten n\u00e1\u0161 rozhovor v\u00a0kup\u00e9 skon\u010dil? \u017de mi jedna \u010ce\u0161ka v\u00a0tom na\u0161em kup\u00e9 pak vynadala, \u017ee se o takov\u00fdchto t\u00e9matech nem\u00e1m bavit, kdy\u017e nev\u00edm, kdo se mnou v\u00a0kup\u00e9 sed\u00ed. Tak\u017ee pozor, pokud t\u0159eba n\u011bkoho z\u00a0va\u0161ich p\u0159edk\u016f uml\u00e1tili v\u00a0Pe\u010dk\u00e1rn\u011b, tak o tom ve vlaku nemluvte, mohl by tam sed\u011bt potomek t\u011bch, co tenkr\u00e1t v\u00a0t\u00e9 Pe\u010dk\u00e1rn\u011b d\u011blali \u201esvoji pr\u00e1ci\u201c a mohli byste ho t\u00edm urazit.<\/p>\n<p align=\"justify\">Dovol\u00edm si na z\u00e1v\u011br pozvat v\u0161echny \u010dten\u00e1\u0159e k\u00a0hojn\u00e9 \u00fa\u010dasti na t\u00e9to protestn\u00ed demonstraci proti sjezdu sude\u0165\u00e1k\u016f v\u00a0Brn\u011b.<\/p>\n<p align=\"justify\"><em><a href=\"https:\/\/narodnidemokracie.cz\/ing-miroslav-kelnar-nebudeme-mlcet-ke-sjezdu-sudetaku-v-cr\/\">Ing. Miroslav Kelnar<\/a>, \u010dlen N\u00e1rodn\u00ed demokracie<\/em><\/p>\n<p align=\"justify\"><img decoding=\"async\" loading=\"lazy\" class=\"alignnone size-full wp-image-87632\" src=\"http:\/\/www.infokuryr.cz\/n\/wp-content\/uploads\/2025\/09\/kelnar.jpg\" alt=\"\" width=\"200\" height=\"259\" \/><\/p>\n<p align=\"justify\">\n","protected":false},"excerpt":{"rendered":"<p>Jak vstoupilo ve ve\u0159ejnou zn\u00e1most, n\u011bjak\u00e1 brn\u011bnsk\u00e1 organizace Meeting Brno pozvala na p\u0159\u00ed\u0161t\u00ed rok\u00a0Sudeton\u011bmeck\u00e9 krajansk\u00e9&#8230;<\/p>\n","protected":false},"author":2,"featured_media":90346,"comment_status":"closed","ping_status":"closed","sticky":false,"template":"","format":"standard","meta":[],"categories":[6],"tags":[336,1503,2886,7378],"_links":{"self":[{"href":"https:\/\/www.infokuryr.cz\/n\/wp-json\/wp\/v2\/posts\/90345"}],"collection":[{"href":"https:\/\/www.infokuryr.cz\/n\/wp-json\/wp\/v2\/posts"}],"about":[{"href":"https:\/\/www.infokuryr.cz\/n\/wp-json\/wp\/v2\/types\/post"}],"author":[{"embeddable":true,"href":"https:\/\/www.infokuryr.cz\/n\/wp-json\/wp\/v2\/users\/2"}],"replies":[{"embeddable":true,"href":"https:\/\/www.infokuryr.cz\/n\/wp-json\/wp\/v2\/comments?post=90345"}],"version-history":[{"count":0,"href":"https:\/\/www.infokuryr.cz\/n\/wp-json\/wp\/v2\/posts\/90345\/revisions"}],"wp:featuredmedia":[{"embeddable":true,"href":"https:\/\/www.infokuryr.cz\/n\/wp-json\/wp\/v2\/media\/90346"}],"wp:attachment":[{"href":"https:\/\/www.infokuryr.cz\/n\/wp-json\/wp\/v2\/media?parent=90345"}],"wp:term":[{"taxonomy":"category","embeddable":true,"href":"https:\/\/www.infokuryr.cz\/n\/wp-json\/wp\/v2\/categories?post=90345"},{"taxonomy":"post_tag","embeddable":true,"href":"https:\/\/www.infokuryr.cz\/n\/wp-json\/wp\/v2\/tags?post=90345"}],"curies":[{"name":"wp","href":"https:\/\/api.w.org\/{rel}","templated":true}]}}