{"id":90342,"date":"2025-10-22T00:19:40","date_gmt":"2025-10-21T22:19:40","guid":{"rendered":"https:\/\/www.infokuryr.cz\/n\/?p=90342"},"modified":"2025-10-21T12:36:28","modified_gmt":"2025-10-21T10:36:28","slug":"cestou-necestou-s-filipem-turkem-a-liskou-v-zadech","status":"publish","type":"post","link":"https:\/\/www.infokuryr.cz\/n\/2025\/10\/22\/cestou-necestou-s-filipem-turkem-a-liskou-v-zadech\/","title":{"rendered":"Cestou necestou s Filipem Turkem a Li\u0161kou v z\u00e1dech"},"content":{"rendered":"<div id=\"fb-root\"><\/div>\n<p>Den\u00edk N provedl odhalen\u00ed rasistick\u00fdch a jin\u00fdch ukrutn\u011b zl\u00fdch p\u0159\u00edsp\u011bvk\u016f z\u00a0minulosti Filipa Turka na Facebooku. Takov\u00e1 nep\u011bkn\u00e1 v\u011bc u \u010dlov\u011bka, kter\u00fd by se m\u011bl st\u00e1t ministrem. R\u00e1zem zmizely v\u0161echny kampeli\u010dky, dozimetry i bitcoiny a m\u00e1me tu T\u00e9ma.<\/p>\n<p>Autorka \u010dl\u00e1nku Zdislava Pokorn\u00e1 nejprve sv\u00e9 tvrzen\u00ed zalo\u017eila na tom, \u017ee smazan\u00e9 p\u0159\u00edsp\u011bvky vid\u011bli lidi, kter\u00fdm d\u016fv\u011b\u0159uje. Pozd\u011bji tak\u00e9 do\u0161lo ke zve\u0159ejn\u011bn\u00e9 screenshot\u016f kontroverzn\u00edch p\u0159\u00edsp\u011bvk\u016f.<\/p>\n<p>\u0160koda, \u017ee \u201etito lidi\u201c u\u017e d\u0159\u00edve neupozornili na p\u0159\u00edsp\u011bvek ministra Lipavsk\u00e9ho, kter\u00fd citoval Lenina ohledn\u011b provazu, na kter\u00e9m budou v\u011b\u0161et kapitalisty. Milo\u0161 Zeman by si tehdy mohl uleh\u010dit lap\u00e1lie s\u00a0jeho jmenov\u00e1n\u00edm.<\/p>\n<p>P\u0159edpokl\u00e1d\u00e1m, \u017ee \u201en\u011bjak\u00e9 lidi\u201c n\u00e1m pan\u00ed Pokorn\u00e1 prozradit nem\u016f\u017ee, proto\u017ee\u2026zdroje! Pak jsou tu screenshoty. Jenom\u017ee ty se zrovna moc nepo\u010d\u00edtaj\u00ed. P\u0159\u00edpadn\u00e9 manipulace nen\u00ed toti\u017e mo\u017en\u00e9 b\u011b\u017en\u00fdmi metodami rozeznat. Sta\u010d\u00ed si ve sv\u00e9m prohl\u00ed\u017ee\u010di upravit obsah n\u011bjak\u00e9 internetov\u00e9 str\u00e1nky a potom ud\u011blat screenshot. \u0158e\u010deno zjednodu\u0161en\u011b, n\u00e1vod si ka\u017ed\u00fd najde na internetu.<br \/>\nCo d\u00e1l, neboli \u0159ekn\u011bme si spole\u010dn\u011b s\u00a0Janem Nerudou \u201ekam s\u00a0n\u00edm\u201c?<\/p>\n<p>Dostaneme se k\u00a0tomu v\u00a0z\u00e1v\u011bru.<\/p>\n<p>Vtipn\u011b \u0161el na v\u011bc mor\u00e1ln\u00edho postoje herec Pavel Li\u0161ka. Na videu se Filipa Turka nejprve dojemn\u011b zast\u00e1v\u00e1, aby se nakonec uk\u00e1zalo, \u017ee se jedn\u00e1 o hercovu sarkastickou etudu. V\u00a0novin\u00e1ch psali, a kdy\u017e to psali v\u00a0novin\u00e1ch mus\u00ed to b\u00fdt pravda, \u017ee p\u0159\u00edznivci Motorist\u016f to sn\u011bdli i s navij\u00e1kem, a pos\u00edlali Li\u0161kovi d\u011bkovn\u00e9 pozdravy. No, nev\u00edm, jestli v\u0161ichni stoupenci Motorist\u016f Li\u0161kovi skute\u010dn\u011b uv\u011b\u0159ili, i kdy\u017e nechci zpochyb\u0148ovat, co psali v\u00a0novin\u00e1ch. Voli\u010di (zat\u00edm) opozice, na z\u00e1klad\u011b zku\u0161enost\u00ed z\u00a0uplynul\u00fdch let, ani neo\u010dek\u00e1vaj\u00ed, \u017ee by se um\u011blci postavili na jejich stranu a riskovali tak vylou\u010den\u00ed z\u00a0kolektivu. \u010cest v\u00fdjimk\u00e1m, nebudu je jmenovat, zn\u00e1te to, polibek smrti a tak podobn\u011b. Ale jinak je Pavel Li\u0161ka fajn herec. Opravdu. Mysl\u00edm to up\u0159\u00edmn\u011b.<br \/>\nTak\u017ee p\u0159ejd\u011bme od li\u0161ky v z\u00e1dech zp\u011bt k\u00a0t\u00e9matu.<\/p>\n<p>Ohledn\u011b dohled\u00e1n\u00ed patn\u00e1ct let star\u00fdch p\u0159\u00edsp\u011bvk\u016f a pot\u00e9 smazan\u00fdch se n\u00e1zory odborn\u00edk\u016f li\u0161\u00ed. N\u011bkte\u0159\u00ed jsou toho n\u00e1zoru, \u017ee je to velmi komplikovan\u00e9 i ve spolupr\u00e1ci s\u00a0Metou, jin\u00ed \u0159\u00edkaj\u00ed, \u017ee to prost\u011b nejde. Jedin\u00e1 mo\u017enost, jak mohly b\u00fdt Turkovy kontroverzn\u00ed p\u0159\u00edsp\u011bvky uchov\u00e1ny, spo\u010d\u00edv\u00e1 v\u00a0tom, \u017ee by je n\u011bkdo musel c\u00edlen\u011b shroma\u017e\u010fovat je\u0161t\u011b p\u0159edt\u00edm, ne\u017e je politik odstranil. To je n\u00e1zor odborn\u00edka na soci\u00e1ln\u00ed m\u00e9dia a internet Daniela Do\u010dekala.<\/p>\n<p>Dok\u00e1\u017ee si n\u011bkdo p\u0159edstavit, \u017ee se na\u0161el \u201einvestigativec\u201c, kter\u00fd shroma\u017e\u010foval (p\u0159\u00edpadn\u011b si na to najal slu\u017ebu) Turkovy \u0159e\u010di na soci\u00e1lk\u00e1ch od roku 2010? \u201eInvestigativec\u201c sb\u00edral slova \u010dty\u0159iadvacetilet\u00e9ho mlad\u00edka, nebo\u0165 v\u00a0k\u0159i\u0161\u0165\u00e1lov\u00e9 kouli vid\u011bl, \u017ee objekt jeho z\u00e1jmu se jednou stane politikem za stranu, kter\u00e1 nep\u0159ij\u00edm\u00e1 v\u0161echny mainstreamov\u00e9 pravdy jako slovo bo\u017e\u00ed a bude t\u0159eba s\u00a0n\u00edm zato\u010dit.<\/p>\n<p>Filip Turek n\u011bkdy skute\u010dn\u011b prov\u00e1d\u00ed v\u011bci nepochopiteln\u00e9 (sn\u00edmek v\u00a0rychle jedouc\u00edm aut\u011b) a v\u00a0n\u011bkter\u00fdch p\u0159\u00edsp\u011bvc\u00edch si asi nevid\u011bl do \u00fast. Na druh\u00e9 stran\u011b tu m\u00e1me des\u00edtky jeho vystoupen\u00ed v\u00a0r\u016fzn\u00fdch po\u0159adech, kde Turek vystupuje s\u00a0rozvahou a argumenty, kter\u00e9 se sice nemus\u00ed zrovna v\u0161em l\u00edbit, ale rozhodn\u011b se, podle m\u00e9ho n\u00e1zoru, nedaj\u00ed negativn\u011b on\u00e1lepkovat.<\/p>\n<p>Tady si dovol\u00edm jednu ni\u010d\u00edm nepodlo\u017eenou konspiraci: \u00da\u010dinn\u00e1 dezinformace spo\u010d\u00edv\u00e1 v tom, \u017ee se namixuje 70% pravdy a zbytek jsou \u00fa\u010delov\u00e9 l\u017ei. V p\u0159\u00edpad\u011b Turka by se vzaly p\u0159\u00edsp\u011bvky sice kontroverzn\u00ed, ale nijak zvl\u00e1\u0161\u0165 kompromituj\u00edc\u00ed (70% pravdy) a doplnily by se po\u0159\u00e1dn\u00fdm n\u00e1\u0159ezem, kter\u00fd by politika vy\u0159adil z lidsk\u00e9ho rodu. Jak \u0159\u00edk\u00e1m, jen moje konspira\u010dn\u00ed teorie. Ale na stejn\u00e9 \u00farovni, jako tvrzen\u00ed pan\u00ed Pokorn\u00e9, \u017ee to \u201evid\u011bli n\u011bjac\u00ed lidi\u201c.<\/p>\n<p>Pak je tu je\u0161t\u011b jedna mo\u017enost. Na v\u0161echny screenshoty a \u00fadajn\u00e9 Turkovy v\u00fdroky nebrat z\u0159etel a nechat ho, aby si to na postu ministra odpracoval. V\u00edme, \u017ee to jde. A kde bylo m\u00edsto pro jednoho, je m\u00edsto i pro dva.<\/p>\n<p>A \u017ee by mu n\u011bkdo ve sv\u011bt\u011b nepodal ruku? Ale jd\u011bte. Kdy\u017e sv\u011btov\u00ed l\u00edd\u0159i zvl\u00e1dli pod\u00e1vat ruku syrsk\u00e9mu v\u016fdci Ahmadu \u0160arovi, kter\u00fd je tak\u00e9 zn\u00e1m pod kryc\u00edm jm\u00e9nem Ab\u00fa Muhammad al D\u017eaul\u00e1ni, zvl\u00e1dnou to i u Filipa Turka, bez kryc\u00edho jm\u00e9na.<\/p>\n<p>Kdo bude z\u00a0rod\u00edc\u00ed se vl\u00e1dy dal\u0161\u00ed na \u0159ad\u011b?<\/p>\n<p>V\u0161ichni hrajeme s\u00a0kartami, kter\u00e9 m\u00e1me k\u00a0dispozici.<\/p>\n<p><a href=\"https:\/\/dfens-cz.com\/cestou-necestou-s-filipem-turkem-a-liskou-v-zadech\/\"><em>Bororo<\/em><\/a><\/p>\n<p>&nbsp;<\/p>\n","protected":false},"excerpt":{"rendered":"<p>Den\u00edk N provedl odhalen\u00ed rasistick\u00fdch a jin\u00fdch ukrutn\u011b zl\u00fdch p\u0159\u00edsp\u011bvk\u016f z\u00a0minulosti Filipa Turka na Facebooku&#8230;.<\/p>\n","protected":false},"author":2,"featured_media":90008,"comment_status":"closed","ping_status":"closed","sticky":false,"template":"","format":"standard","meta":[],"categories":[6],"tags":[792,7147,1503],"_links":{"self":[{"href":"https:\/\/www.infokuryr.cz\/n\/wp-json\/wp\/v2\/posts\/90342"}],"collection":[{"href":"https:\/\/www.infokuryr.cz\/n\/wp-json\/wp\/v2\/posts"}],"about":[{"href":"https:\/\/www.infokuryr.cz\/n\/wp-json\/wp\/v2\/types\/post"}],"author":[{"embeddable":true,"href":"https:\/\/www.infokuryr.cz\/n\/wp-json\/wp\/v2\/users\/2"}],"replies":[{"embeddable":true,"href":"https:\/\/www.infokuryr.cz\/n\/wp-json\/wp\/v2\/comments?post=90342"}],"version-history":[{"count":0,"href":"https:\/\/www.infokuryr.cz\/n\/wp-json\/wp\/v2\/posts\/90342\/revisions"}],"wp:featuredmedia":[{"embeddable":true,"href":"https:\/\/www.infokuryr.cz\/n\/wp-json\/wp\/v2\/media\/90008"}],"wp:attachment":[{"href":"https:\/\/www.infokuryr.cz\/n\/wp-json\/wp\/v2\/media?parent=90342"}],"wp:term":[{"taxonomy":"category","embeddable":true,"href":"https:\/\/www.infokuryr.cz\/n\/wp-json\/wp\/v2\/categories?post=90342"},{"taxonomy":"post_tag","embeddable":true,"href":"https:\/\/www.infokuryr.cz\/n\/wp-json\/wp\/v2\/tags?post=90342"}],"curies":[{"name":"wp","href":"https:\/\/api.w.org\/{rel}","templated":true}]}}