{"id":90337,"date":"2025-10-22T00:13:45","date_gmt":"2025-10-21T22:13:45","guid":{"rendered":"https:\/\/www.infokuryr.cz\/n\/?p=90337"},"modified":"2025-10-21T12:24:39","modified_gmt":"2025-10-21T10:24:39","slug":"erik-best-osobni-zaruka-michala-koudelky","status":"publish","type":"post","link":"https:\/\/www.infokuryr.cz\/n\/2025\/10\/22\/erik-best-osobni-zaruka-michala-koudelky\/","title":{"rendered":"Erik Best: Osobn\u00ed z\u00e1ruka Michala Koudelky"},"content":{"rendered":"<div id=\"fb-root\"><\/div>\n<p>Poprv\u00e9 se stalo v\u0161eobecn\u011b p\u0159ijateln\u00fdm kritizovat\u00a0<a href=\"https:\/\/www.fsfinalword.cz\/?page=archive&amp;show=1&amp;day=2025-10-16\" target=\"_blank\" rel=\"noopener\">Bezpe\u010dnostn\u00ed informa\u010dn\u00ed slu\u017ebu<\/a>, podobn\u011b jako Ameri\u010dan\u00e9 b\u011b\u017en\u011b zpochyb\u0148uj\u00ed CIA. To vlastn\u011b m\u016f\u017ee b\u00fdt dosavadn\u00ed nejv\u011bt\u0161\u00ed d\u016fsledek kampan\u011b, kterou vede Den\u00edk N proti nov\u00e9mu poslanci Filipu Turkovi z\u00a0Motorist\u016f.<\/p>\n<p>Neexistuj\u00ed \u017e\u00e1dn\u00e9 d\u016fkazy o\u00a0tom, \u017ee by BIS jak\u00fdmkoliv zp\u016fsobem \u017eurnalistce\u00a0<a href=\"https:\/\/www.fsfinalword.cz\/?page=archive&amp;day=2025-10-17\" target=\"_blank\" rel=\"noopener\">Zdislav\u011b Pokorn\u00e9<\/a>\u00a0pom\u00e1hala, ale neexistuje ani \u017e\u00e1dn\u00fd p\u00e1dn\u00fd d\u016fvod se domn\u00edvat, \u017ee tomu tak nebylo, zejm\u00e9na pot\u00e9, co\u00a0<a href=\"https:\/\/www.denik.cz\/z_domova\/prezident-petr-pavel-decin-nova-vlada-tajne-sluzby-kdo-je-hrozba-pro-cesko.html\" target=\"_blank\" rel=\"noopener\">prezident Petr Pavel<\/a>\u00a0otev\u0159en\u011b hovo\u0159il o\u00a0roli, kterou budou zpravodajsk\u00e9 slu\u017eby hr\u00e1t p\u0159i prov\u011b\u0159ov\u00e1n\u00ed kandid\u00e1t\u016f na \u010dleny vl\u00e1dy.<\/p>\n<p>Pokorn\u00e1 v\u00a0<a href=\"https:\/\/denikn.cz\/1867309\/motoriste-stoji-na-kultu-osobnosti-filipa-turka-jeho-postu-ve-vlade-se-nevzdaji-jake-moznosti-ma-andrej-babis-na-stole\/\" target=\"_blank\" rel=\"noopener\">podcastu<\/a>\u00a0uvedla, \u017ee veden\u00ed Den\u00edku N p\u0159esn\u011b v\u00ed, odkud star\u00e9 p\u0159\u00edsp\u011bvky z\u00a0Facebooku poch\u00e1zej\u00ed, a\u00a0\u017ee zdrojem nejsou ani zpravodajsk\u00e9 slu\u017eby, ani Andrej Babi\u0161. Toto kategorick\u00e9 prohl\u00e1\u0161en\u00ed v\u0161ak vyvolalo jen dal\u0161\u00ed pochybnosti.<\/p>\n<p>Jak m\u016f\u017ee n\u011bkdo v\u00a0zemi pln\u00e9 agent\u016f a\u00a0jejich \u0159\u00edd\u00edc\u00edch d\u016fstojn\u00edk\u016f s\u00a0jistotou v\u011bd\u011bt, \u017ee dan\u00fd zdroj nen\u00ed napojen na tajn\u00fd sv\u011bt? Pokud se za to ov\u0161em \u0159editel BIS Michal Koudelka nezaru\u010d\u00ed osobn\u011b.<\/p>\n<p><a href=\"https:\/\/www.fsfinalword.cz\/?page=archive&amp;day=2025-10-21&amp;utm_source=utm_source%3Dnewsletter&amp;utm_medium=utm_medium%3De-mail&amp;utm_campaign=utm_campaign%3Dfinal_word_21.10.2025\">Erik Best<\/a><\/p>\n<p><img decoding=\"async\" loading=\"lazy\" class=\"alignnone  wp-image-1179\" src=\"http:\/\/www.infokuryr.cz\/n\/wp-content\/uploads\/2021\/04\/erik-best.jpg\" alt=\"\" width=\"120\" height=\"135\" \/><\/p>\n<p>&nbsp;<\/p>\n","protected":false},"excerpt":{"rendered":"<p>Poprv\u00e9 se stalo v\u0161eobecn\u011b p\u0159ijateln\u00fdm kritizovat\u00a0Bezpe\u010dnostn\u00ed informa\u010dn\u00ed slu\u017ebu, podobn\u011b jako Ameri\u010dan\u00e9 b\u011b\u017en\u011b zpochyb\u0148uj\u00ed CIA. To&#8230;<\/p>\n","protected":false},"author":2,"featured_media":958,"comment_status":"closed","ping_status":"closed","sticky":false,"template":"","format":"standard","meta":[],"categories":[6],"tags":[146,9890,187],"_links":{"self":[{"href":"https:\/\/www.infokuryr.cz\/n\/wp-json\/wp\/v2\/posts\/90337"}],"collection":[{"href":"https:\/\/www.infokuryr.cz\/n\/wp-json\/wp\/v2\/posts"}],"about":[{"href":"https:\/\/www.infokuryr.cz\/n\/wp-json\/wp\/v2\/types\/post"}],"author":[{"embeddable":true,"href":"https:\/\/www.infokuryr.cz\/n\/wp-json\/wp\/v2\/users\/2"}],"replies":[{"embeddable":true,"href":"https:\/\/www.infokuryr.cz\/n\/wp-json\/wp\/v2\/comments?post=90337"}],"version-history":[{"count":1,"href":"https:\/\/www.infokuryr.cz\/n\/wp-json\/wp\/v2\/posts\/90337\/revisions"}],"predecessor-version":[{"id":90338,"href":"https:\/\/www.infokuryr.cz\/n\/wp-json\/wp\/v2\/posts\/90337\/revisions\/90338"}],"wp:featuredmedia":[{"embeddable":true,"href":"https:\/\/www.infokuryr.cz\/n\/wp-json\/wp\/v2\/media\/958"}],"wp:attachment":[{"href":"https:\/\/www.infokuryr.cz\/n\/wp-json\/wp\/v2\/media?parent=90337"}],"wp:term":[{"taxonomy":"category","embeddable":true,"href":"https:\/\/www.infokuryr.cz\/n\/wp-json\/wp\/v2\/categories?post=90337"},{"taxonomy":"post_tag","embeddable":true,"href":"https:\/\/www.infokuryr.cz\/n\/wp-json\/wp\/v2\/tags?post=90337"}],"curies":[{"name":"wp","href":"https:\/\/api.w.org\/{rel}","templated":true}]}}