{"id":90335,"date":"2025-10-22T00:24:00","date_gmt":"2025-10-21T22:24:00","guid":{"rendered":"https:\/\/www.infokuryr.cz\/n\/?p=90335"},"modified":"2025-10-21T12:22:27","modified_gmt":"2025-10-21T10:22:27","slug":"americky-vyslanec-varuje-ze-izrael-by-mohl-obnovit-valku-v-libanonu-protoze-utoky-zasahly-srdce-hizballahu","status":"publish","type":"post","link":"https:\/\/www.infokuryr.cz\/n\/2025\/10\/22\/americky-vyslanec-varuje-ze-izrael-by-mohl-obnovit-valku-v-libanonu-protoze-utoky-zasahly-srdce-hizballahu\/","title":{"rendered":"Americk\u00fd vyslanec varuje, \u017ee Izrael by mohl obnovit v\u00e1lku v Libanonu, proto\u017ee \u00fatoky zas\u00e1hly srdce Hizball\u00e1hu"},"content":{"rendered":"<div id=\"fb-root\"><\/div>\n<p><strong><span dir=\"auto\">Zvl\u00e1\u0161tn\u00ed vyslanec Spojen\u00fdch st\u00e1t\u016f pro S\u00fdrii Tom Barrack 20. \u0159\u00edjna varoval, \u017ee Izrael by mohl obnovit v\u00e1lku proti Libanonu, pokud se mu nepoda\u0159\u00ed odzbrojit Hizball\u00e1h, a to v\u0161e v dob\u011b, kdy srdce t\u00e9to skupiny na jihu zem\u011b zas\u00e1hla dal\u0161\u00ed vlna \u00fader\u016f.<\/span><\/strong><\/p>\n<p><span dir=\"auto\">Barrack toto varov\u00e1n\u00ed u\u010dinil v obs\u00e1hl\u00e9m \u010dl\u00e1nku s n\u00e1zorem na vyhl\u00eddky na m\u00edr na Bl\u00edzk\u00e9m v\u00fdchod\u011b, kter\u00fd zve\u0159ejnil na sv\u00e9m \u00fa\u010dtu X.<\/span><\/p>\n<p><em><span dir=\"auto\">\u201ePokud bude Bejr\u00fat nad\u00e1le v\u00e1hat, Izrael by mohl jednat jednostrann\u011b \u2013 a d\u016fsledky by byly v\u00e1\u017en\u00e9,\u201c varoval Barrack.<\/span><\/em><\/p>\n<p><em><span dir=\"auto\">\u201ePokud Bejr\u00fat nezas\u00e1hne, vojensk\u00e1 slo\u017eka Hizball\u00e1hu nevyhnuteln\u011b \u010del\u00ed velk\u00e9 konfrontaci s Izraelem v okam\u017eiku, kdy je Izrael nejsiln\u011bj\u0161\u00ed a \u00cdr\u00e1n podporuje Hizball\u00e1h jako nejslab\u0161\u00ed \u010dl\u00e1nek,\u201c napsal Barrack, kter\u00fd je z\u00e1rove\u0148 americk\u00fdm vyslancem v Turecku.<\/span><\/em><\/p>\n<p><span dir=\"auto\">Barrack s politov\u00e1n\u00edm konstatoval, \u017ee \u0159ada iniciativ v Libanonu podporovan\u00fdch USA, jejich\u017e c\u00edlem bylo Libanon postr\u010dit k m\u00edru s Izraelem, \u201ese zastavila\u201c.<\/span><\/p>\n<p><span dir=\"auto\">V srpnu libanonsk\u00e1 vl\u00e1da schv\u00e1lila pl\u00e1n na odzbrojen\u00ed Hizball\u00e1hu v souladu s n\u00e1vrhem p\u0159edlo\u017een\u00fdm Barrackem. A v z\u00e1\u0159\u00ed vl\u00e1da ozn\u00e1mila, \u017ee za\u010dala pl\u00e1n realizovat.<\/span><\/p>\n<p><span dir=\"auto\">Hizball\u00e1h v\u0161ak odm\u00edtl jak\u00e9koli rozhovory o odzbrojen\u00ed a Izraelsk\u00e9 obrann\u00e9 s\u00edly (IDF) pokra\u010dovaly v \u00faderech proti zemi, jak to d\u011blaj\u00ed od doby, kdy v listopadu lo\u0148sk\u00e9ho roku vstoupilo v platnost p\u0159\u00edm\u011b\u0159\u00ed zprost\u0159edkovan\u00e9 USA. P\u0159\u00edm\u011b\u0159\u00ed ukon\u010dilo konfrontaci, kterou skupina zah\u00e1jila v\u00edce ne\u017e o rok d\u0159\u00edve na podporu sv\u00e9ho spojence Ham\u00e1su v p\u00e1smu Gazy.<\/span><\/p>\n<p><span dir=\"auto\">Ve skute\u010dnosti zas\u00e1hla ji\u017en\u00ed Libanon dal\u0161\u00ed vlna \u00fader\u016f hned pot\u00e9, co Barrack zve\u0159ejnil sv\u016fj n\u00e1zorov\u00fd \u010dl\u00e1nek, k n\u011bmu\u017e se p\u0159ihl\u00e1sila IDF.<\/span><\/p>\n<p><em><span dir=\"auto\">\u201eTeroristick\u00e1 organizace Hizball\u00e1h pokra\u010duje ve sv\u00fdch pokusech o obnovu teroristick\u00e9 infrastruktury v cel\u00e9m Libanonu,\u201c uvedla arm\u00e1da ve sv\u00e9m prohl\u00e1\u0161en\u00ed a dodala, \u017ee \u201ep\u0159\u00edtomnost teroristick\u00e9 infrastruktury a \u010dinnost teroristick\u00e9 organizace Hizball\u00e1h v oblasti p\u0159edstavuj\u00ed poru\u0161en\u00ed dohod mezi Izraelem a Libanonem.\u201c<\/span><\/em><\/p>\n<p><span dir=\"auto\">\u00dadery se zam\u011b\u0159ily na okraj vesnice Jarmaq, uvedla libanonsk\u00e9 m\u00e9dia, kter\u00e1 nehl\u00e1sila \u017e\u00e1dn\u00e9 ob\u011bti.<\/span><\/p>\n<p><iframe loading=\"lazy\" src=\"https:\/\/s5.cdnstatic.space\/wp-content\/uploads\/2025\/10\/isst3-1.mp4\" width=\"600\" height=\"338\" data-mce-fragment=\"1\"><\/iframe><\/p>\n<p><iframe loading=\"lazy\" src=\"https:\/\/s5.cdnstatic.space\/wp-content\/uploads\/2025\/10\/isst2-1.mp4\" width=\"600\" height=\"338\" data-mce-fragment=\"1\"><\/iframe><\/p>\n<p><iframe loading=\"lazy\" src=\"https:\/\/s5.cdnstatic.space\/wp-content\/uploads\/2025\/10\/isst1-1.mp4\" width=\"600\" height=\"338\" data-mce-fragment=\"1\"><\/iframe><\/p>\n<p><iframe loading=\"lazy\" src=\"https:\/\/s5.cdnstatic.space\/wp-content\/uploads\/2025\/10\/isst4-1.mp4\" width=\"600\" height=\"338\" data-mce-fragment=\"1\"><\/iframe><\/p>\n<p><span dir=\"auto\">Krom\u011b \u00fader\u016f byly spat\u0159eny izraelsk\u00e9 bojov\u00e9 drony let\u00edc\u00ed v neobvykle n\u00edzk\u00e9 v\u00fd\u0161ce nad libanonsk\u00fdm hlavn\u00edm m\u011bstem Bejr\u00fatem.<\/span><\/p>\n<p><iframe loading=\"lazy\" src=\"https:\/\/s5.cdnstatic.space\/wp-content\/uploads\/2025\/10\/droneb2-1.mp4\" width=\"600\" height=\"338\" data-mce-fragment=\"1\"><\/iframe><\/p>\n<p><iframe loading=\"lazy\" src=\"https:\/\/s5.cdnstatic.space\/wp-content\/uploads\/2025\/10\/droneb1-1.mp4\" width=\"600\" height=\"338\" data-mce-fragment=\"1\"><\/iframe><\/p>\n<p><span dir=\"auto\">Barrackovo varov\u00e1n\u00ed je velmi re\u00e1ln\u00e9. Vzhledem k p\u0159\u00edm\u011b\u0159\u00ed v Gaze m\u00e1 IDF op\u011bt dostatek zdroj\u016f, aby se zam\u011b\u0159ila na Hizball\u00e1h.<\/span><\/p>\n<p><span dir=\"auto\">Navzdory t\u00e9to velk\u00e9 hrozb\u011b Hizball\u00e1h pravd\u011bpodobn\u011b nezm\u011bn\u00ed sv\u016fj postoj k odzbrojen\u00ed. Tato ot\u00e1zka se net\u00fdk\u00e1 jen boje s Izraelem. Skupina \u010del\u00ed tak\u00e9 v\u00e1\u017en\u00e9 hrozb\u011b ze strany nov\u00e9 islamistick\u00e9 vl\u00e1dy v S\u00fdrii, kter\u00e1 je v\u016f\u010di n\u00ed velmi nep\u0159\u00e1telsk\u00e1. Pokud se skupina odzbroj\u00ed, mohly by na ni za\u00fato\u010dit i n\u011bkter\u00e9 strany v samotn\u00e9m Libanonu. Nov\u00e1 v\u00e1lka s Izraelem se zd\u00e1 b\u00fdt pro Hizball\u00e1h men\u0161\u00edm zlem, na kter\u00fd se \u00fadajn\u011b p\u0159ipravuje.<\/span><\/p>\n<p><img decoding=\"async\" loading=\"lazy\" class=\"alignnone size-full wp-image-1185\" src=\"http:\/\/www.infokuryr.cz\/n\/wp-content\/uploads\/2021\/04\/kuryr-podpis.png\" alt=\"\" width=\"84\" height=\"24\" \/><\/p>\n<p>&nbsp;<\/p>\n","protected":false},"excerpt":{"rendered":"<p>Zvl\u00e1\u0161tn\u00ed vyslanec Spojen\u00fdch st\u00e1t\u016f pro S\u00fdrii Tom Barrack 20. \u0159\u00edjna varoval, \u017ee Izrael by mohl&#8230;<\/p>\n","protected":false},"author":2,"featured_media":90336,"comment_status":"closed","ping_status":"closed","sticky":false,"template":"","format":"standard","meta":[],"categories":[7],"tags":[6772,107,405,5135],"_links":{"self":[{"href":"https:\/\/www.infokuryr.cz\/n\/wp-json\/wp\/v2\/posts\/90335"}],"collection":[{"href":"https:\/\/www.infokuryr.cz\/n\/wp-json\/wp\/v2\/posts"}],"about":[{"href":"https:\/\/www.infokuryr.cz\/n\/wp-json\/wp\/v2\/types\/post"}],"author":[{"embeddable":true,"href":"https:\/\/www.infokuryr.cz\/n\/wp-json\/wp\/v2\/users\/2"}],"replies":[{"embeddable":true,"href":"https:\/\/www.infokuryr.cz\/n\/wp-json\/wp\/v2\/comments?post=90335"}],"version-history":[{"count":0,"href":"https:\/\/www.infokuryr.cz\/n\/wp-json\/wp\/v2\/posts\/90335\/revisions"}],"wp:featuredmedia":[{"embeddable":true,"href":"https:\/\/www.infokuryr.cz\/n\/wp-json\/wp\/v2\/media\/90336"}],"wp:attachment":[{"href":"https:\/\/www.infokuryr.cz\/n\/wp-json\/wp\/v2\/media?parent=90335"}],"wp:term":[{"taxonomy":"category","embeddable":true,"href":"https:\/\/www.infokuryr.cz\/n\/wp-json\/wp\/v2\/categories?post=90335"},{"taxonomy":"post_tag","embeddable":true,"href":"https:\/\/www.infokuryr.cz\/n\/wp-json\/wp\/v2\/tags?post=90335"}],"curies":[{"name":"wp","href":"https:\/\/api.w.org\/{rel}","templated":true}]}}