{"id":90333,"date":"2025-10-22T00:24:01","date_gmt":"2025-10-21T22:24:01","guid":{"rendered":"https:\/\/www.infokuryr.cz\/n\/?p=90333"},"modified":"2025-10-21T12:19:07","modified_gmt":"2025-10-21T10:19:07","slug":"policie-podezriva-neuspesneho-africkeho-zadatele-o-azyl-ze-znasilneni-desetilete-divky-v-dublinu","status":"publish","type":"post","link":"https:\/\/www.infokuryr.cz\/n\/2025\/10\/22\/policie-podezriva-neuspesneho-africkeho-zadatele-o-azyl-ze-znasilneni-desetilete-divky-v-dublinu\/","title":{"rendered":"Policie podez\u0159\u00edv\u00e1 ne\u00fasp\u011b\u0161n\u00e9ho africk\u00e9ho \u017eadatele o azyl ze zn\u00e1siln\u011bn\u00ed desetilet\u00e9 d\u00edvky v Dublinu"},"content":{"rendered":"<div id=\"fb-root\"><\/div>\n<h3 class=\"s-title fw-headline\"><span dir=\"auto\">M\u00edstn\u00ed obyvatel\u00e9 odhaluj\u00ed, \u017ee migranti se pravideln\u011b zdr\u017euj\u00ed v okol\u00ed nedalek\u00e9 z\u00e1kladn\u00ed \u0161koly. <\/span><span dir=\"auto\">Navzdory hr\u016fzn\u00e9 povaze p\u0159\u00edpadu irsk\u00e1 politick\u00e1 t\u0159\u00edda do zna\u010dn\u00e9 m\u00edry ml\u010d\u00ed.<\/span><\/h3>\n<p><span dir=\"auto\">Dublinsk\u00e1 policie zah\u00e1jila trestn\u00ed vy\u0161et\u0159ov\u00e1n\u00ed pot\u00e9, co desetiletou d\u00edvku \u00fadajn\u011b zn\u00e1silnil t\u0159icetilet\u00fd Afri\u010dan v hotelu Citywest, kter\u00fd slou\u017e\u00ed jako nouzov\u00e9 ubytovac\u00ed centrum pro \u017eadatele o azyl.<\/span><\/p>\n<p><span dir=\"auto\">K \u00fadajn\u00e9mu \u00fatoku do\u0161lo v pond\u011bl\u00ed r\u00e1no v are\u00e1lu hotelu a obnoven\u00fd hn\u011bv ve\u0159ejnosti kv\u016fli tomu, jak Irsko nakl\u00e1d\u00e1 s zam\u00edtnut\u00fdmi \u017e\u00e1dostmi o azyl a vym\u00e1h\u00e1 p\u0159\u00edkazy k deportaci.<\/span><\/p>\n<p><span dir=\"auto\">Podle\u00a0<\/span><a href=\"https:\/\/www.irishtimes.com\/crime-law\/2025\/10\/20\/man-30s-arrested-over-alleged-assault-of-girl-at-citywest-dublin\/\"><span dir=\"auto\">den\u00edku The Irish Times<\/span><\/a><span dir=\"auto\">\u00a0byla podez\u0159el\u00e9mu ji\u017e loni zam\u00edtnuta \u017e\u00e1dost o azyl a od b\u0159ezna 2025 je podroben p\u0159\u00edkazu k deportaci. Navzdory tomuto p\u0159\u00edkazu z\u016fstal v zemi a st\u00e1le \u017eil v za\u0159\u00edzen\u00ed Citywest, kter\u00e9 se od za\u010d\u00e1tku p\u0159\u00edlivu migrant\u016f stalo jedn\u00edm z nejv\u011bt\u0161\u00edch ubytovac\u00edch center pro \u017eadatele o azyl v zemi.<\/span><\/p>\n<p><span dir=\"auto\">Mu\u017e byl zat\u010den v pond\u011bl\u00ed a z\u016fst\u00e1v\u00e1 v policejn\u00ed vazb\u011b.<\/span><\/p>\n<p><span dir=\"auto\">P\u0159edpokl\u00e1d\u00e1 se, \u017ee ob\u011b\u0165 byla v p\u00e9\u010di irsk\u00e9 agentury Tusla pro d\u011bti a rodinu, kter\u00e1 je odpov\u011bdn\u00e1 za ochranu d\u011bt\u00ed a podporu rodin. V prohl\u00e1\u0161en\u00ed vydan\u00e9m v pond\u011bl\u00ed ve\u010der Tusla potvrdila, \u017ee mlad\u00e1 d\u00edvka, kterou jej\u00ed rodina sv\u011b\u0159ila do p\u00e9\u010de agentury za\u010d\u00e1tkem tohoto roku kv\u016fli z\u00e1va\u017en\u00fdm probl\u00e9m\u016fm s chov\u00e1n\u00edm, se o v\u00edkendu stala \u00fa\u010dastn\u00edkem \u201ev\u00e1\u017en\u00e9ho incidentu\u201c.<\/span><\/p>\n<p><span dir=\"auto\">Agentura vysv\u011btlila, \u017ee d\u00edvka \u017eila v pln\u011b obsazen\u00e9m reziden\u010dn\u00edm za\u0159\u00edzen\u00ed provozovan\u00e9m financovan\u00fdm komunitn\u00edm partnerem. B\u011bhem pl\u00e1novan\u00e9ho rekrea\u010dn\u00edho v\u00fdletu do centra Dublinu utekla z dohledu person\u00e1lu, co\u017e vedlo zam\u011bstnance k nahl\u00e1\u0161en\u00ed jej\u00edho poh\u0159e\u0161ov\u00e1n\u00ed policii An Garda S\u00edoch\u00e1na. Pozd\u011bji se zjistilo, \u017ee nav\u0161t\u00edvila d\u016fm p\u0159\u00edbuzn\u00e9ho, \u200b\u200bale pozd\u011bji t\u00e9ho\u017e dne znovu utekla.<\/span><\/p>\n<p><span dir=\"auto\">Pozd\u011bji je informovala, \u017ee se stala \u00fa\u010dastn\u00edkem v\u00e1\u017en\u00e9ho incidentu. Zam\u011bstnanci nakonec na z\u00e1klad\u011b informac\u00ed, kter\u00e9 poskytla, zjistili jej\u00ed m\u00edsto pobytu a upozornili \u00fa\u0159ady, kter\u00e9 ji nalezly.<\/span><\/p>\n<p><span dir=\"auto\">\u00dadajn\u00e9 zn\u00e1siln\u011bn\u00ed vyvolalo hn\u011bv mezi m\u00edstn\u00edmi obyvateli a znovu rozpoutalo debatu o tom, jak vl\u00e1da zach\u00e1z\u00ed s \u017eadateli o azyl, jejich\u017e p\u0159\u00edkazy k deportaci nejsou vym\u00e1h\u00e1ny. V pond\u011bl\u00ed ve\u010der se demonstranti shrom\u00e1\u017edili p\u0159ed n\u00e1kupn\u00edm centrem Citywest, skandovali \u201eN\u00e1siln\u00edci ven!\u201c a po\u017eadovali uzav\u0159en\u00ed za\u0159\u00edzen\u00ed. Mnoho obyvatel uv\u00e1d\u00ed, \u017ee u\u017e m\u011bs\u00edce varuj\u00ed, \u017ee situace je nebezpe\u010dn\u00e1.<\/span><\/p>\n<div class=\"twitter-tweet twitter-tweet-rendered\"><iframe id=\"twitter-widget-1\" class=\"\" title=\"X P\u0159\u00edsp\u011bvek\" src=\"https:\/\/platform.twitter.com\/embed\/Tweet.html?creatorScreenName=RMXnews&amp;dnt=false&amp;embedId=twitter-widget-1&amp;features=eyJ0ZndfdGltZWxpbmVfbGlzdCI6eyJidWNrZXQiOltdLCJ2ZXJzaW9uIjpudWxsfSwidGZ3X2ZvbGxvd2VyX2NvdW50X3N1bnNldCI6eyJidWNrZXQiOnRydWUsInZlcnNpb24iOm51bGx9LCJ0ZndfdHdlZXRfZWRpdF9iYWNrZW5kIjp7ImJ1Y2tldCI6Im9uIiwidmVyc2lvbiI6bnVsbH0sInRmd19yZWZzcmNfc2Vzc2lvbiI6eyJidWNrZXQiOiJvbiIsInZlcnNpb24iOm51bGx9LCJ0ZndfZm9zbnJfc29mdF9pbnRlcnZlbnRpb25zX2VuYWJsZWQiOnsiYnVja2V0Ijoib24iLCJ2ZXJzaW9uIjpudWxsfSwidGZ3X21peGVkX21lZGlhXzE1ODk3Ijp7ImJ1Y2tldCI6InRyZWF0bWVudCIsInZlcnNpb24iOm51bGx9LCJ0ZndfZXhwZXJpbWVudHNfY29va2llX2V4cGlyYXRpb24iOnsiYnVja2V0IjoxMjA5NjAwLCJ2ZXJzaW9uIjpudWxsfSwidGZ3X3Nob3dfYmlyZHdhdGNoX3Bpdm90c19lbmFibGVkIjp7ImJ1Y2tldCI6Im9uIiwidmVyc2lvbiI6bnVsbH0sInRmd19kdXBsaWNhdGVfc2NyaWJlc190b19zZXR0aW5ncyI6eyJidWNrZXQiOiJvbiIsInZlcnNpb24iOm51bGx9LCJ0ZndfdXNlX3Byb2ZpbGVfaW1hZ2Vfc2hhcGVfZW5hYmxlZCI6eyJidWNrZXQiOiJvbiIsInZlcnNpb24iOm51bGx9LCJ0ZndfdmlkZW9faGxzX2R5bmFtaWNfbWFuaWZlc3RzXzE1MDgyIjp7ImJ1Y2tldCI6InRydWVfYml0cmF0ZSIsInZlcnNpb24iOm51bGx9LCJ0ZndfbGVnYWN5X3RpbWVsaW5lX3N1bnNldCI6eyJidWNrZXQiOnRydWUsInZlcnNpb24iOm51bGx9LCJ0ZndfdHdlZXRfZWRpdF9mcm9udGVuZCI6eyJidWNrZXQiOiJvbiIsInZlcnNpb24iOm51bGx9fQ%3D%3D&amp;frame=false&amp;hideCard=false&amp;hideThread=false&amp;id=1980371079786033431&amp;lang=cs&amp;origin=https%3A%2F%2Frmx.news%2Farticle%2Fpolice-suspect-failed-african-asylum-seeker-of-raping-10-year-old-girl-in-dublin-as-locals-reveal-migrants-regularly-linger-around-nearby-primary-school%2F&amp;sessionId=2d9c646383be18a0a441498ba6e559dfe8195eb4&amp;theme=light&amp;widgetsVersion=2615f7e52b7e0%3A1702314776716&amp;width=550px\" frameborder=\"0\" scrolling=\"no\" allowfullscreen=\"allowfullscreen\" data-tweet-id=\"1980371079786033431\" data-mce-fragment=\"1\"><\/iframe><\/div>\n<p><span dir=\"auto\">Jedna m\u00edstn\u00ed matka, Anne, hovo\u0159ila na m\u00edst\u011b s ob\u010dansk\u00fdm novin\u00e1\u0159em Philipem Dwyerem a popsala, jak p\u0159\u00edtomnost centra ovlivnila ka\u017edodenn\u00ed \u017eivot v komunit\u011b a zv\u00fd\u0161ila obavy o bezpe\u010dnost d\u011bt\u00ed. \u201eJmenuji se Anne a bydl\u00edm v t\u00e9to vesnici. M\u00e1m mal\u00e9 d\u00edt\u011b, kter\u00e9 chod\u00ed do z\u00e1kladn\u00ed \u0161koly, kter\u00e1 je t\u0159i minuty od tohoto hotelu a komplexu,\u201c \u0159ekla. \u201eChlapi, kte\u0159\u00ed jsou tady v tomto centru, pij\u00ed alkohol a kou\u0159\u00ed drogy na schodech z\u00e1kladn\u00ed \u0161koly. Musela jsem zavolat policii, aby je odvedla. To se d\u011bje ka\u017ed\u00fd den.\u201c<\/span><\/p>\n<p><span dir=\"auto\">A\u010dkoli policie na st\u00ed\u017enosti reagovala, Anne uvedla, \u017ee probl\u00e9m p\u0159etrv\u00e1v\u00e1. \u201eGarda p\u0159i\u0161la minul\u00fd t\u00fdden a odvedla je d\u00e1l, ale na\u0161e d\u011bti se chystaly odej\u00edt ze \u0161koly. Pij\u00ed alkohol, kou\u0159\u00ed drogy ve vesnici na mal\u00e9m n\u00e1m\u011bst\u00ed naproti hospod\u011b. Tomuto \u010del\u00edme ka\u017ed\u00fd den. Drogov\u00e9 pot\u0159eby na ulic\u00edch. To nen\u00ed p\u0159eh\u00e1n\u011bn\u00ed. Nikdo z n\u00e1s tu nechce b\u00fdt, ale tohle je na\u0161e realita. A te\u010f je tu \u00fadajn\u011b sexu\u00e1ln\u011b napadena mlad\u00e1 desetilet\u00e1 d\u00edvka. \u0158\u00edk\u00e1me to. Lid\u00e9 protestuj\u00ed u\u017e dlouho. Prosili jsme na\u0161i vl\u00e1du, prosili jsme na\u0161e ochranky, apelovali jsme p\u0159\u00edmo, proto\u017ee jsme vid\u011bli, \u017ee se to stane.\u201c<\/span><\/p>\n<p><span dir=\"auto\">Anne tak\u00e9 vyj\u00e1d\u0159ila znepokojen\u00ed ohledn\u011b ve\u0159ejn\u00e9 t\u011blocvi\u010dny vedle za\u0159\u00edzen\u00ed, kter\u00e9 nav\u0161t\u011bvuj\u00ed mlad\u00e9 d\u00edvky. \u201eCo by se mohlo pokazit? Na\u0161e nejhor\u0161\u00ed no\u010dn\u00ed m\u016fry se u\u017e d\u011bj\u00ed,\u201c \u0159ekla.<\/span><\/p>\n<p><span dir=\"auto\">M\u00edstn\u00ed obyvatel\u00e9 tak\u00e9 pouk\u00e1zali na d\u016fkazy u\u017e\u00edv\u00e1n\u00ed drog v okoln\u00edch oblastech. \u201eNa\u0161li jsme sp\u00e1lenou alobal a drogov\u00e9 p\u0159\u00edslu\u0161enstv\u00ed ukryt\u00e9 v k\u0159ov\u00ed,\u201c uvedl Dwyer. \u201eKa\u017ed\u00e9mu, kdo si mysl\u00ed, \u017ee lid\u00e9 tady p\u0159eh\u00e1n\u011bj\u00ed \u2013 m\u016f\u017eeme uk\u00e1zat fotografie.\u201c<\/span><\/p>\n<p><span dir=\"auto\">Navzdory z\u00e1va\u017enosti obvin\u011bn\u00ed ir\u0161t\u00ed politi\u010dt\u00ed v\u016fdci zat\u00edm do zna\u010dn\u00e9 m\u00edry ml\u010d\u00ed. Garda\u00ed odm\u00edtla poskytnout dal\u0161\u00ed informace s odvol\u00e1n\u00edm na prob\u00edhaj\u00edc\u00ed vy\u0161et\u0159ov\u00e1n\u00ed. Mezit\u00edm nejnov\u011bj\u0161\u00ed p\u0159\u00edsp\u011bvek premi\u00e9ra Michaela Martina na soci\u00e1ln\u00edch s\u00edt\u00edch \u2013 blahop\u0159\u00e1n\u00ed nov\u00e9 japonsk\u00e9 premi\u00e9rce \u2013 vyvolal spoustu reakc\u00ed kritizuj\u00edc\u00edch jeho neschopnost \u0159e\u0161it nejvir\u00e1ln\u011bj\u0161\u00ed t\u00e9ma v irsk\u00e9 metropoli.<\/span><\/p>\n<p><img decoding=\"async\" loading=\"lazy\" class=\"alignnone size-full wp-image-1185\" src=\"http:\/\/www.infokuryr.cz\/n\/wp-content\/uploads\/2021\/04\/kuryr-podpis.png\" alt=\"\" width=\"84\" height=\"24\" \/><\/p>\n<p>&nbsp;<\/p>\n","protected":false},"excerpt":{"rendered":"<p>M\u00edstn\u00ed obyvatel\u00e9 odhaluj\u00ed, \u017ee migranti se pravideln\u011b zdr\u017euj\u00ed v okol\u00ed nedalek\u00e9 z\u00e1kladn\u00ed \u0161koly. Navzdory hr\u016fzn\u00e9&#8230;<\/p>\n","protected":false},"author":2,"featured_media":90334,"comment_status":"closed","ping_status":"closed","sticky":false,"template":"","format":"standard","meta":[],"categories":[7],"tags":[551,1414,366],"_links":{"self":[{"href":"https:\/\/www.infokuryr.cz\/n\/wp-json\/wp\/v2\/posts\/90333"}],"collection":[{"href":"https:\/\/www.infokuryr.cz\/n\/wp-json\/wp\/v2\/posts"}],"about":[{"href":"https:\/\/www.infokuryr.cz\/n\/wp-json\/wp\/v2\/types\/post"}],"author":[{"embeddable":true,"href":"https:\/\/www.infokuryr.cz\/n\/wp-json\/wp\/v2\/users\/2"}],"replies":[{"embeddable":true,"href":"https:\/\/www.infokuryr.cz\/n\/wp-json\/wp\/v2\/comments?post=90333"}],"version-history":[{"count":0,"href":"https:\/\/www.infokuryr.cz\/n\/wp-json\/wp\/v2\/posts\/90333\/revisions"}],"wp:featuredmedia":[{"embeddable":true,"href":"https:\/\/www.infokuryr.cz\/n\/wp-json\/wp\/v2\/media\/90334"}],"wp:attachment":[{"href":"https:\/\/www.infokuryr.cz\/n\/wp-json\/wp\/v2\/media?parent=90333"}],"wp:term":[{"taxonomy":"category","embeddable":true,"href":"https:\/\/www.infokuryr.cz\/n\/wp-json\/wp\/v2\/categories?post=90333"},{"taxonomy":"post_tag","embeddable":true,"href":"https:\/\/www.infokuryr.cz\/n\/wp-json\/wp\/v2\/tags?post=90333"}],"curies":[{"name":"wp","href":"https:\/\/api.w.org\/{rel}","templated":true}]}}