{"id":90313,"date":"2025-10-22T00:13:41","date_gmt":"2025-10-21T22:13:41","guid":{"rendered":"https:\/\/www.infokuryr.cz\/n\/?p=90313"},"modified":"2025-10-21T11:17:09","modified_gmt":"2025-10-21T09:17:09","slug":"15-demokratickych-guverneru-vytvorilo-nestranickou-alianci-aby-obeslo-politiku-zdravotni-pece","status":"publish","type":"post","link":"https:\/\/www.infokuryr.cz\/n\/2025\/10\/22\/15-demokratickych-guverneru-vytvorilo-nestranickou-alianci-aby-obeslo-politiku-zdravotni-pece\/","title":{"rendered":"15 demokratick\u00fdch guvern\u00e9r\u016f vytvo\u0159ilo \u201enestranickou\u201c alianci, aby obe\u0161lo politiku zdravotn\u00ed p\u00e9\u010de"},"content":{"rendered":"<div id=\"fb-root\"><\/div>\n<div class=\"elementor-element elementor-element-1fb4c2c elementor-widget elementor-widget-theme-post-content\" data-id=\"1fb4c2c\" data-element_type=\"widget\" data-widget_type=\"theme-post-content.default\">\n<div class=\"elementor-widget-container\">\n<p><span dir=\"auto\">Patn\u00e1ct demokratick\u00fdch guvern\u00e9r\u016f vytvo\u0159ilo\u00a0<\/span><strong><span dir=\"auto\">\u201eAlianci guvern\u00e9r\u016f pro ve\u0159ejn\u00e9 zdrav\u00ed\u201c<\/span><\/strong><span dir=\"auto\">\u00a0\u2013 iniciativu, s jej\u00edm\u017e pomoc\u00ed doufaj\u00ed, \u017ee budou moci prov\u00e1d\u011bt\u00a0<\/span><strong><span dir=\"auto\">zdravotn\u00ed politiku a p\u0159ipravenost na pandemii<\/span><\/strong><span dir=\"auto\">\u00a0nez\u00e1visle na n\u00e1rodn\u00edch zdravotnick\u00fdch org\u00e1nech. Jak uvedl\u00a0<\/span><em><span dir=\"auto\">Wall Street Journal<\/span><\/em><span dir=\"auto\">\u00a0, aliance bude\u00a0<\/span><strong><span dir=\"auto\">sd\u00edlet data, monitorovat ohniska n\u00e1kazy, vyv\u00edjet pokyny<\/span><\/strong><span dir=\"auto\">\u00a0a dokonce\u00a0<\/span><strong><span dir=\"auto\">si bude po\u0159izovat vlastn\u00ed vakc\u00edny<\/span><\/strong><span dir=\"auto\">\u00a0.<\/span><\/p>\n<p><span dir=\"auto\">Ofici\u00e1ln\u011b se nov\u00e1 organizace popisuje jako\u00a0<\/span><strong><span dir=\"auto\">\u201enestranick\u00e1, neziskov\u00e1 aliance\u201c<\/span><\/strong><span dir=\"auto\">\u00a0pracuj\u00edc\u00ed spole\u010dn\u011b na \u201eochran\u011b ve\u0159ejn\u00e9ho zdrav\u00ed\u201c. Jej\u00ed webov\u00e9 str\u00e1nky jsou st\u00e1le ve v\u00fdvoji a\u00a0<\/span><strong><span dir=\"auto\">zdroje financov\u00e1n\u00ed dosud nebyly zve\u0159ejn\u011bny<\/span><\/strong><span dir=\"auto\">\u00a0.<\/span><\/p>\n<p><span dir=\"auto\">Podle jej\u00edch inici\u00e1tor\u016f vznikla aliance v reakci na\u00a0<\/span><strong><span dir=\"auto\">novou zdravotn\u00ed politiku Trumpovy administrativy za ministra zdravotnictv\u00ed Roberta F. Kennedyho Jr.<\/span><\/strong><span dir=\"auto\">\u00a0\u2013 a p\u0159eb\u00edr\u00e1 \u00fakoly, kter\u00e9 norm\u00e1ln\u011b spadaj\u00ed do p\u016fsobnosti\u00a0<\/span><strong><span dir=\"auto\">americk\u00e9ho ministerstva zdravotnictv\u00ed a soci\u00e1ln\u00edch slu\u017eeb (HHS)<\/span><\/strong><span dir=\"auto\">\u00a0.<\/span><\/p>\n<h3 class=\"wp-block-heading\"><span dir=\"auto\">\u010clensk\u00e9 st\u00e1ty a politick\u00fd rozm\u011br<\/span><\/h3>\n<p><span dir=\"auto\">Aliance zahrnuje\u00a0<\/span><strong><span dir=\"auto\">Kalifornii, Colorado, Connecticut, Delaware, Guam, Havaj, Illinois, Maryland, Massachusetts, New Jersey, New York, Severn\u00ed Karol\u00ednu, Oregon, Rhode Island a Washington<\/span><\/strong><span dir=\"auto\">\u00a0.<\/span><\/p>\n<p><span dir=\"auto\">N\u011bkolik guvern\u00e9r\u016f \u2013 v\u010detn\u011b\u00a0<\/span><strong><span dir=\"auto\">Gavina Newsoma (Kalifornie), J. B. Pritzkera (Illinois)<\/span><\/strong><span dir=\"auto\">\u00a0a\u00a0<\/span><strong><span dir=\"auto\">Wese Moora (Maryland)<\/span><\/strong><span dir=\"auto\">\u00a0\u2013 vyj\u00e1d\u0159ilo ostrou kritiku feder\u00e1ln\u00ed politiky:<\/span><\/p>\n<p><em><span dir=\"auto\">\u201eKdy\u017e feder\u00e1ln\u00ed vl\u00e1da nahrazuje v\u011bdu konspira\u010dn\u00edmi teoriemi, \u0161krt\u00e1 Medicaid a podkop\u00e1v\u00e1 d\u016fv\u011bru ve vakc\u00edny, mus\u00ed se st\u00e1ty sjednotit v obran\u011b fakt\u016f,\u201c \u0159ekl Pritzker.<\/span><\/em><\/p>\n<p><em><span dir=\"auto\">\u201eZat\u00edmco n\u00e1m Washington \u0159\u00edk\u00e1: \u201aJste na to sami,\u2018 guvern\u00e9\u0159i se sjednocuj\u00ed,\u201c \u0159ekl Moore.<\/span><\/em><\/p>\n<p><span dir=\"auto\">Mluv\u010d\u00ed HHS\u00a0<\/span><strong><span dir=\"auto\">Andrew Nixon<\/span><\/strong><span dir=\"auto\">\u00a0tuto iniciativu ost\u0159e kritizoval. \u0158ekl, \u017ee ti sam\u00ed guvern\u00e9\u0159i, kte\u0159\u00ed b\u011bhem pandemie COVID-19 prosazovali \u201e\u00a0<\/span><strong><span dir=\"auto\">nev\u011bdeck\u00e9 uzav\u00edr\u00e1n\u00ed \u0161kol, povinn\u00e9 no\u0161en\u00ed rou\u0161ek pro mal\u00e9 d\u011bti a syst\u00e9my z\u00e1znam\u016f o o\u010dkov\u00e1n\u00ed<\/span><\/strong><span dir=\"auto\">\u00a0\u201c, nyn\u00ed cht\u011bj\u00ed \u201epod rou\u0161kou koordinace znovuobjevit ve\u0159ejn\u00e9 zdrav\u00ed\u201c.<\/span><\/p>\n<p><em><span dir=\"auto\">\u201eMinistr Kennedy a Trumpova administrativa obnovuj\u00ed d\u016fv\u011bru t\u00edm, \u017ee ka\u017edou politiku zakl\u00e1daj\u00ed na spolehliv\u00fdch v\u011bdeck\u00fdch d\u016fkazech \u2013 nikoli na politick\u00e9m selh\u00e1n\u00ed pandemie,\u201c \u0159ekl Nixon.<\/span><\/em><\/p>\n<h3 class=\"wp-block-heading\"><span dir=\"auto\">\u201eNestrann\u00e1\u201c aliance, nebo paraleln\u00ed syst\u00e9m zdravotn\u00ed p\u00e9\u010de?<\/span><\/h3>\n<p><span dir=\"auto\">N\u011bkolik guvern\u00e9r\u016f v alianci je pova\u017eov\u00e1no za mo\u017en\u00e9 prezidentsk\u00e9 kandid\u00e1ty pro rok 2028.\u00a0<strong>Radou skupiny je\u00a0<\/strong><\/span><strong><span dir=\"auto\">Dr. Mandy Cohenov\u00e1<\/span><\/strong><span dir=\"auto\">\u00a0, b\u00fdval\u00e1 \u0159editelka CDC za Bidena\u00a0.<\/span><\/p>\n<p><span dir=\"auto\">Kritici varuj\u00ed, \u017ee iniciativa\u00a0<\/span><strong><span dir=\"auto\">rozd\u011bl\u00ed ve\u0159ejn\u00e9 zdravotnictv\u00ed na z\u00e1klad\u011b ideologick\u00fdch lini\u00ed<\/span><\/strong><span dir=\"auto\">\u00a0.<\/span><\/p>\n<p><strong><span dir=\"auto\">Dr. James Lyons-Weiler<\/span><\/strong><span dir=\"auto\">\u00a0, v\u00fdzkumn\u00edk a autor, \u0159ekl\u00a0<\/span><em><span dir=\"auto\">den\u00edku The Defender<\/span><\/em><span dir=\"auto\">\u00a0:<\/span><\/p>\n<p><em><span dir=\"auto\">\u201eFederalismus byl vytvo\u0159en pro distribuovanou autoritu, nikoli pro stranick\u00e9 zdravotnick\u00e9 bloky. Pokud se stane n\u00e1strojem ideologick\u00e9, nikoli empirick\u00e9 zdravotn\u00ed politiky, poru\u0161uje ducha \u00dastavy.\u201c<\/span><\/em><\/p>\n<p><span dir=\"auto\">Lyons-Weiler varoval p\u0159ed \u201e\u00a0<\/span><strong><span dir=\"auto\">50 epidemiologiemi, 50 datov\u00fdmi standardy, 50 pravdami<\/span><\/strong><span dir=\"auto\">\u00a0\u201c \u2013 sc\u00e9n\u00e1\u0159em, ve kter\u00e9m ka\u017ed\u00e1 spolkov\u00e1 zem\u011b sleduje svou vlastn\u00ed zdravotn\u00ed logiku:<\/span><\/p>\n<p><em><span dir=\"auto\">\u201ePatogeny a vedlej\u0161\u00ed \u00fa\u010dinky vakc\u00edn neznaj\u00ed st\u00e1tn\u00ed hranice \u2013 a stejn\u011b tak by je nem\u011bla zn\u00e1t ani na\u0161e struktura preventivn\u00ed p\u00e9\u010de.\u201c<\/span><\/em><\/p>\n<p><span dir=\"auto\">Zd\u016fraznil, \u017ee spolupr\u00e1ce mezi st\u00e1ty je leg\u00e1ln\u00ed, ale pokud by aliance\u00a0byla v rozporu s\u00a0<\/span><strong><span dir=\"auto\">feder\u00e1ln\u00edmi z\u00e1kony nebo feder\u00e1ln\u011b financovan\u00fdmi programy , hrozilo by\u00a0<\/span><\/strong><strong><span dir=\"auto\">konflikt s klauzul\u00ed o nad\u0159azenosti<\/span><\/strong><span dir=\"auto\">\u00a0americk\u00e9 \u00fastavy.<\/span><\/p>\n<p><em><span dir=\"auto\">\u201eTato aliance v podstat\u011b vytv\u00e1\u0159\u00ed odd\u011blen\u00e9 syst\u00e9my ve\u0159ejn\u00e9ho zdravotnictv\u00ed,\u201c \u0159ekla Lyons-Weilerov\u00e1. \u201eBude to p\u0159irozen\u00fd experiment \u2013 \u200b\u200buvid\u00edme, zda r\u016fzn\u00e9 politiky povedou k r\u016fzn\u00fdm m\u00edr\u00e1m nemocnosti a \u00famrtnosti.\u201c<\/span><\/em><\/p>\n<h3 class=\"wp-block-heading\"><span dir=\"auto\">Kennedy reformuje zdravotnick\u00e9 org\u00e1ny \u2013 a spou\u0161t\u00ed politickou bou\u0159i<\/span><\/h3>\n<p><span dir=\"auto\">RFK Jr. v posledn\u00edch m\u011bs\u00edc\u00edch provedl rozs\u00e1hl\u00e9 zm\u011bny ve zdravotnictv\u00ed:<\/span><\/p>\n<ul>\n<li><span dir=\"auto\">V\u00a0<\/span><strong><span dir=\"auto\">z\u00e1\u0159\u00ed<\/span><\/strong><span dir=\"auto\">\u00a0CDC ukon\u010dilo obecn\u00e9 doporu\u010den\u00ed o\u010dkov\u00e1n\u00ed proti COVID-19, ale o\u010dkov\u00e1n\u00ed dobrovoln\u00edk\u016f nad\u00e1le povoluje.<\/span><\/li>\n<li><span dir=\"auto\">V\u00a0<\/span><strong><span dir=\"auto\">\u010dervnu<\/span><\/strong><span dir=\"auto\">\u00a0Kennedy odvolal v\u0161echny \u010dleny poradn\u00edho panelu CDC pro vakc\u00edny kv\u016fli st\u0159etu z\u00e1jm\u016f a jmenoval nov\u00e9.<\/span><\/li>\n<li><span dir=\"auto\">Ji\u017e\u00a0<\/span><strong><span dir=\"auto\">nedoporu\u010dovali vakc\u00edny obsahuj\u00edc\u00ed thimerosal<\/span><\/strong><span dir=\"auto\">\u00a0pro d\u011bti.<\/span><\/li>\n<li><span dir=\"auto\">Diskutuje se tak\u00e9 o tom, zda by m\u011blo b\u00fdt\u00a0<\/span><strong><span dir=\"auto\">o\u010dkov\u00e1n\u00ed novorozenc\u016f proti hepatitid\u011b B<\/span><\/strong><span dir=\"auto\">\u00a0zachov\u00e1no.<\/span><\/li>\n<li><span dir=\"auto\">V\u00a0<\/span><strong><span dir=\"auto\">dubnu<\/span><\/strong><span dir=\"auto\">\u00a0zah\u00e1jil Kennedy\u00a0<\/span><strong><span dir=\"auto\">vy\u0161et\u0159ov\u00e1n\u00ed p\u0159\u00ed\u010din autismu<\/span><\/strong><span dir=\"auto\">\u00a0.<\/span><\/li>\n<li><span dir=\"auto\">V\u00a0<\/span><strong><span dir=\"auto\">z\u00e1\u0159\u00ed<\/span><\/strong><span dir=\"auto\">\u00a0FDA ozn\u00e1mila\u00a0varov\u00e1n\u00ed ohledn\u011b\u00a0<strong>acetaminofenu (Tylenol) a doporu\u010dila t\u011bhotn\u00fdm \u017een\u00e1m\u00a0<\/strong><\/span><strong><span dir=\"auto\">,<\/span><\/strong><span dir=\"auto\">\u00a0aby jej u\u017e\u00edvaly pouze v nezbytn\u00fdch p\u0159\u00edpadech kv\u016fli mo\u017en\u00e9 souvislosti s autismem.<\/span><\/li>\n<\/ul>\n<p><span dir=\"auto\">Tyto reformy vyvolaly ve Washingtonu\u00a0<\/span><strong><span dir=\"auto\">masivn\u00ed politickou reakci<\/span><\/strong><span dir=\"auto\">\u00a0\u2013 v\u010detn\u011b v\u00fdzev k\u00a0<\/span><strong><span dir=\"auto\">rezignaci<\/span><\/strong><span dir=\"auto\">\u00a0Kennedyho .<\/span><\/p>\n<h3 class=\"wp-block-heading\"><span dir=\"auto\">St\u00e1ty poru\u0161uj\u00ed feder\u00e1ln\u00ed sm\u011brnice<\/span><\/h3>\n<p><span dir=\"auto\">Aliance guvern\u00e9r\u016f je sou\u010d\u00e1st\u00ed \u0161ir\u0161\u00edho trendu: St\u00e1le v\u00edce st\u00e1t\u016f\u00a0<\/span><strong><span dir=\"auto\">se odpout\u00e1v\u00e1 od feder\u00e1ln\u00ed zdravotn\u00ed politiky<\/span><\/strong><span dir=\"auto\">\u00a0.<\/span><\/p>\n<ul>\n<li><span dir=\"auto\">V\u00a0<\/span><strong><span dir=\"auto\">z\u00e1\u0159\u00ed<\/span><\/strong><span dir=\"auto\">\u00a0Kalifornie, Oregon, Washington a Havaj vytvo\u0159ily\u00a0<\/span><strong><span dir=\"auto\">West Coast Health Alliance,<\/span><\/strong><span dir=\"auto\">\u00a0aby vydaly\u00a0<\/span><strong><span dir=\"auto\">vlastn\u00ed doporu\u010den\u00ed k o\u010dkov\u00e1n\u00ed<\/span><\/strong><span dir=\"auto\">\u00a0.<\/span><\/li>\n<li><span dir=\"auto\">D\u016fvod: CDC se stalo \u201e\u00a0<\/span><strong><span dir=\"auto\">politick\u00fdm n\u00e1strojem<\/span><\/strong><span dir=\"auto\">\u00a0\u201c, kter\u00fd \u0161\u00ed\u0159\u00ed \u201eideologii m\u00edsto v\u011bdy\u201c.<\/span><\/li>\n<li><strong><span dir=\"auto\">Kr\u00e1tce nato Gavin Newsom<\/span><\/strong><span dir=\"auto\">\u00a0podepsal\u00a0z\u00e1kon, kter\u00fd Kalifornii umo\u017e\u0148uje\u00a0vyd\u00e1vat\u00a0<\/span><strong><span dir=\"auto\">vlastn\u00ed o\u010dkovac\u00ed pokyny<\/span><\/strong><span dir=\"auto\">\u00a0na z\u00e1klad\u011b doporu\u010den\u00ed Americk\u00e9\u00a0<\/span><strong><span dir=\"auto\">akademie pediatrie (AAP) \u2013 nez\u00e1visle na CDC.<\/span><\/strong><\/li>\n<\/ul>\n<p><span dir=\"auto\">Jin\u00e9 st\u00e1ty se tak\u00e9 odchyluj\u00ed:<\/span><\/p>\n<ul>\n<li><strong><span dir=\"auto\">Massachusetts<\/span><\/strong><span dir=\"auto\">\u00a0vy\u017eaduje, aby poji\u0161\u0165ovny i nad\u00e1le hradily o\u010dkov\u00e1n\u00ed proti COVID-19.<\/span><\/li>\n<li><strong><span dir=\"auto\">New York<\/span><\/strong><span dir=\"auto\">\u00a0vyhl\u00e1sil\u00a0<\/span><strong><span dir=\"auto\">stav nouze v oblasti ve\u0159ejn\u00e9ho zdrav\u00ed<\/span><\/strong><span dir=\"auto\">\u00a0, aby zajistil dostupnost vakc\u00edn \u2013 co\u017e by mohl b\u00fdt p\u0159edch\u016fdce zdravotn\u00ed aliance v severov\u00fdchodn\u00ed Anglii.<\/span><\/li>\n<li><strong><span dir=\"auto\">Minnesota<\/span><\/strong><span dir=\"auto\">\u00a0dala l\u00e9ka\u0159\u016fm volnou ruku v doporu\u010dov\u00e1n\u00ed o\u010dkov\u00e1n\u00ed dle vlastn\u00edho uv\u00e1\u017een\u00ed.<\/span><\/li>\n<li><strong><span dir=\"auto\">New Jersey<\/span><\/strong><span dir=\"auto\">\u00a0povoluje o\u010dkov\u00e1n\u00ed proti COVID-19 od 6 m\u011bs\u00edc\u016f v\u011bku.<\/span><\/li>\n<li><strong><span dir=\"auto\">Pensylv\u00e1nie<\/span><\/strong><span dir=\"auto\">\u00a0povolila l\u00e9k\u00e1rn\u00edk\u016fm pokra\u010dovat v o\u010dkov\u00e1n\u00ed \u2013\u00a0<\/span><strong><span dir=\"auto\">v rozporu s<\/span><\/strong><span dir=\"auto\">\u00a0feder\u00e1ln\u00edmi pokyny.<\/span><\/li>\n<\/ul>\n<p><strong><span dir=\"auto\">Colorado, Nevada a Nov\u00e9 Mexiko<\/span><\/strong><span dir=\"auto\">\u00a0tak\u00e9\u00a0zavedly podobn\u00e9 p\u0159edpisy.<\/span><\/p>\n<h3 class=\"wp-block-heading\"><span dir=\"auto\">Amerika paraleln\u00edch zdravotnick\u00fdch syst\u00e9m\u016f<\/span><\/h3>\n<p><span dir=\"auto\">Poprv\u00e9 po desetilet\u00edch se velk\u00e9 l\u00e9ka\u0159sk\u00e9 organizace, jako je\u00a0<\/span><strong><span dir=\"auto\">AAP<\/span><\/strong><span dir=\"auto\">\u00a0, distancuj\u00ed od CDC. Nyn\u00ed nez\u00e1visle doporu\u010duj\u00ed o\u010dkov\u00e1n\u00ed proti COVID-19 pro\u00a0<\/span><strong><span dir=\"auto\">mal\u00e9 d\u011bti a rizikov\u00e9 skupiny<\/span><\/strong><span dir=\"auto\">\u00a0\u2013 co\u017e je rozchod s feder\u00e1ln\u00ed lini\u00ed.<\/span><\/p>\n<p><span dir=\"auto\">Vznik\u00e1\u00a0<\/span><strong><span dir=\"auto\">\u201erozd\u011blen\u00e1 Amerika v oblasti zdrav\u00ed\u201c<\/span><\/strong><span dir=\"auto\">\u00a0:<\/span><br \/>\n<span dir=\"auto\">blok kolem Kennedyho, kter\u00fd se spol\u00e9h\u00e1 na v\u011bdeckou transparentnost, politiku dobrovoln\u00e9ho o\u010dkov\u00e1n\u00ed a neexistenci st\u0159etu z\u00e1jm\u016f \u2013<\/span><br \/>\n<span dir=\"auto\">a protiblok demokratick\u00fdch st\u00e1t\u016f, kter\u00e9 si buduj\u00ed\u00a0<\/span><strong><span dir=\"auto\">vlastn\u00ed instituce, standardy a datov\u00e9 platformy<\/span><\/strong><span dir=\"auto\">\u00a0.<\/span><\/p>\n<p><span dir=\"auto\">V\u00fdsledek:\u00a0<\/span><strong><span dir=\"auto\">dva soupe\u0159\u00edc\u00ed syst\u00e9my<\/span><\/strong><span dir=\"auto\">\u00a0, dva narativy \u2013 a zdrav\u00fd n\u00e1rod v otev\u0159en\u00e9m politick\u00e9m konfliktu.<\/span><\/p>\n<p><strong><em><span dir=\"auto\">Brenda Baletti, Ph.D.<\/span><\/em><\/strong><\/p>\n<\/div>\n<\/div>\n<div class=\"elementor-element elementor-element-8c57238 quelle dc-has-condition dc-condition-empty elementor-widget elementor-widget-heading\" data-id=\"8c57238\" data-element_type=\"widget\" data-widget_type=\"heading.default\">\n<div class=\"elementor-widget-container\">\n<h3 class=\"elementor-heading-title elementor-size-default\"><span style=\"font-size: 10pt;\"><a href=\"https:\/\/childrenshealthdefense.org\/defender\/democratic-governors-public-health-alliance-bypass-rfk-jr-policies\/\" target=\"_blank\" rel=\"nofollow noopener\"><span dir=\"auto\">Zdroj<\/span><\/a><\/span><\/h3>\n<p>&nbsp;<\/p>\n<\/div>\n<\/div>\n","protected":false},"excerpt":{"rendered":"<p>Patn\u00e1ct demokratick\u00fdch guvern\u00e9r\u016f vytvo\u0159ilo\u00a0\u201eAlianci guvern\u00e9r\u016f pro ve\u0159ejn\u00e9 zdrav\u00ed\u201c\u00a0\u2013 iniciativu, s jej\u00edm\u017e pomoc\u00ed doufaj\u00ed, \u017ee budou&#8230;<\/p>\n","protected":false},"author":2,"featured_media":90314,"comment_status":"closed","ping_status":"closed","sticky":false,"template":"","format":"standard","meta":[],"categories":[7],"tags":[6710,4749,37,525],"_links":{"self":[{"href":"https:\/\/www.infokuryr.cz\/n\/wp-json\/wp\/v2\/posts\/90313"}],"collection":[{"href":"https:\/\/www.infokuryr.cz\/n\/wp-json\/wp\/v2\/posts"}],"about":[{"href":"https:\/\/www.infokuryr.cz\/n\/wp-json\/wp\/v2\/types\/post"}],"author":[{"embeddable":true,"href":"https:\/\/www.infokuryr.cz\/n\/wp-json\/wp\/v2\/users\/2"}],"replies":[{"embeddable":true,"href":"https:\/\/www.infokuryr.cz\/n\/wp-json\/wp\/v2\/comments?post=90313"}],"version-history":[{"count":0,"href":"https:\/\/www.infokuryr.cz\/n\/wp-json\/wp\/v2\/posts\/90313\/revisions"}],"wp:featuredmedia":[{"embeddable":true,"href":"https:\/\/www.infokuryr.cz\/n\/wp-json\/wp\/v2\/media\/90314"}],"wp:attachment":[{"href":"https:\/\/www.infokuryr.cz\/n\/wp-json\/wp\/v2\/media?parent=90313"}],"wp:term":[{"taxonomy":"category","embeddable":true,"href":"https:\/\/www.infokuryr.cz\/n\/wp-json\/wp\/v2\/categories?post=90313"},{"taxonomy":"post_tag","embeddable":true,"href":"https:\/\/www.infokuryr.cz\/n\/wp-json\/wp\/v2\/tags?post=90313"}],"curies":[{"name":"wp","href":"https:\/\/api.w.org\/{rel}","templated":true}]}}