{"id":90291,"date":"2025-10-21T00:34:43","date_gmt":"2025-10-20T22:34:43","guid":{"rendered":"https:\/\/www.infokuryr.cz\/n\/?p=90291"},"modified":"2025-10-20T18:50:59","modified_gmt":"2025-10-20T16:50:59","slug":"syrska-zlocinecka-rodina-dobrovolne-opousti-nemecko-s-odskodnenim-od-statu-pote-co-nahromadila-vice-nez-160-trestnych-cinu","status":"publish","type":"post","link":"https:\/\/www.infokuryr.cz\/n\/2025\/10\/21\/syrska-zlocinecka-rodina-dobrovolne-opousti-nemecko-s-odskodnenim-od-statu-pote-co-nahromadila-vice-nez-160-trestnych-cinu\/","title":{"rendered":"Syrsk\u00e1 zlo\u010dineck\u00e1 rodina dobrovoln\u011b opou\u0161t\u00ed N\u011bmecko s od\u0161kodn\u011bn\u00edm od st\u00e1tu pot\u00e9, co nahromadila v\u00edce ne\u017e 160 trestn\u00fdch \u010din\u016f"},"content":{"rendered":"<div id=\"fb-root\"><\/div>\n<h3 class=\"s-tagline fw-tagline\"><span dir=\"auto\">Zlo\u010dineck\u00e1 rodina obdr\u017eela od da\u0148ov\u00fdch poplatn\u00edk\u016f p\u0159es 17 000 eur na dobrovoln\u00fd n\u00e1vrat dom\u016f do S\u00fdrie pot\u00e9, co b\u011bhem sv\u00e9ho pobytu v N\u011bmecku nahromadila v\u00edce ne\u017e 160 trestn\u00fdch \u010din\u016f<\/span><\/h3>\n<p><span dir=\"auto\">Nechvaln\u011b zn\u00e1m\u00e1 syrsk\u00e1 zlo\u010dineck\u00e1 rodina, jej\u00ed\u017e \u010dlenov\u00e9 jsou v N\u011bmecku obvin\u011bni z v\u00edce ne\u017e 160 trestn\u00fdch \u010din\u016f, opustila zemi v r\u00e1mci st\u00e1tem financovan\u00e9ho \u201ekontrolovan\u00e9ho odchodu\u201c, p\u0159i\u010dem\u017e \u00fa\u0159edn\u00edci potvrdili, \u017ee ka\u017ed\u00fd z nich p\u0159ed odjezdem obdr\u017eel platby v hotovosti.<\/span><\/p>\n<p><span dir=\"auto\">Ministerstvo spravedlnosti B\u00e1denska-W\u00fcrttemberska v pond\u011bl\u00ed ozn\u00e1milo, \u017ee se do S\u00fdrie dobrovoln\u011b vr\u00e1tilo 17 \u010dlen\u016f rodiny, z nich\u017e mnoz\u00ed byli policii ji\u017e zn\u00e1m\u00ed. Rodina, p\u016fvodem ze S\u00fdrie, kter\u00e1 do N\u011bmecka p\u0159ijela mezi lety 2015 a 2020, \u017eila ve Stuttgartu a l\u00e9ta terorizovala m\u00edstn\u00ed komunity.<\/span><\/p>\n<p><span dir=\"auto\">Celkov\u00fd po\u010det trestn\u00fdch \u010din\u016f sp\u00e1chan\u00fdch rodinou vy\u0161el najevo po parlamentn\u00edm vy\u0161et\u0159ov\u00e1n\u00ed strany Alternativa pro N\u011bmecko (AfD), kter\u00e9 n\u00e1sledn\u011b v prosinci lo\u0148sk\u00e9ho roku zve\u0159ejnilo zemsk\u00e9 ministerstvo vnitra. Uk\u00e1zalo se, \u017ee \u010dlenov\u00e9 sp\u00e1chali 47 fyzick\u00fdch napaden\u00ed, 11 v\u00fdhr\u016f\u017eek, dv\u011b loupe\u017ee, t\u0159i kr\u00e1de\u017ee souvisej\u00edc\u00ed s loupe\u017e\u00ed a jeden p\u0159\u00edpad pa\u0161ov\u00e1n\u00ed cizinc\u016f, p\u0159i\u010dem\u017e byla p\u0159id\u00e1na i obvin\u011bn\u00ed z pokusu o vra\u017edu.<\/span><\/p>\n<p><span dir=\"auto\">Jedn\u00edm z nejmlad\u0161\u00edch zlo\u010dinc\u016f v rodin\u011b je sedmn\u00e1ctilet\u00fd Khalil H., kter\u00fd sp\u00e1chal 34 trestn\u00fdch \u010din\u016f za pouh\u00e9 dva a p\u016fl roku. Nyn\u00ed si odpyk\u00e1v\u00e1 skute\u010dn\u00fd trest odn\u011bt\u00ed svobody pot\u00e9, co brut\u00e1ln\u011b pobodal mladou \u017eenu. M\u00e1 tak\u00e9 t\u0159i bratry, kte\u0159\u00ed jsou tak\u00e9 ve v\u011bzen\u00ed a v\u0161ichni si odpyk\u00e1vaj\u00ed n\u011bkolikalet\u00e9 tresty.<\/span><\/p>\n<p><span dir=\"auto\">Podle\u00a0<\/span><a href=\"https:\/\/www.focus.de\/panorama\/mehr-als-160-straftaten-kriminelle-grossfamilie-aus-stuttgart-ausgereist_30c44969-2beb-40e4-be29-8ca2817d7ae9.html\"><span dir=\"auto\">agentury Focus<\/span><\/a><span dir=\"auto\">\u00a0opustili zemi za\u010d\u00e1tkem tohoto roku \u010dty\u0159i dal\u0161\u00ed, kte\u0159\u00ed v \u010dervnu a srpnu odlet\u011bli p\u0159\u00edmo z v\u011bzen\u00ed nebo vy\u0161et\u0159ovac\u00ed vazby.\u00a0<\/span><a href=\"https:\/\/www.bild.de\/politik\/inland\/ministerin-erklaert-kriminelle-syrer-familie-hat-deutschland-verlassen-68f5f68cede42d984015eec7\"><span dir=\"auto\">List Bild<\/span><\/a><span dir=\"auto\">\u00a0informoval, \u017ee zb\u00fdvaj\u00edc\u00edch 13 v sobotu nastoupilo na pravideln\u00fd let z leti\u0161t\u011b ve Stuttgartu do Turecka spolu s b\u011b\u017en\u00fdmi cestuj\u00edc\u00edmi, kte\u0159\u00ed netu\u0161ili, \u017ee mezi nimi je n\u011bkolik z\u00e1va\u017en\u00fdch zlo\u010dinc\u016f.<\/span><\/p>\n<p><span dir=\"auto\">Podle ministerstva obdr\u017eel ka\u017ed\u00fd odch\u00e1zej\u00edc\u00ed \u010dlen rodiny v r\u00e1mci n\u011bmeck\u00e9ho programu dobrovoln\u00e9ho n\u00e1vratu v pr\u016fm\u011bru 1 350 eur, co\u017e celkem \u010din\u00ed zhruba 18 000 eur z pen\u011bz da\u0148ov\u00fdch poplatn\u00edk\u016f. \u00da\u0159edn\u00edci argumentovali, \u017ee tento p\u0159\u00edstup je n\u00e1kladov\u011b efektivn\u00ed ve srovn\u00e1n\u00ed s deportac\u00ed, kter\u00e1 v sou\u010dasnosti do S\u00fdrie nen\u00ed mo\u017en\u00e1.<\/span><\/p>\n<p><span dir=\"auto\">St\u00e1tn\u00ed tajemn\u00edk Siegfried Lorek tento krok obhajoval a ozna\u010dil jej za \u201edob\u0159e vynalo\u017een\u00e9 pen\u00edze\u201c. Po m\u011bs\u00edc\u00edch ne\u00fasp\u011b\u0161n\u00fdch jedn\u00e1n\u00ed p\u0159ijal hlava rodiny Almudy H., kter\u00fd je tak\u00e9 odsouzen\u00fdm zlo\u010dincem, nab\u00eddku st\u00e1tu. Vyhl\u00eddka na slou\u010den\u00ed rodiny v S\u00fdrii se stala l\u00e1kav\u011bj\u0161\u00ed pot\u00e9, co se n\u011bkte\u0159\u00ed \u010dlenov\u00e9 ji\u017e vr\u00e1tili a dal\u0161\u00edm po odpyk\u00e1n\u00ed trestu hrozila deportace.<\/span><\/p>\n<p><span dir=\"auto\">Almudy H. d\u0159\u00edve z t\u011bchto zlo\u010din\u016f obvinil n\u011bmeck\u00fd \u00fa\u0159ad pro p\u00e9\u010di o ml\u00e1de\u017e s t\u00edm, \u017ee \u00fa\u0159ad \u201erozmazloval jeho d\u011bti\u201c almu\u017enami, m\u00edsto aby je nechal pracovat a vyd\u011bl\u00e1vat si samy.<\/span><\/p>\n<p><span dir=\"auto\">\u201ePoselstv\u00ed je jasn\u00e9: Ti, kdo p\u00e1chaj\u00ed trestn\u00e9 \u010diny, nemaj\u00ed v N\u011bmecku budoucnost,\u201c \u0159ekl Lorek, co\u017e je pon\u011bkud matouc\u00ed vzhledem k tomu, \u017ee se rodina do sv\u00e9 zem\u011b p\u016fvodu vr\u00e1tila pouze dobrovoln\u011b.<\/span><\/p>\n<p><span dir=\"auto\">Na ot\u00e1zku ohledn\u011b rizika, kter\u00e9 hroz\u00ed rodin\u011b p\u0159i pokusu o op\u011btovn\u00fd vstup do N\u011bmecka, Lorek poznamenal, \u017ee pa\u0161ov\u00e1n\u00ed lid\u00ed obvykle stoj\u00ed kolem 10 000 eur na osobu. \u201eSou\u010dasn\u00e9 financov\u00e1n\u00ed proto nelze k tomuto \u00fa\u010delu pou\u017e\u00edt,\u201c uvedl.<\/span><\/p>\n<p><img decoding=\"async\" loading=\"lazy\" class=\"alignnone size-full wp-image-1185\" src=\"http:\/\/www.infokuryr.cz\/n\/wp-content\/uploads\/2021\/04\/kuryr-podpis.png\" alt=\"\" width=\"84\" height=\"24\" \/><\/p>\n<p>&nbsp;<\/p>\n","protected":false},"excerpt":{"rendered":"<p>Zlo\u010dineck\u00e1 rodina obdr\u017eela od da\u0148ov\u00fdch poplatn\u00edk\u016f p\u0159es 17 000 eur na dobrovoln\u00fd n\u00e1vrat dom\u016f do&#8230;<\/p>\n","protected":false},"author":2,"featured_media":90292,"comment_status":"closed","ping_status":"closed","sticky":false,"template":"","format":"standard","meta":[],"categories":[7],"tags":[369,84,1677],"_links":{"self":[{"href":"https:\/\/www.infokuryr.cz\/n\/wp-json\/wp\/v2\/posts\/90291"}],"collection":[{"href":"https:\/\/www.infokuryr.cz\/n\/wp-json\/wp\/v2\/posts"}],"about":[{"href":"https:\/\/www.infokuryr.cz\/n\/wp-json\/wp\/v2\/types\/post"}],"author":[{"embeddable":true,"href":"https:\/\/www.infokuryr.cz\/n\/wp-json\/wp\/v2\/users\/2"}],"replies":[{"embeddable":true,"href":"https:\/\/www.infokuryr.cz\/n\/wp-json\/wp\/v2\/comments?post=90291"}],"version-history":[{"count":0,"href":"https:\/\/www.infokuryr.cz\/n\/wp-json\/wp\/v2\/posts\/90291\/revisions"}],"wp:featuredmedia":[{"embeddable":true,"href":"https:\/\/www.infokuryr.cz\/n\/wp-json\/wp\/v2\/media\/90292"}],"wp:attachment":[{"href":"https:\/\/www.infokuryr.cz\/n\/wp-json\/wp\/v2\/media?parent=90291"}],"wp:term":[{"taxonomy":"category","embeddable":true,"href":"https:\/\/www.infokuryr.cz\/n\/wp-json\/wp\/v2\/categories?post=90291"},{"taxonomy":"post_tag","embeddable":true,"href":"https:\/\/www.infokuryr.cz\/n\/wp-json\/wp\/v2\/tags?post=90291"}],"curies":[{"name":"wp","href":"https:\/\/api.w.org\/{rel}","templated":true}]}}